{"id":1854,"date":"2025-12-25T10:54:58","date_gmt":"2025-12-25T13:54:58","guid":{"rendered":"https:\/\/correiodoestadogama.audiencelabs.com.br\/?p=1854"},"modified":"2025-12-25T10:55:02","modified_gmt":"2025-12-25T13:55:02","slug":"la-carne-de-los-pobres-esta-planta-tiene-mas-proteinas-que-los-frijoles","status":"publish","type":"post","link":"https:\/\/correiodoestadogama.audiencelabs.com.br\/la-carne-de-los-pobres-esta-planta-tiene-mas-proteinas-que-los-frijoles\/","title":{"rendered":"La carne de los pobres: Esta planta tiene m\u00e1s prote\u00ednas que los frijoles"},"content":{"rendered":"\n<p>Durante generaciones, una planta de hojas verdes y suculentas creci\u00f3 en silencio sobre las cercas de piedra y los muros de los patios traseros en el coraz\u00f3n de Brasil. Para el transe\u00fante desprevenido, no era m\u00e1s que una enredadera espinosa que adornaba el paisaje rural de Minas Gerais. Sin embargo, para las familias que luchaban contra la escasez, esa planta representaba la diferencia entre la desnutrici\u00f3n y la fortaleza. Se trata del ora-pro-n\u00f3bis, una especie cuyo nombre en lat\u00edn significa \u00abruega por nosotros\u00bb y que, debido a su asombroso valor nutricional, se gan\u00f3 el apodo de carne de los pobres.<\/p>\n\n\n\n<p>Este apelativo, lejos de ser despectivo, naci\u00f3 del respeto y la necesidad. En \u00e9pocas donde el acceso a la prote\u00edna animal era un lujo inalcanzable para muchos, el ora-pro-n\u00f3bis se convirti\u00f3 en el guardi\u00e1n de la salud popular. Sus hojas esconden un contenido proteico inusual para cualquier vegetal de hoja verde, superando incluso a alimentos b\u00e1sicos como los frijoles en t\u00e9rminos de concentraci\u00f3n de amino\u00e1cidos esenciales. No es solo una verdura; es un concentrado biol\u00f3gico de hierro, calcio, fibra y vitaminas que ha sustentado la vida en las zonas m\u00e1s humildes del pa\u00eds durante siglos.<\/p>\n\n\n\n<p>Lo que hace que esta planta sea una joya de la gastronom\u00eda funcional es su incre\u00edble versatilidad y su sabor suave, que no compite con otros ingredientes, sino que los potencia. Al cocinarse, adquiere una textura tierna que la hace ideal para integrarse en guisos de pollo, mezclarse con arroz o simplemente saltearse con ajo y cebolla. Su preparaci\u00f3n m\u00e1s tradicional es de una sencillez conmovedora: basta con calentar un poco de aceite de oliva, dorar los condimentos y a\u00f1adir las hojas picadas hasta que se ablanden. En pocos minutos, lo que naci\u00f3 en una pared se transforma en un banquete nutritivo que no requiere de grandes presupuestos.<\/p>\n\n\n\n<p>En el contexto actual de 2025, donde la b\u00fasqueda de alternativas sostenibles a la carne es una prioridad global, el ora-pro-n\u00f3bis est\u00e1 viviendo un renacimiento dorado. Ya no se ve \u00fanicamente como un recurso de supervivencia, sino como un superalimento valorado por chefs y nutricionistas de todo el mundo. Su facilidad de cultivo es otro de sus grandes atractivos, ya que crece con vigor en diversos climas, resiste las sequ\u00edas y requiere cuidados m\u00ednimos, convirti\u00e9ndose en una opci\u00f3n perfecta para los huertos urbanos y la agricultura familiar regenerativa.<\/p>\n\n\n\n<p>Recuperar el consumo de esta planta trepadora es, en esencia, un acto de inteligencia y respeto por el conocimiento ancestral. Es entender que la naturaleza a menudo coloca las soluciones m\u00e1s potentes justo frente a nuestros ojos, disfrazadas de maleza com\u00fan. El ora-pro-n\u00f3bis nos ense\u00f1a que la verdadera riqueza nutricional no siempre viene envuelta en etiquetas costosas, sino que puede encontrarse en una hoja verde que, fiel a su nombre, sigue respondiendo a las plegarias de quienes buscan salud y sustento directamente de la tierra.<\/p>\n","protected":false},"excerpt":{"rendered":"<p>Durante generaciones, una planta de hojas verdes y suculentas creci\u00f3 en silencio sobre las cercas de piedra y los muros de los patios traseros en el coraz\u00f3n de Brasil. Para el transe\u00fante desprevenido, no era m\u00e1s que una enredadera espinosa que adornaba el paisaje rural de Minas Gerais. Sin embargo, para las familias que luchaban [&hellip;]<\/p>\n","protected":false},"author":4,"featured_media":1855,"comment_status":"open","ping_status":"open","sticky":false,"template":"","format":"standard","meta":{"jnews-multi-image_gallery":[],"jnews_single_post":{"format":"standard"},"jnews_primary_category":[],"jnews_social_meta":[],"jnews_post_split":[],"footnotes":""},"categories":[1],"tags":[613,791],"class_list":["post-1854","post","type-post","status-publish","format-standard","has-post-thumbnail","hentry","category-gama","tag-planta","tag-proteinas"],"_links":{"self":[{"href":"https:\/\/correiodoestadogama.audiencelabs.com.br\/wp-json\/wp\/v2\/posts\/1854","targetHints":{"allow":["GET"]}}],"collection":[{"href":"https:\/\/correiodoestadogama.audiencelabs.com.br\/wp-json\/wp\/v2\/posts"}],"about":[{"href":"https:\/\/correiodoestadogama.audiencelabs.com.br\/wp-json\/wp\/v2\/types\/post"}],"author":[{"embeddable":true,"href":"https:\/\/correiodoestadogama.audiencelabs.com.br\/wp-json\/wp\/v2\/users\/4"}],"replies":[{"embeddable":true,"href":"https:\/\/correiodoestadogama.audiencelabs.com.br\/wp-json\/wp\/v2\/comments?post=1854"}],"version-history":[{"count":1,"href":"https:\/\/correiodoestadogama.audiencelabs.com.br\/wp-json\/wp\/v2\/posts\/1854\/revisions"}],"predecessor-version":[{"id":1856,"href":"https:\/\/correiodoestadogama.audiencelabs.com.br\/wp-json\/wp\/v2\/posts\/1854\/revisions\/1856"}],"wp:featuredmedia":[{"embeddable":true,"href":"https:\/\/correiodoestadogama.audiencelabs.com.br\/wp-json\/wp\/v2\/media\/1855"}],"wp:attachment":[{"href":"https:\/\/correiodoestadogama.audiencelabs.com.br\/wp-json\/wp\/v2\/media?parent=1854"}],"wp:term":[{"taxonomy":"category","embeddable":true,"href":"https:\/\/correiodoestadogama.audiencelabs.com.br\/wp-json\/wp\/v2\/categories?post=1854"},{"taxonomy":"post_tag","embeddable":true,"href":"https:\/\/correiodoestadogama.audiencelabs.com.br\/wp-json\/wp\/v2\/tags?post=1854"}],"curies":[{"name":"wp","href":"https:\/\/api.w.org\/{rel}","templated":true}]}}