{"id":1860,"date":"2025-12-25T12:12:00","date_gmt":"2025-12-25T15:12:00","guid":{"rendered":"https:\/\/correiodoestadogama.audiencelabs.com.br\/?p=1860"},"modified":"2025-12-25T11:42:57","modified_gmt":"2025-12-25T14:42:57","slug":"el-champu-de-ajo-casero-para-quienes-sufren-perdida-de-cabello","status":"publish","type":"post","link":"https:\/\/correiodoestadogama.audiencelabs.com.br\/el-champu-de-ajo-casero-para-quienes-sufren-perdida-de-cabello\/","title":{"rendered":"El champ\u00fa de ajo casero para quienes sufren p\u00e9rdida de cabello"},"content":{"rendered":"\n<p>El reflejo en el espejo durante el cepillado matutino suele traer consigo una preocupaci\u00f3n silenciosa pero persistente: el debilitamiento de las hebras y la p\u00e9rdida de volumen. En un mundo saturado de productos qu\u00edmicos y promesas industriales, un antiguo aliado de la cocina est\u00e1 regresando a los cuartos de ba\u00f1o para ofrecer una soluci\u00f3n profunda y natural. El ajo, ese ingrediente humilde y de aroma penetrante, oculta en su estructura un compuesto llamado alicina, cuya potencia biol\u00f3gica est\u00e1 transformando la rutina de quienes buscan fortalecer su melena desde la ra\u00edz.<\/p>\n\n\n\n<p>La ciencia detr\u00e1s de este remedio casero no es cuesti\u00f3n de magia, sino de salud dermatol\u00f3gica. La alicina posee propiedades antibacterianas y antif\u00fangicas que act\u00faan como una limpieza intensiva para el cuero cabelludo. Al eliminar la acumulaci\u00f3n de grasa, residuos y microorganismos que obstruyen los poros, se crea un entorno \u00f3ptimo para que los fol\u00edculos pilosos respiren y se nutran. Cuando el ajo se combina con el aceite de oliva virgen extra, la f\u00f3rmula se equilibra perfectamente. Mientras el ajo purifica, el aceite act\u00faa como un escudo hidratante que reduce el encrespamiento y evita la rotura, aportando los antioxidantes necesarios para que el cabello nuevo crezca con mayor resistencia.<\/p>\n\n\n\n<p>Crear este t\u00f3nico en casa es un proceso casi artesanal que requiere paciencia y cuidado. El secreto reside en la frescura de los elementos. Se comienza seleccionando entre diez y quince dientes de ajo blanco, los cuales deben ser lavados y secados meticulosamente para evitar la proliferaci\u00f3n de humedad. Al procesarlos hasta obtener una pasta espesa y homog\u00e9nea, se libera todo su potencial activo. El siguiente paso consiste en integrar una cucharada de aceite de oliva, batiendo la mezcla hasta lograr una emulsi\u00f3n cremosa. Finalmente, este concentrado se a\u00f1ade a una botella de champ\u00fa neutro o suave, preferiblemente libre de sulfatos, agitando con vigor para que los nutrientes se distribuyan de manera uniforme.<\/p>\n\n\n\n<p>La aplicaci\u00f3n de este champ\u00fa debe ser una experiencia de observaci\u00f3n y respeto por la propia piel. Debido a la potencia de sus ingredientes naturales, no se recomienda su uso diario, sino una frecuencia de dos a tres veces por semana. Es fundamental realizar una peque\u00f1a prueba de sensibilidad en una zona discreta antes de proceder a un lavado completo, asegurando que el cuero cabelludo tolere bien la actividad de la alicina. Con el paso de las semanas, quienes adoptan este h\u00e1bito suelen notar un cabello con m\u00e1s cuerpo, un brillo moderado y una notable disminuci\u00f3n en la ca\u00edda provocada por la fragilidad.<\/p>\n\n\n\n<p>Sin embargo, es vital recordar que el cabello es el term\u00f3metro de nuestra salud interna. Si bien este champ\u00fa de ajo es un complemento poderoso para fortalecer la estructura externa, factores como el estr\u00e9s, la dieta y los equilibrios hormonales juegan un papel determinante. Utilizar este remedio es abrazar una filosof\u00eda de cuidado m\u00e1s consciente y natural, devolvi\u00e9ndole al cuerpo la simplicidad de los ingredientes de la tierra. La naturaleza ofrece las herramientas; solo hace falta el conocimiento para transformarlas en salud.<\/p>\n","protected":false},"excerpt":{"rendered":"<p>El reflejo en el espejo durante el cepillado matutino suele traer consigo una preocupaci\u00f3n silenciosa pero persistente: el debilitamiento de las hebras y la p\u00e9rdida de volumen. En un mundo saturado de productos qu\u00edmicos y promesas industriales, un antiguo aliado de la cocina est\u00e1 regresando a los cuartos de ba\u00f1o para ofrecer una soluci\u00f3n profunda [&hellip;]<\/p>\n","protected":false},"author":4,"featured_media":1861,"comment_status":"open","ping_status":"open","sticky":false,"template":"","format":"standard","meta":{"jnews-multi-image_gallery":[],"jnews_single_post":{"format":"standard"},"jnews_primary_category":[],"jnews_social_meta":[],"jnews_post_split":[],"footnotes":""},"categories":[1],"tags":[776,119,794,120,440],"class_list":["post-1860","post","type-post","status-publish","format-standard","has-post-thumbnail","hentry","category-gama","tag-calvicie","tag-champu","tag-perdida-de-cabello","tag-shampoo","tag-truco-casero"],"_links":{"self":[{"href":"https:\/\/correiodoestadogama.audiencelabs.com.br\/wp-json\/wp\/v2\/posts\/1860","targetHints":{"allow":["GET"]}}],"collection":[{"href":"https:\/\/correiodoestadogama.audiencelabs.com.br\/wp-json\/wp\/v2\/posts"}],"about":[{"href":"https:\/\/correiodoestadogama.audiencelabs.com.br\/wp-json\/wp\/v2\/types\/post"}],"author":[{"embeddable":true,"href":"https:\/\/correiodoestadogama.audiencelabs.com.br\/wp-json\/wp\/v2\/users\/4"}],"replies":[{"embeddable":true,"href":"https:\/\/correiodoestadogama.audiencelabs.com.br\/wp-json\/wp\/v2\/comments?post=1860"}],"version-history":[{"count":1,"href":"https:\/\/correiodoestadogama.audiencelabs.com.br\/wp-json\/wp\/v2\/posts\/1860\/revisions"}],"predecessor-version":[{"id":1862,"href":"https:\/\/correiodoestadogama.audiencelabs.com.br\/wp-json\/wp\/v2\/posts\/1860\/revisions\/1862"}],"wp:featuredmedia":[{"embeddable":true,"href":"https:\/\/correiodoestadogama.audiencelabs.com.br\/wp-json\/wp\/v2\/media\/1861"}],"wp:attachment":[{"href":"https:\/\/correiodoestadogama.audiencelabs.com.br\/wp-json\/wp\/v2\/media?parent=1860"}],"wp:term":[{"taxonomy":"category","embeddable":true,"href":"https:\/\/correiodoestadogama.audiencelabs.com.br\/wp-json\/wp\/v2\/categories?post=1860"},{"taxonomy":"post_tag","embeddable":true,"href":"https:\/\/correiodoestadogama.audiencelabs.com.br\/wp-json\/wp\/v2\/tags?post=1860"}],"curies":[{"name":"wp","href":"https:\/\/api.w.org\/{rel}","templated":true}]}}