{"id":10277,"date":"2025-09-15T17:23:00","date_gmt":"2025-09-15T20:23:00","guid":{"rendered":"https:\/\/correiodoestado.audiencelabs.com.br\/?p=10277"},"modified":"2025-09-15T10:56:40","modified_gmt":"2025-09-15T13:56:40","slug":"lei-confirma-regras-para-transportar-criancas-em-cadeirinhas-no-carro","status":"publish","type":"post","link":"https:\/\/correiodoestado.audiencelabs.com.br\/lei-confirma-regras-para-transportar-criancas-em-cadeirinhas-no-carro\/","title":{"rendered":"Lei confirma regras para transportar crian\u00e7as em cadeirinhas no carro"},"content":{"rendered":"\n<p>O Conselho Nacional de Tr\u00e2nsito (Cotran), disp\u00f4s, em 2021, nova regra referente ao transporte de crian\u00e7as com idade inferior a 10 anos e que n\u00e3o tenham atingido 1,45 metros de altura. A legisla\u00e7\u00e3o exige a obrigatoriedade do uso de dispositivos de reten\u00e7\u00e3o, tais como cadeirinhas, beb\u00ea conforto e assentos de eleva\u00e7\u00e3o. <\/p>\n\n\n\n<p>A fim de garantir uma seguran\u00e7a maior para as crian\u00e7as, a resolu\u00e7\u00e3o Cotran N\u00ba 819, de 17 de mar\u00e7o de 2021, estabelece regras para cada tipo de passageiro. Aos beb\u00eas de at\u00e9 1 ano ou at\u00e9 13kg, faz-se necess\u00e1rio o uso de beb\u00ea conforto no carro. Por sua vez, indiv\u00edduos entre 1 e 4 anos, ou com peso entre 9 e 18 kg, devem usar cadeirinhas adequadas. <\/p>\n\n\n\n<figure class=\"wp-block-image size-large\"><img loading=\"lazy\" decoding=\"async\" width=\"1024\" height=\"613\" src=\"https:\/\/correiodoestado.audiencelabs.com.br\/wp-content\/uploads\/2025\/09\/cadeirinhas-1024x613.webp\" alt=\"\" class=\"wp-image-10278\" srcset=\"https:\/\/correiodoestado.audiencelabs.com.br\/wp-content\/uploads\/2025\/09\/cadeirinhas-1024x613.webp 1024w, https:\/\/correiodoestado.audiencelabs.com.br\/wp-content\/uploads\/2025\/09\/cadeirinhas-300x179.webp 300w, https:\/\/correiodoestado.audiencelabs.com.br\/wp-content\/uploads\/2025\/09\/cadeirinhas-768x459.webp 768w, https:\/\/correiodoestado.audiencelabs.com.br\/wp-content\/uploads\/2025\/09\/cadeirinhas-750x449.webp 750w, https:\/\/correiodoestado.audiencelabs.com.br\/wp-content\/uploads\/2025\/09\/cadeirinhas-1140x682.webp 1140w, https:\/\/correiodoestado.audiencelabs.com.br\/wp-content\/uploads\/2025\/09\/cadeirinhas.webp 1170w\" sizes=\"auto, (max-width: 1024px) 100vw, 1024px\" \/><figcaption class=\"wp-element-caption\">Cr\u00e9ditos: Arquivo\/Ag\u00eancia Brasil<\/figcaption><\/figure>\n\n\n\n<p>As crian\u00e7as de 4 a 7 anos e meio, com altura inferior a 1,45 metro e peso entre 15 e 36 kg, precisam usar o assento de eleva\u00e7\u00e3o de modo obrigat\u00f3rio. Por fim, mas n\u00e3o menos importante, aquelas com idade superior a 7 anos e meio ou com altura superior a 1,45 metro, est\u00e3o liberadas das modalidades citadas, mas devem utilizar o cinco de seguran\u00e7a.<\/p>\n\n\n\n<p>Um outro fator que merece destaque \u00e9 que crian\u00e7as com menos de 10 anos n\u00e3o podem ser realocadas ao banco da frente, exceto em situa\u00e7\u00f5es espec\u00edficas como ve\u00edculos sem banco traseiro, com bancos traseiros ocupados por crian\u00e7as menores de 10 anos ou com cintos subabdominais nos bancos traseiros. \u00c9 recomendado garantir a seguran\u00e7a dos passageiros analisando as seguintes etapas:<\/p>\n\n\n\n<ul class=\"wp-block-list\">\n<li>Respeitando a idade, o peso e o limite m\u00e1ximo definido pelo fabricante de cada tipo de cadeirinha;<\/li>\n\n\n\n<li>Certificando-se quanto \u00e0 qualidade da cadeirinha, verificando se ela est\u00e1 em perfeito estado e funcionando corretamente;<\/li>\n\n\n\n<li>Usando o equipamento sempre, independentemente da dist\u00e2ncia a ser percorrida;<\/li>\n\n\n\n<li>Garantindo a correta fixa\u00e7\u00e3o da cadeirinha, certificando-se de que ela est\u00e1 bem presa ao ve\u00edculo;<\/li>\n\n\n\n<li>Em caso de comprar de uma cadeirinha usada, verificar se todas as partes s\u00e3o originais, estando atento a poss\u00edveis desgastes que possam comprometer a seguran\u00e7a do seu filho.<\/li>\n<\/ul>\n\n\n\n<h2 class=\"wp-block-heading\">Penalidades aos motoristas<\/h2>\n\n\n\n<p>Pais e respons\u00e1veis devem ficar atentos aos limites de peso definidos pelos fabricantes dos dispositivos de transporte. Al\u00e9m de risco \u00e0 seguran\u00e7a da crian\u00e7a, o translado inadequado \u00e9 considerado uma infra\u00e7\u00e3o grav\u00edssima, com perda de sete pontos na <a href=\"https:\/\/correiodoestado.com.br\/mix\/doencas-que-bloqueiam-o-direito-de-dirigir-e-a-cnh\/\" target=\"_blank\" rel=\"noopener\">Carteira Nacional de Habilita\u00e7\u00e3o (CNH)<\/a>. Nesse \u00ednterim, a multa para quem desrespeitar a lei \u00e9 de R$293,47, podendo ainda haver reten\u00e7\u00e3o do ve\u00edculo.<\/p>\n","protected":false},"excerpt":{"rendered":"<p>Conselho Nacional de Tr\u00e2nsito (Cotran) disp\u00f5e de regras para transportar crian\u00e7as no carro, podendo acarretar em multa e reten\u00e7\u00e3o do ve\u00edculo<\/p>\n","protected":false},"author":8,"featured_media":10279,"comment_status":"open","ping_status":"open","sticky":false,"template":"","format":"standard","meta":{"jnews-multi-image_gallery":[],"jnews_single_post":{"format":"standard"},"jnews_primary_category":[],"jnews_social_meta":[],"footnotes":""},"categories":[1],"tags":[],"class_list":["post-10277","post","type-post","status-publish","format-standard","has-post-thumbnail","hentry","category-mix"],"_links":{"self":[{"href":"https:\/\/correiodoestado.audiencelabs.com.br\/wp-json\/wp\/v2\/posts\/10277","targetHints":{"allow":["GET"]}}],"collection":[{"href":"https:\/\/correiodoestado.audiencelabs.com.br\/wp-json\/wp\/v2\/posts"}],"about":[{"href":"https:\/\/correiodoestado.audiencelabs.com.br\/wp-json\/wp\/v2\/types\/post"}],"author":[{"embeddable":true,"href":"https:\/\/correiodoestado.audiencelabs.com.br\/wp-json\/wp\/v2\/users\/8"}],"replies":[{"embeddable":true,"href":"https:\/\/correiodoestado.audiencelabs.com.br\/wp-json\/wp\/v2\/comments?post=10277"}],"version-history":[{"count":1,"href":"https:\/\/correiodoestado.audiencelabs.com.br\/wp-json\/wp\/v2\/posts\/10277\/revisions"}],"predecessor-version":[{"id":10280,"href":"https:\/\/correiodoestado.audiencelabs.com.br\/wp-json\/wp\/v2\/posts\/10277\/revisions\/10280"}],"wp:featuredmedia":[{"embeddable":true,"href":"https:\/\/correiodoestado.audiencelabs.com.br\/wp-json\/wp\/v2\/media\/10279"}],"wp:attachment":[{"href":"https:\/\/correiodoestado.audiencelabs.com.br\/wp-json\/wp\/v2\/media?parent=10277"}],"wp:term":[{"taxonomy":"category","embeddable":true,"href":"https:\/\/correiodoestado.audiencelabs.com.br\/wp-json\/wp\/v2\/categories?post=10277"},{"taxonomy":"post_tag","embeddable":true,"href":"https:\/\/correiodoestado.audiencelabs.com.br\/wp-json\/wp\/v2\/tags?post=10277"}],"curies":[{"name":"wp","href":"https:\/\/api.w.org\/{rel}","templated":true}]}}