{"id":10487,"date":"2025-09-16T10:19:00","date_gmt":"2025-09-16T13:19:00","guid":{"rendered":"https:\/\/correiodoestado.audiencelabs.com.br\/?p=10487"},"modified":"2025-09-16T09:57:01","modified_gmt":"2025-09-16T12:57:01","slug":"fim-de-uma-era-rede-tradicional-e-supermercados-fecha-ultimas-unidades-em-setembro","status":"publish","type":"post","link":"https:\/\/correiodoestado.audiencelabs.com.br\/fim-de-uma-era-rede-tradicional-e-supermercados-fecha-ultimas-unidades-em-setembro\/","title":{"rendered":"Fim de uma era: Rede tradicional e supermercados fecha \u00faltimas unidades em setembro"},"content":{"rendered":"\n<p>Adquirida pelo Carrefour em 2022, a <a href=\"https:\/\/correiodoestado.com.br\/mix\/supermercado-da-russia-com-precos-baratinhos-chega-ao-brasil-chutando-a-porta-com-50-unidades\/\" target=\"_blank\" rel=\"noopener\">rede de supermercados<\/a> Nacional encerraria todas as suas atividades at\u00e9 junho deste ano. No entanto, somente neste m\u00eas ser\u00e3o fechadas todas as quatro unidades presentes no Rio Grande do Sul ap\u00f3s tr\u00eas d\u00e9cadas de opera\u00e7\u00e3o, com direito a liquida\u00e7\u00e3o para escoar estoques. A medida \u00e9 uma reorienta\u00e7\u00e3o do neg\u00f3cio para formatos de maior escala, como\u00a0Atacad\u00e3o\u00a0e\u00a0Sam\u2019s Club.<\/p>\n\n\n\n<p>De acordo com reportagem publicada pelo jornal\u00a0Zero Hora, o\u00a0Nacional do Jardim Leopoldina, em Porto Alegre, tem\u00a0fechamento previsto para 30 de setembro. Em\u00a0Montenegro, a opera\u00e7\u00e3o encerrou as vendas com liquida\u00e7\u00e3o total e desativa\u00e7\u00e3o marcada em meados de setembro. Por outro lado, nas unidades de\u00a0Santa Maria\u00a0e\u00a0Santa Cruz do Sul, o encerramento est\u00e1 programado para os pr\u00f3ximos dias.<\/p>\n\n\n\n<figure class=\"wp-block-image size-full\"><img decoding=\"async\" src=\"https:\/\/correiodoestado.audiencelabs.com.br\/wp-content\/uploads\/2025\/09\/supermercado-nacional.jpeg\" alt=\"\" class=\"wp-image-10488\" \/><figcaption class=\"wp-element-caption\">Cr\u00e9ditos: Rafael Maia \/ Tribuna do Paran\u00e1<\/figcaption><\/figure>\n\n\n\n<p>A t\u00edtulo de compreens\u00e3o, todas as 47 lojas do Nacional estavam \u00e0 venda, sendo que 39 ficavam no Rio Grande do Sul. Nesse intervalo, as unidades de supermercados que n\u00e3o fossem compradas teriam as atividades encerradas ou seriam transformadas em Carrefour. A ideia do grupo franc\u00eas \u00e9  se concentrar em empreendimentos grandes e com menor custo.<\/p>\n\n\n\n<h2 class=\"wp-block-heading\">Fechamentos dos supermercados em RS<\/h2>\n\n\n\n<p>A primeira loja fechada foi a de Montenegro. Com mais de 30 anos de opera\u00e7\u00e3o, a unidade liquidou todos os seus produtos. No local, ser\u00e1 aberta a rede Mombach, que j\u00e1 possui tr\u00eas filiais na cidade. A pr\u00f3xima que deve dar adeus ao com\u00e9rcio \u00e9 a de Santa Cruz do Sul, com data prevista para 21 de setembro. Segundo o Sindicato dos Comerci\u00e1rios, assumir\u00e1 o ponto a rede de supermercados Nicolini.<\/p>\n\n\n\n<p>Seguindo o roteiro previsto, a unidade de Santa Maria fechar\u00e1 suas portas em 28 de setembro, com a demiss\u00e3o de 60 trabalhadores assinada. O ponto foi negociado tamb\u00e9m com a rede Nicolini. Por fim, o supermercado de Porto Alegre ser\u00e1 o \u00faltimo Nacional fechado. Em resumo, a unidade Jardim Leopoldina emprega cerca de 50 a 70 trabalhadores, mas fechar\u00e1 no \u00faltimo dia deste m\u00eas.<\/p>\n","protected":false},"excerpt":{"rendered":"<p>Ap\u00f3s negocia\u00e7\u00e3o com o Carrefour, rede de supermercados decreta fechamento de suas unidades at\u00e9 o final do m\u00eas de setembro. Entenda;<\/p>\n","protected":false},"author":8,"featured_media":0,"comment_status":"open","ping_status":"open","sticky":false,"template":"","format":"standard","meta":{"jnews-multi-image_gallery":[],"jnews_single_post":{"format":"standard"},"jnews_primary_category":[],"jnews_social_meta":[],"footnotes":""},"categories":[1],"tags":[],"class_list":["post-10487","post","type-post","status-publish","format-standard","hentry","category-mix"],"_links":{"self":[{"href":"https:\/\/correiodoestado.audiencelabs.com.br\/wp-json\/wp\/v2\/posts\/10487","targetHints":{"allow":["GET"]}}],"collection":[{"href":"https:\/\/correiodoestado.audiencelabs.com.br\/wp-json\/wp\/v2\/posts"}],"about":[{"href":"https:\/\/correiodoestado.audiencelabs.com.br\/wp-json\/wp\/v2\/types\/post"}],"author":[{"embeddable":true,"href":"https:\/\/correiodoestado.audiencelabs.com.br\/wp-json\/wp\/v2\/users\/8"}],"replies":[{"embeddable":true,"href":"https:\/\/correiodoestado.audiencelabs.com.br\/wp-json\/wp\/v2\/comments?post=10487"}],"version-history":[{"count":1,"href":"https:\/\/correiodoestado.audiencelabs.com.br\/wp-json\/wp\/v2\/posts\/10487\/revisions"}],"predecessor-version":[{"id":10489,"href":"https:\/\/correiodoestado.audiencelabs.com.br\/wp-json\/wp\/v2\/posts\/10487\/revisions\/10489"}],"wp:attachment":[{"href":"https:\/\/correiodoestado.audiencelabs.com.br\/wp-json\/wp\/v2\/media?parent=10487"}],"wp:term":[{"taxonomy":"category","embeddable":true,"href":"https:\/\/correiodoestado.audiencelabs.com.br\/wp-json\/wp\/v2\/categories?post=10487"},{"taxonomy":"post_tag","embeddable":true,"href":"https:\/\/correiodoestado.audiencelabs.com.br\/wp-json\/wp\/v2\/tags?post=10487"}],"curies":[{"name":"wp","href":"https:\/\/api.w.org\/{rel}","templated":true}]}}