{"id":10528,"date":"2025-09-17T11:17:00","date_gmt":"2025-09-17T14:17:00","guid":{"rendered":"https:\/\/correiodoestado.audiencelabs.com.br\/?p=10528"},"modified":"2025-09-16T12:28:14","modified_gmt":"2025-09-16T15:28:14","slug":"empresa-vai-lancar-credito-para-entregadores-comprarem-novos-veiculos-que-reduzem-os-custos-em-ate-60","status":"publish","type":"post","link":"https:\/\/correiodoestado.audiencelabs.com.br\/empresa-vai-lancar-credito-para-entregadores-comprarem-novos-veiculos-que-reduzem-os-custos-em-ate-60\/","title":{"rendered":"Empresa vai lan\u00e7ar cr\u00e9dito para entregadores comprarem novos ve\u00edculos que reduzem os custos em at\u00e9 60%"},"content":{"rendered":"\n<p>A 99, controlada pela chinesa DiDi, anunciou um investimento de R$ 6 bilh\u00f5es para financiar a transi\u00e7\u00e3o de entregadores brasileiros para motos e bicicletas el\u00e9tricas. O programa tem alcance nacional e deve beneficiar at\u00e9 600 mil trabalhadores nos pr\u00f3ximos tr\u00eas a cinco anos.<\/p>\n\n\n\n<p>O an\u00fancio foi feito em Bras\u00edlia, durante encontro entre o CEO da DiDi, Will Cheng, e o presidente Luiz In\u00e1cio Lula da Silva. Paralelamente, a companhia confirmou que vai dobrar os aportes na vertical 99Food, totalizando R$ 2 bilh\u00f5es at\u00e9 junho de 2026. A meta \u00e9 expandir opera\u00e7\u00f5es para 15 cidades at\u00e9 o fim de 2025 e 20 at\u00e9 janeiro de 2026.<\/p>\n\n\n\n<p>Al\u00e9m do impacto positivo na agenda clim\u00e1tica, os ve\u00edculos el\u00e9tricos oferecem redu\u00e7\u00e3o de custos com abastecimento e manuten\u00e7\u00e3o em at\u00e9 60%, o que se traduz em maior rentabilidade para os entregadores parceiros.<\/p>\n\n\n\n<figure class=\"wp-block-gallery has-nested-images columns-default is-cropped wp-block-gallery-1 is-layout-flex wp-block-gallery-is-layout-flex\">\n<figure class=\"wp-block-image size-large\"><img loading=\"lazy\" decoding=\"async\" width=\"900\" height=\"600\" data-id=\"10531\" src=\"https:\/\/correiodoestado.audiencelabs.com.br\/wp-content\/uploads\/2025\/09\/shutterstock_2108415785.jpg\" alt=\"\" class=\"wp-image-10531\" srcset=\"https:\/\/correiodoestado.audiencelabs.com.br\/wp-content\/uploads\/2025\/09\/shutterstock_2108415785.jpg 900w, https:\/\/correiodoestado.audiencelabs.com.br\/wp-content\/uploads\/2025\/09\/shutterstock_2108415785-300x200.jpg 300w, https:\/\/correiodoestado.audiencelabs.com.br\/wp-content\/uploads\/2025\/09\/shutterstock_2108415785-768x512.jpg 768w, https:\/\/correiodoestado.audiencelabs.com.br\/wp-content\/uploads\/2025\/09\/shutterstock_2108415785-750x500.jpg 750w\" sizes=\"auto, (max-width: 900px) 100vw, 900px\" \/><figcaption class=\"wp-element-caption\">Cr\u00e9ditos: Shutterstock<\/figcaption><\/figure>\n<\/figure>\n\n\n\n<h2 class=\"wp-block-heading\">Linhas de cr\u00e9dito e parcerias estrat\u00e9gicas<\/h2>\n\n\n\n<p>O programa contempla motos el\u00e9tricas com financiamento e loca\u00e7\u00e3o em parceria com Galgo, Riba e Vammo. Os modelos j\u00e1 est\u00e3o dispon\u00edveis em S\u00e3o Paulo e Bel\u00e9m, cidade que sediar\u00e1 a COP30, e devem se tornar a principal alavanca do pacote bilion\u00e1rio.&nbsp;<\/p>\n\n\n\n<p>Para bicicletas el\u00e9tricas, a 99 fechou acordos com Bebike, Bliv e Riba, iniciando um projeto-piloto em S\u00e3o Paulo com 500 unidades e previs\u00e3o de alcan\u00e7ar 10 mil entregadores em 18 meses.<\/p>\n\n\n\n<p>A companhia tamb\u00e9m firmou parceria com a Yadea, maior fabricante mundial de motocicletas el\u00e9tricas, para desenvolver ve\u00edculos adaptados \u00e0s necessidades do mercado brasileiro de entregas.&nbsp;<\/p>\n\n\n\n<p>A medida da 99 ocorre em um contexto de competi\u00e7\u00e3o acirrada no setor. Recentemente, o iFood firmou parceria com a Mottu, permitindo que entregadores aluguem motos a partir de R$ 19 por dia, com ganhos extras de at\u00e9 R$ 350 mensais e suporte operacional.&nbsp;<\/p>\n","protected":false},"excerpt":{"rendered":"<p>A 99, controlada pela chinesa DiDi, anunciou um investimento de R$ 6 bilh\u00f5es para financiar a transi\u00e7\u00e3o de entregadores brasileiros para motos e bicicletas el\u00e9tricas. O programa tem alcance nacional e deve beneficiar at\u00e9 600 mil trabalhadores nos pr\u00f3ximos tr\u00eas a cinco anos. O an\u00fancio foi feito em Bras\u00edlia, durante encontro entre o CEO da [&hellip;]<\/p>\n","protected":false},"author":12,"featured_media":10530,"comment_status":"open","ping_status":"open","sticky":false,"template":"","format":"standard","meta":{"jnews-multi-image_gallery":[],"jnews_single_post":{"format":"standard"},"jnews_primary_category":[],"jnews_social_meta":[],"footnotes":""},"categories":[1],"tags":[],"class_list":["post-10528","post","type-post","status-publish","format-standard","has-post-thumbnail","hentry","category-mix"],"_links":{"self":[{"href":"https:\/\/correiodoestado.audiencelabs.com.br\/wp-json\/wp\/v2\/posts\/10528","targetHints":{"allow":["GET"]}}],"collection":[{"href":"https:\/\/correiodoestado.audiencelabs.com.br\/wp-json\/wp\/v2\/posts"}],"about":[{"href":"https:\/\/correiodoestado.audiencelabs.com.br\/wp-json\/wp\/v2\/types\/post"}],"author":[{"embeddable":true,"href":"https:\/\/correiodoestado.audiencelabs.com.br\/wp-json\/wp\/v2\/users\/12"}],"replies":[{"embeddable":true,"href":"https:\/\/correiodoestado.audiencelabs.com.br\/wp-json\/wp\/v2\/comments?post=10528"}],"version-history":[{"count":1,"href":"https:\/\/correiodoestado.audiencelabs.com.br\/wp-json\/wp\/v2\/posts\/10528\/revisions"}],"predecessor-version":[{"id":10532,"href":"https:\/\/correiodoestado.audiencelabs.com.br\/wp-json\/wp\/v2\/posts\/10528\/revisions\/10532"}],"wp:featuredmedia":[{"embeddable":true,"href":"https:\/\/correiodoestado.audiencelabs.com.br\/wp-json\/wp\/v2\/media\/10530"}],"wp:attachment":[{"href":"https:\/\/correiodoestado.audiencelabs.com.br\/wp-json\/wp\/v2\/media?parent=10528"}],"wp:term":[{"taxonomy":"category","embeddable":true,"href":"https:\/\/correiodoestado.audiencelabs.com.br\/wp-json\/wp\/v2\/categories?post=10528"},{"taxonomy":"post_tag","embeddable":true,"href":"https:\/\/correiodoestado.audiencelabs.com.br\/wp-json\/wp\/v2\/tags?post=10528"}],"curies":[{"name":"wp","href":"https:\/\/api.w.org\/{rel}","templated":true}]}}