{"id":1121,"date":"2025-07-10T11:00:00","date_gmt":"2025-07-10T14:00:00","guid":{"rendered":"https:\/\/correiodoestado.audiencelabs.com.br\/?p=1121"},"modified":"2025-07-09T15:13:10","modified_gmt":"2025-07-09T18:13:10","slug":"governo-esta-cortando-mesmo-a-aposentadoria-pela-metade-checamos","status":"publish","type":"post","link":"https:\/\/correiodoestado.audiencelabs.com.br\/governo-esta-cortando-mesmo-a-aposentadoria-pela-metade-checamos\/","title":{"rendered":"Governo est\u00e1 cortando mesmo a aposentadoria pela metade? Checamos"},"content":{"rendered":"\n<p>O governo dos Estados Unidos anunciou que, a partir de abril de 2025, a Administra\u00e7\u00e3o do Seguro Social (SSA) come\u00e7ou a reter 50% dos benef\u00edcios mensais de aposentados que receberam pagamentos indevidos. Essa medida impacta aposentados, pensionistas e pessoas com invalidez.<\/p>\n\n\n\n<p>O intuito \u00e9 corrigir pagamentos excessivos identificados a partir dessa data, embora o valor exato n\u00e3o tenha sido confirmado. A medida foi somada a um plano inicial de reter 100% dos benef\u00edcios, mas ajustes foram feitos devido a preocupa\u00e7\u00f5es sociais.<\/p>\n\n\n\n<p>Os aposentados receberam notifica\u00e7\u00f5es e tiveram 90 dias para pleitear isen\u00e7\u00f5es ou redu\u00e7\u00f5es do desconto. Com essa pol\u00edtica, muitos enfrentam cobran\u00e7as financeiras significativas, agravando suas condi\u00e7\u00f5es de vida.<\/p>\n\n\n\n<h2 class=\"wp-block-heading\">Ajustes e Mudan\u00e7as \u00e0 Vista<\/h2>\n\n\n\n<p>Os cortes nos benef\u00edcios s\u00e3o parte de reformas mais amplas que o governo dos EUA est\u00e1 implementando. H\u00e1 tamb\u00e9m planos propostos para aumentar a idade m\u00ednima de aposentadoria. Al\u00e9m disso, at\u00e9 2025, outras pol\u00edticas com impacto potencial sobre a vida de milhares de cidad\u00e3os poder\u00e3o ser introduzidas.<\/p>\n\n\n\n<p>Essas mudan\u00e7as refletem a necessidade de reformular os programas sociais e lidam tamb\u00e9m com outras \u00e1reas afetadas, como a imigra\u00e7\u00e3o. Nos \u00faltimos anos, medidas como o aumento da verba para controle de imigra\u00e7\u00e3o e redu\u00e7\u00e3o de financiamento para sa\u00fade e benef\u00edcios sociais foram adotadas.<\/p>\n\n\n\n<h2 class=\"wp-block-heading\">Implica\u00e7\u00f5es Pol\u00edticas e Sociais<\/h2>\n\n\n\n<p>As altera\u00e7\u00f5es fazem parte de uma estrat\u00e9gia do governo anterior focada em pol\u00edticas mais rigorosas em rela\u00e7\u00e3o \u00e0 imigra\u00e7\u00e3o. Em abril de 2025, mais de 6.000 imigrantes foram registrados como falecidos em bancos de dados, uma a\u00e7\u00e3o direcionada a pressionar a sa\u00edda de imigrantes indocumentados do pa\u00eds, retirando-lhes o direito ao trabalho e acesso a benef\u00edcios.<\/p>\n\n\n\n<p>Esse enfoque ilustra um movimento em dire\u00e7\u00e3o a cortes em programas sociais para financiar medidas r\u00edgidas na fronteira e refor\u00e7ar a seguran\u00e7a nacional. Tais cortes afetam severamente as fam\u00edlias de baixa renda, que j\u00e1 enfrentam dificuldades consider\u00e1veis.<\/p>\n","protected":false},"excerpt":{"rendered":"<p>O governo dos Estados Unidos anunciou que, a partir de abril de 2025, a Administra\u00e7\u00e3o do Seguro Social (SSA) come\u00e7ou a reter 50% dos benef\u00edcios mensais de aposentados que receberam pagamentos indevidos. Essa medida impacta aposentados, pensionistas e pessoas com invalidez. O intuito \u00e9 corrigir pagamentos excessivos identificados a partir dessa data, embora o valor [&hellip;]<\/p>\n","protected":false},"author":4,"featured_media":1122,"comment_status":"open","ping_status":"open","sticky":false,"template":"","format":"standard","meta":{"jnews-multi-image_gallery":[],"jnews_single_post":{"format":"standard"},"jnews_primary_category":[],"jnews_social_meta":[],"footnotes":""},"categories":[1],"tags":[],"class_list":["post-1121","post","type-post","status-publish","format-standard","has-post-thumbnail","hentry","category-mix"],"_links":{"self":[{"href":"https:\/\/correiodoestado.audiencelabs.com.br\/wp-json\/wp\/v2\/posts\/1121","targetHints":{"allow":["GET"]}}],"collection":[{"href":"https:\/\/correiodoestado.audiencelabs.com.br\/wp-json\/wp\/v2\/posts"}],"about":[{"href":"https:\/\/correiodoestado.audiencelabs.com.br\/wp-json\/wp\/v2\/types\/post"}],"author":[{"embeddable":true,"href":"https:\/\/correiodoestado.audiencelabs.com.br\/wp-json\/wp\/v2\/users\/4"}],"replies":[{"embeddable":true,"href":"https:\/\/correiodoestado.audiencelabs.com.br\/wp-json\/wp\/v2\/comments?post=1121"}],"version-history":[{"count":2,"href":"https:\/\/correiodoestado.audiencelabs.com.br\/wp-json\/wp\/v2\/posts\/1121\/revisions"}],"predecessor-version":[{"id":6070,"href":"https:\/\/correiodoestado.audiencelabs.com.br\/wp-json\/wp\/v2\/posts\/1121\/revisions\/6070"}],"wp:featuredmedia":[{"embeddable":true,"href":"https:\/\/correiodoestado.audiencelabs.com.br\/wp-json\/wp\/v2\/media\/1122"}],"wp:attachment":[{"href":"https:\/\/correiodoestado.audiencelabs.com.br\/wp-json\/wp\/v2\/media?parent=1121"}],"wp:term":[{"taxonomy":"category","embeddable":true,"href":"https:\/\/correiodoestado.audiencelabs.com.br\/wp-json\/wp\/v2\/categories?post=1121"},{"taxonomy":"post_tag","embeddable":true,"href":"https:\/\/correiodoestado.audiencelabs.com.br\/wp-json\/wp\/v2\/tags?post=1121"}],"curies":[{"name":"wp","href":"https:\/\/api.w.org\/{rel}","templated":true}]}}