{"id":11230,"date":"2025-09-20T20:00:00","date_gmt":"2025-09-20T23:00:00","guid":{"rendered":"https:\/\/correiodoestado.audiencelabs.com.br\/?p=11230"},"modified":"2025-09-19T18:15:12","modified_gmt":"2025-09-19T21:15:12","slug":"prefeito-quer-tornar-sua-cidade-a-melhor-para-viver-no-brasil-e-vai-distribuir-coca-cola-gratis","status":"publish","type":"post","link":"https:\/\/correiodoestado.audiencelabs.com.br\/prefeito-quer-tornar-sua-cidade-a-melhor-para-viver-no-brasil-e-vai-distribuir-coca-cola-gratis\/","title":{"rendered":"Prefeito quer tornar sua cidade a melhor para viver no Brasil e vai distribuir Coca-Cola gr\u00e1tis"},"content":{"rendered":"\n<p>A prefeitura de Sorocaba, no interior de S\u00e3o Paulo, iniciou em setembro de 2025 a distribui\u00e7\u00e3o gratuita de Coca-Cola gelada para passageiros da linha expressa de \u00f4nibus. A a\u00e7\u00e3o ocorrer\u00e1 \u00e0s sextas-feiras, no per\u00edodo noturno, durante 30 dias, como forma de reconhecer usu\u00e1rios frequentes do transporte coletivo. O projeto visa fortalecer a rela\u00e7\u00e3o entre gest\u00e3o p\u00fablica e popula\u00e7\u00e3o, segundo declara\u00e7\u00f5es oficiais.<\/p>\n\n\n\n<p>O an\u00fancio foi feito pelo prefeito Rodrigo Manga em suas redes sociais no dia 15 de setembro. A linha escolhida para o experimento liga os Terminais S\u00e3o Paulo e Santo Ant\u00f4nio, operando com ve\u00edculos equipados com ar-condicionado, Wi-Fi gratuito e tomadas USB. A tarifa regular do trajeto \u00e9 de R$ 4,40, mas estudantes t\u00eam acesso gratuito diariamente, enquanto titulares do Cart\u00e3o Social n\u00e3o pagam aos domingos e feriados.<\/p>\n\n\n\n<figure class=\"wp-block-image size-large\"><img decoding=\"async\" src=\"https:\/\/correiodoestado.audiencelabs.com.br\/wp-content\/uploads\/2025\/09\/173967912067b1659034e31_1739679120_3x2_rt-1024x683.jpg\" alt=\"Rodrigo Manga, prefeito de Sorocaba, em S\u00e3o Paulo\" class=\"wp-image-11232\" \/><figcaption class=\"wp-element-caption\">Cr\u00e9ditos: Reprodu\u00e7\u00e3o<\/figcaption><\/figure>\n\n\n\n<h2 class=\"wp-block-heading\">Estrutura e benef\u00edcios pr\u00e9-existentes<\/h2>\n\n\n\n<p>Al\u00e9m da distribui\u00e7\u00e3o de refrigerantes, a linha expressa j\u00e1 se destaca por sua infraestrutura. Tablets embarcados permitem consultar rotas em tempo real, e o sistema de climatiza\u00e7\u00e3o mant\u00e9m temperaturas est\u00e1veis mesmo em dias quentes. Esses recursos buscam melhorar a experi\u00eancia de deslocamento em uma cidade onde o transporte p\u00fablico \u00e9 utilizado por 72% da popula\u00e7\u00e3o, segundo dados da prefeitura.<\/p>\n\n\n\n<h2 class=\"wp-block-heading\">Contexto da a\u00e7\u00e3o experimental<\/h2>\n\n\n\n<p>A estrat\u00e9gia de oferecer bebidas geladas surge em um momento de discuss\u00f5es sobre pol\u00edticas de bem-estar urbano. A gest\u00e3o municipal argumenta que a medida complementa investimentos em mobilidade, como a amplia\u00e7\u00e3o de faixas exclusivas para \u00f4nibus em 2024. Cr\u00edticos questionam o custo-benef\u00edcio da parceria com a marca de refrigerantes, enquanto usu\u00e1rios destacam o impacto simb\u00f3lico de receber um produto gratuito ap\u00f3s jornadas de trabalho.<\/p>\n\n\n\n<h2 class=\"wp-block-heading\">Integra\u00e7\u00e3o com pol\u00edticas p\u00fablicas<\/h2>\n\n\n\n<p>A a\u00e7\u00e3o se alinha a programas sociais j\u00e1 implementados, como o passe livre estudantil e descontos para idosos. Dados de 2025 mostram que 18% dos usu\u00e1rios da linha expressa utilizam o Cart\u00e3o Social, que garante gratuidade em dias espec\u00edficos. A prefeitura n\u00e3o divulgou valores investidos na distribui\u00e7\u00e3o de refrigerantes, mas afirmou que o projeto ser\u00e1 monitorado para avaliar ades\u00e3o e poss\u00edveis expans\u00f5es.<\/p>\n","protected":false},"excerpt":{"rendered":"<p>A prefeitura de Sorocaba, no interior de S\u00e3o Paulo, iniciou em setembro de 2025 a distribui\u00e7\u00e3o gratuita de Coca-Cola gelada para passageiros da linha expressa de \u00f4nibus. A a\u00e7\u00e3o ocorrer\u00e1 \u00e0s sextas-feiras, no per\u00edodo noturno, durante 30 dias, como forma de reconhecer usu\u00e1rios frequentes do transporte coletivo. O projeto visa fortalecer a rela\u00e7\u00e3o entre gest\u00e3o [&hellip;]<\/p>\n","protected":false},"author":13,"featured_media":0,"comment_status":"open","ping_status":"open","sticky":false,"template":"","format":"standard","meta":{"jnews-multi-image_gallery":[],"jnews_single_post":{"format":"standard"},"jnews_primary_category":[],"jnews_social_meta":[],"footnotes":""},"categories":[1],"tags":[],"class_list":["post-11230","post","type-post","status-publish","format-standard","hentry","category-mix"],"_links":{"self":[{"href":"https:\/\/correiodoestado.audiencelabs.com.br\/wp-json\/wp\/v2\/posts\/11230","targetHints":{"allow":["GET"]}}],"collection":[{"href":"https:\/\/correiodoestado.audiencelabs.com.br\/wp-json\/wp\/v2\/posts"}],"about":[{"href":"https:\/\/correiodoestado.audiencelabs.com.br\/wp-json\/wp\/v2\/types\/post"}],"author":[{"embeddable":true,"href":"https:\/\/correiodoestado.audiencelabs.com.br\/wp-json\/wp\/v2\/users\/13"}],"replies":[{"embeddable":true,"href":"https:\/\/correiodoestado.audiencelabs.com.br\/wp-json\/wp\/v2\/comments?post=11230"}],"version-history":[{"count":2,"href":"https:\/\/correiodoestado.audiencelabs.com.br\/wp-json\/wp\/v2\/posts\/11230\/revisions"}],"predecessor-version":[{"id":11252,"href":"https:\/\/correiodoestado.audiencelabs.com.br\/wp-json\/wp\/v2\/posts\/11230\/revisions\/11252"}],"wp:attachment":[{"href":"https:\/\/correiodoestado.audiencelabs.com.br\/wp-json\/wp\/v2\/media?parent=11230"}],"wp:term":[{"taxonomy":"category","embeddable":true,"href":"https:\/\/correiodoestado.audiencelabs.com.br\/wp-json\/wp\/v2\/categories?post=11230"},{"taxonomy":"post_tag","embeddable":true,"href":"https:\/\/correiodoestado.audiencelabs.com.br\/wp-json\/wp\/v2\/tags?post=11230"}],"curies":[{"name":"wp","href":"https:\/\/api.w.org\/{rel}","templated":true}]}}