{"id":11914,"date":"2025-09-28T06:04:00","date_gmt":"2025-09-28T09:04:00","guid":{"rendered":"https:\/\/correiodoestado.audiencelabs.com.br\/?p=11914"},"modified":"2025-09-25T00:36:53","modified_gmt":"2025-09-25T03:36:53","slug":"cidades-brasileiras-sao-alertadas-calor-se-tornara-insuportavel-nelas","status":"publish","type":"post","link":"https:\/\/correiodoestado.audiencelabs.com.br\/cidades-brasileiras-sao-alertadas-calor-se-tornara-insuportavel-nelas\/","title":{"rendered":"Cidades brasileiras s\u00e3o alertadas: calor se tornar\u00e1 insuport\u00e1vel nelas"},"content":{"rendered":"\n<p>Entre dezembro de 2023 e fevereiro de 2024, 15 cidades brasileiras registraram temperaturas acima da m\u00e9dia hist\u00f3rica, afetando 16 milh\u00f5es de pessoas. E o fen\u00f4meno vai voltar a ocorrer. Vila Velha (ES) e Goi\u00e2nia (GO) lideram o ranking com aumento de 1\u00b0C, seguidas por Campinas (SP), Recife (PE) e Salvador (BA).<\/p>\n\n\n\n<p>Dados globais apontam que o fen\u00f4meno est\u00e1 vinculado \u00e0 eleva\u00e7\u00e3o das concentra\u00e7\u00f5es de CO\u2082, que atingiram 425 partes por milh\u00e3o na atmosfera em 2024, ficando 35% acima dos n\u00edveis pr\u00e9-industriais.<\/p>\n\n\n\n<p>Enquanto o Nordeste enfrenta secas prolongadas, com redu\u00e7\u00e3o de 25% nos dias chuvosos desde 1960, o Centro-Oeste sofre com a expans\u00e3o do per\u00edodo seco, comprometendo cultivos como soja e milho. Nas metr\u00f3poles, a combina\u00e7\u00e3o entre calor e urbaniza\u00e7\u00e3o intensifica o efeito de ilha t\u00e9rmica: concreto e asfalto ret\u00eam calor, elevando temperaturas noturnas em at\u00e9 5\u00b0C em rela\u00e7\u00e3o a \u00e1reas rurais pr\u00f3ximas.<\/p>\n\n\n\n<figure class=\"wp-block-image size-large\"><img decoding=\"async\" src=\"https:\/\/correiodoestado.audiencelabs.com.br\/wp-content\/uploads\/2025\/09\/877435899-n322ljqa3rp6fezqpva627wfii-1024x576.webp\" alt=\"Forte onda de calor vai atingir algumas cidades brasileiras\" class=\"wp-image-11917\" \/><figcaption class=\"wp-element-caption\">Cr\u00e9ditos: Reprodu\u00e7\u00e3o<\/figcaption><\/figure>\n\n\n\n<h2 class=\"wp-block-heading\">Desafios para a sa\u00fade p\u00fablica<\/h2>\n\n\n\n<p>Hospitais em capitais como Recife relatam aumento de 18% nos atendimentos por desidrata\u00e7\u00e3o e insola\u00e7\u00e3o durante ver\u00f5es recentes. Idosos e trabalhadores informais \u2013 como entregadores e ambulantes \u2013 s\u00e3o os mais vulner\u00e1veis. Um estudo da Fiocruz estima que, at\u00e9 2030, o calor extremo poder\u00e1 reduzir em 5% a produtividade laboral em setores como constru\u00e7\u00e3o civil e agricultura.<\/p>\n\n\n\n<p>Prefeituras de Campinas e Goi\u00e2nia iniciaram projetos de arboriza\u00e7\u00e3o em corredores vi\u00e1rios, visando reduzir a temperatura superficial. Salvador ampliou a instala\u00e7\u00e3o de telhados verdes em edif\u00edcios p\u00fablicos, enquanto Recife estuda a cria\u00e7\u00e3o de &#8220;ref\u00fagios clim\u00e1ticos&#8221; com ar-condicionado em espa\u00e7os comunit\u00e1rios. Especialistas defendem a revis\u00e3o de padr\u00f5es construtivos, incluindo ventila\u00e7\u00e3o cruzada obrigat\u00f3ria em novas edifica\u00e7\u00f5es.<\/p>\n\n\n\n<h2 class=\"wp-block-heading\">A lacuna nas pol\u00edticas nacionais<\/h2>\n\n\n\n<p>Apesar de 62% dos munic\u00edpios brasileiros possu\u00edrem planos de mudan\u00e7a clim\u00e1tica, apenas 8% destinam verbas espec\u00edficas para a\u00e7\u00f5es de resfriamento urbano. A falta de integra\u00e7\u00e3o entre setores dificulta iniciativas como a substitui\u00e7\u00e3o de frotas de \u00f4nibus a diesel por el\u00e9tricos, medida que reduziria emiss\u00f5es e o calor gerado por motores.<\/p>\n","protected":false},"excerpt":{"rendered":"<p>Entre dezembro de 2023 e fevereiro de 2024, 15 cidades brasileiras registraram temperaturas acima da m\u00e9dia hist\u00f3rica, afetando 16 milh\u00f5es de pessoas. E o fen\u00f4meno vai voltar a ocorrer. Vila Velha (ES) e Goi\u00e2nia (GO) lideram o ranking com aumento de 1\u00b0C, seguidas por Campinas (SP), Recife (PE) e Salvador (BA). Dados globais apontam que [&hellip;]<\/p>\n","protected":false},"author":13,"featured_media":0,"comment_status":"open","ping_status":"open","sticky":false,"template":"","format":"standard","meta":{"jnews-multi-image_gallery":[],"jnews_single_post":{"format":"standard"},"jnews_primary_category":[],"jnews_social_meta":[],"footnotes":""},"categories":[1],"tags":[],"class_list":["post-11914","post","type-post","status-publish","format-standard","hentry","category-mix"],"_links":{"self":[{"href":"https:\/\/correiodoestado.audiencelabs.com.br\/wp-json\/wp\/v2\/posts\/11914","targetHints":{"allow":["GET"]}}],"collection":[{"href":"https:\/\/correiodoestado.audiencelabs.com.br\/wp-json\/wp\/v2\/posts"}],"about":[{"href":"https:\/\/correiodoestado.audiencelabs.com.br\/wp-json\/wp\/v2\/types\/post"}],"author":[{"embeddable":true,"href":"https:\/\/correiodoestado.audiencelabs.com.br\/wp-json\/wp\/v2\/users\/13"}],"replies":[{"embeddable":true,"href":"https:\/\/correiodoestado.audiencelabs.com.br\/wp-json\/wp\/v2\/comments?post=11914"}],"version-history":[{"count":2,"href":"https:\/\/correiodoestado.audiencelabs.com.br\/wp-json\/wp\/v2\/posts\/11914\/revisions"}],"predecessor-version":[{"id":12347,"href":"https:\/\/correiodoestado.audiencelabs.com.br\/wp-json\/wp\/v2\/posts\/11914\/revisions\/12347"}],"wp:attachment":[{"href":"https:\/\/correiodoestado.audiencelabs.com.br\/wp-json\/wp\/v2\/media?parent=11914"}],"wp:term":[{"taxonomy":"category","embeddable":true,"href":"https:\/\/correiodoestado.audiencelabs.com.br\/wp-json\/wp\/v2\/categories?post=11914"},{"taxonomy":"post_tag","embeddable":true,"href":"https:\/\/correiodoestado.audiencelabs.com.br\/wp-json\/wp\/v2\/tags?post=11914"}],"curies":[{"name":"wp","href":"https:\/\/api.w.org\/{rel}","templated":true}]}}