{"id":12167,"date":"2025-09-29T08:58:00","date_gmt":"2025-09-29T11:58:00","guid":{"rendered":"https:\/\/correiodoestado.audiencelabs.com.br\/?p=12167"},"modified":"2025-09-26T07:58:44","modified_gmt":"2025-09-26T10:58:44","slug":"pesquisadores-estao-com-medo-que-o-aquifero-guarani-fique-sem-agua","status":"publish","type":"post","link":"https:\/\/correiodoestado.audiencelabs.com.br\/pesquisadores-estao-com-medo-que-o-aquifero-guarani-fique-sem-agua\/","title":{"rendered":"Pesquisadores est\u00e3o com medo que o Aqu\u00edfero Guarani fique sem \u00e1gua"},"content":{"rendered":"\n<p>O <a href=\"https:\/\/correiodoestado.com.br\/mix\/maior-reservatorio-de-agua-do-mundo-e-descoberto-no-brasil-e-supera-ate-o-aquifero-guarani\/\" target=\"_blank\" rel=\"noopener\">Aqu\u00edfero Guarani<\/a> atua em fun\u00e7\u00e3o da manuten\u00e7\u00e3o de ecossistemas e biodiversidade local, sendo crucial para a seguran\u00e7a h\u00eddrica da Am\u00e9rica do Sul. Apesar de ser um dos maiores reservat\u00f3rios subterr\u00e2neos de \u00e1gua do continente, as chuvas n\u00e3o est\u00e3o sendo suficientes para repor o volume da reserva, o que liga o sinal de alerta de pesquisadores.<\/p>\n\n\n\n<p>Um estudo encabe\u00e7ado pela Universidade Estadual Paulista (Unesp) conclui que a reposi\u00e7\u00e3o de \u00e1gua no reservat\u00f3rio n\u00e3o tem ocorrido da forma esperada. Abrangendo parte de sete estados brasileiros e outros tr\u00eas pa\u00edses (Paraguai, Uruguai e Argentina), o aqu\u00edfero est\u00e1 secando gradativamente. Por consequ\u00eancia da seca hist\u00f3rica, problemas como queimadas e diminui\u00e7\u00e3o dos n\u00edveis dos rios refletem nas camadas subterr\u00e2neas.<\/p>\n\n\n\n<figure class=\"wp-block-image size-full\"><img loading=\"lazy\" decoding=\"async\" width=\"754\" height=\"503\" src=\"https:\/\/correiodoestado.audiencelabs.com.br\/wp-content\/uploads\/2025\/08\/tv_brasil_ponte_da_integracao_brasil-_paraguai_rio_parana0912203469_0.webp\" alt=\"\" class=\"wp-image-6919\" srcset=\"https:\/\/correiodoestado.audiencelabs.com.br\/wp-content\/uploads\/2025\/08\/tv_brasil_ponte_da_integracao_brasil-_paraguai_rio_parana0912203469_0.webp 754w, https:\/\/correiodoestado.audiencelabs.com.br\/wp-content\/uploads\/2025\/08\/tv_brasil_ponte_da_integracao_brasil-_paraguai_rio_parana0912203469_0-300x200.webp 300w, https:\/\/correiodoestado.audiencelabs.com.br\/wp-content\/uploads\/2025\/08\/tv_brasil_ponte_da_integracao_brasil-_paraguai_rio_parana0912203469_0-750x500.webp 750w\" sizes=\"auto, (max-width: 754px) 100vw, 754px\" \/><figcaption class=\"wp-element-caption\">Cr\u00e9ditos: Reprodu\u00e7\u00e3o\/TV Brasil<\/figcaption><\/figure>\n\n\n\n<p>&#8220;N\u00f3s n\u00e3o estamos recompondo porque n\u00e3o est\u00e1 chovendo nada, e o que acaba acontecendo \u00e9 que voc\u00ea acaba usando a \u00e1gua para os mais diversos fins. A \u00e1gua se movimenta a uma taxa de cent\u00edmetros por ano. Precisamos saber quando podemos utilizar \u00e1gua superficial e quando devemos recorrer \u00e0 \u00e1gua subterr\u00e2nea, de forma que respeite a capacidade do aqu\u00edfero e atenda \u00e0s demandas&#8221;, diz o professor Didier Gastmans.<\/p>\n\n\n\n<p>De acordo com o estudo preliminar, a consuma\u00e7\u00e3o da \u00e1gua do Aqu\u00edfero Guarani\u00a0\u00e9 maior do que sua reposi\u00e7\u00e3o, com perspectiva de diminui\u00e7\u00e3o do\u00a0n\u00edvel, em algumas \u00e1reas, de 120 metros em 70 anos. O descenso \u00e9 motivado, principalmente, pela falta de chuvas e aumento da temperatura global, que provoca uma evapora\u00e7\u00e3o mais r\u00e1pida da \u00e1gua das chuvas, prejudicando a infiltra\u00e7\u00e3o no solo.<\/p>\n\n\n\n<h2 class=\"wp-block-heading\">Qual a import\u00e2ncia do Aqu\u00edfero Guarani?<\/h2>\n\n\n\n<p>Al\u00e9m de contribuir com a biodiversidade mundial, tem como caracter\u00edstica a presen\u00e7a de grande disponibilidade h\u00eddrica mediante a entrada de \u00e1gua no solo. Ele \u00e9 importante tamb\u00e9m na redu\u00e7\u00e3o de impactos da a\u00e7\u00e3o humana, como polui\u00e7\u00e3o. Por se tratar de uma\u00a0reserva subterr\u00e2nea de \u00e1gua doce, \u00e9 importante para o abastecimento de\u00a0cerca de 90 milh\u00f5es de pessoas no Brasil.<\/p>\n\n\n\n<p>Em resumo, o Aqu\u00edfero Guarani est\u00e1 localizado na regi\u00e3o centro-leste da Am\u00e9rica do Sul e ocupa \u00e1rea de 1,2 milh\u00e3o de km\u00b2, estendendo-se pelo Brasil (840 mil km\u00b2), Paraguai (58,5 mil km\u00b2), Uruguai (58,5 mil km\u00b2) e Argentina (255 mil km\u00b2). Para se ter uma no\u00e7\u00e3o da impon\u00eancia territorial, o reservat\u00f3rio \u00e9 maior que a \u00e1rea somada da Fran\u00e7a, Espanha e Inglaterra.<\/p>\n\n\n\n<p>A sua riqueza em termos de \u00e1gua doce propicia o abastecimento humano\u00a0e dinamiza as atividades produtivas, sendo fundamental para a continuidade do crescimento econ\u00f4mico.\u00a0Por\u00e9m, com a escassez de chuvas e a explora\u00e7\u00e3o desenfreada desse recurso h\u00eddrico, a tend\u00eancia \u00e9 que seu volume siga despencando ao longo dos anos.<\/p>\n","protected":false},"excerpt":{"rendered":"<p>Considerado um dos maiores reservat\u00f3rios de \u00e1gua doce do planeta, Aqu\u00edfero Guarani liga o sinal de alerta sobre a disponibilidade de \u00e1gua nas pr\u00f3ximas sete d\u00e9cadas<\/p>\n","protected":false},"author":8,"featured_media":12168,"comment_status":"open","ping_status":"open","sticky":false,"template":"","format":"standard","meta":{"jnews-multi-image_gallery":[],"jnews_single_post":{"format":"standard"},"jnews_primary_category":[],"jnews_social_meta":[],"footnotes":""},"categories":[1],"tags":[],"class_list":["post-12167","post","type-post","status-publish","format-standard","has-post-thumbnail","hentry","category-mix"],"_links":{"self":[{"href":"https:\/\/correiodoestado.audiencelabs.com.br\/wp-json\/wp\/v2\/posts\/12167","targetHints":{"allow":["GET"]}}],"collection":[{"href":"https:\/\/correiodoestado.audiencelabs.com.br\/wp-json\/wp\/v2\/posts"}],"about":[{"href":"https:\/\/correiodoestado.audiencelabs.com.br\/wp-json\/wp\/v2\/types\/post"}],"author":[{"embeddable":true,"href":"https:\/\/correiodoestado.audiencelabs.com.br\/wp-json\/wp\/v2\/users\/8"}],"replies":[{"embeddable":true,"href":"https:\/\/correiodoestado.audiencelabs.com.br\/wp-json\/wp\/v2\/comments?post=12167"}],"version-history":[{"count":1,"href":"https:\/\/correiodoestado.audiencelabs.com.br\/wp-json\/wp\/v2\/posts\/12167\/revisions"}],"predecessor-version":[{"id":12169,"href":"https:\/\/correiodoestado.audiencelabs.com.br\/wp-json\/wp\/v2\/posts\/12167\/revisions\/12169"}],"wp:featuredmedia":[{"embeddable":true,"href":"https:\/\/correiodoestado.audiencelabs.com.br\/wp-json\/wp\/v2\/media\/12168"}],"wp:attachment":[{"href":"https:\/\/correiodoestado.audiencelabs.com.br\/wp-json\/wp\/v2\/media?parent=12167"}],"wp:term":[{"taxonomy":"category","embeddable":true,"href":"https:\/\/correiodoestado.audiencelabs.com.br\/wp-json\/wp\/v2\/categories?post=12167"},{"taxonomy":"post_tag","embeddable":true,"href":"https:\/\/correiodoestado.audiencelabs.com.br\/wp-json\/wp\/v2\/tags?post=12167"}],"curies":[{"name":"wp","href":"https:\/\/api.w.org\/{rel}","templated":true}]}}