{"id":1217,"date":"2025-07-10T19:30:00","date_gmt":"2025-07-10T22:30:00","guid":{"rendered":"https:\/\/correiodoestado.audiencelabs.com.br\/?p=1217"},"modified":"2025-07-10T14:49:25","modified_gmt":"2025-07-10T17:49:25","slug":"real-madrid-quer-se-desfazer-de-3-brasileiros-numa-tacada-so","status":"publish","type":"post","link":"https:\/\/correiodoestado.audiencelabs.com.br\/real-madrid-quer-se-desfazer-de-3-brasileiros-numa-tacada-so\/","title":{"rendered":"Real Madrid quer se desfazer de 3 brasileiros numa tacada s\u00f3"},"content":{"rendered":"\n<p>O Real Madrid passa por uma reestrutura\u00e7\u00e3o significativa ap\u00f3s a elimina\u00e7\u00e3o no Mundial de Clubes, onde o time foi derrotado pelo PSG por 4 a 0. O t\u00e9cnico Xabi Alonso, em sua primeira decep\u00e7\u00e3o no comando da equipe, destacou a necessidade de focar na temporada 2025\/26 para superar esta crise.<\/p>\n\n\n\n<p>Nos Estados Unidos, o fracasso provocou discuss\u00f5es entre Alonso, o presidente Florentino P\u00e9rez e o diretor-geral Jos\u00e9 \u00c1ngel S\u00e1nchez sobre o futuro de tr\u00eas jogadores brasileiros: Rodrygo, Vinicius J\u00fanior e Reinier. A decis\u00e3o visa ajustar a estrat\u00e9gia do clube para manter sua competitividade em n\u00edvel mundial.<\/p>\n\n\n\n<h2 class=\"wp-block-heading\">Futuro de Jogadores Brasileiros em Debate<\/h2>\n\n\n\n<p>Rodrygo \u00e9 um dos principais focos de aten\u00e7\u00e3o. Ele teve performance decepcionante no torneio, levantando d\u00favidas sobre sua continuidade na equipe. Com o interesse firme do Arsenal e do PSG, poss\u00edveis mudan\u00e7as s\u00e3o aguardadas.<\/p>\n\n\n\n<p>Por sua vez, Vinicius J\u00fanior, pe\u00e7a central do time, est\u00e1 em negocia\u00e7\u00e3o para renova\u00e7\u00e3o contratual, ainda sem acordo definido. O ajuste contratual \u00e9 crucial para estabilizar a carreira do atacante no clube. Reinier tamb\u00e9m busca se firmar na equipe principal, com poucas oportunidades at\u00e9 este momento no elenco.<\/p>\n\n\n\n<h2 class=\"wp-block-heading\">Planejamento do Elenco e Novas Apostas<\/h2>\n\n\n\n<p>O Real Madrid est\u00e1 a ponto de concluir a contrata\u00e7\u00e3o de \u00c1lvaro Carreras, lateral-esquerdo promissor que atua em Portugal. A inten\u00e7\u00e3o \u00e9 fortalecer a defesa, j\u00e1 que Ferland Mendy enfrenta problemas f\u00edsicos.<\/p>\n\n\n\n<p>Mesmo com a boa atua\u00e7\u00e3o de Fran Garc\u00eda, o clube considera fundamental garantir novas op\u00e7\u00f5es t\u00e1ticas. A ascens\u00e3o de jovens talentos, como Gonzalo, que se destacou como artilheiro no Mundial, \u00e9 um elemento positivo no atual cen\u00e1rio, trazendo frescor ao time.<\/p>\n\n\n\n<h2 class=\"wp-block-heading\">Desafios e Sa\u00fade dos Jogadores<\/h2>\n\n\n\n<p>Vinicius J\u00fanior atravessa uma fase de oscila\u00e7\u00e3o em campo, precisando aumentar sua intensidade, especialmente nas a\u00e7\u00f5es defensivas.<\/p>\n\n\n\n<p>Enquanto isso, Jude Bellingham, importante jogador do elenco, ser\u00e1 submetido a uma cirurgia no ombro, com retorno ao gramado esperado para novembro. <\/p>\n","protected":false},"excerpt":{"rendered":"<p>O Real Madrid passa por uma reestrutura\u00e7\u00e3o significativa ap\u00f3s a elimina\u00e7\u00e3o no Mundial de Clubes, onde o time foi derrotado pelo PSG por 4 a 0. O t\u00e9cnico Xabi Alonso, em sua primeira decep\u00e7\u00e3o no comando da equipe, destacou a necessidade de focar na temporada 2025\/26 para superar esta crise. Nos Estados Unidos, o fracasso [&hellip;]<\/p>\n","protected":false},"author":4,"featured_media":1218,"comment_status":"open","ping_status":"open","sticky":false,"template":"","format":"standard","meta":{"jnews-multi-image_gallery":[],"jnews_single_post":{"format":"standard"},"jnews_primary_category":[],"jnews_social_meta":[],"footnotes":""},"categories":[1],"tags":[],"class_list":["post-1217","post","type-post","status-publish","format-standard","has-post-thumbnail","hentry","category-mix"],"_links":{"self":[{"href":"https:\/\/correiodoestado.audiencelabs.com.br\/wp-json\/wp\/v2\/posts\/1217","targetHints":{"allow":["GET"]}}],"collection":[{"href":"https:\/\/correiodoestado.audiencelabs.com.br\/wp-json\/wp\/v2\/posts"}],"about":[{"href":"https:\/\/correiodoestado.audiencelabs.com.br\/wp-json\/wp\/v2\/types\/post"}],"author":[{"embeddable":true,"href":"https:\/\/correiodoestado.audiencelabs.com.br\/wp-json\/wp\/v2\/users\/4"}],"replies":[{"embeddable":true,"href":"https:\/\/correiodoestado.audiencelabs.com.br\/wp-json\/wp\/v2\/comments?post=1217"}],"version-history":[{"count":1,"href":"https:\/\/correiodoestado.audiencelabs.com.br\/wp-json\/wp\/v2\/posts\/1217\/revisions"}],"predecessor-version":[{"id":1220,"href":"https:\/\/correiodoestado.audiencelabs.com.br\/wp-json\/wp\/v2\/posts\/1217\/revisions\/1220"}],"wp:featuredmedia":[{"embeddable":true,"href":"https:\/\/correiodoestado.audiencelabs.com.br\/wp-json\/wp\/v2\/media\/1218"}],"wp:attachment":[{"href":"https:\/\/correiodoestado.audiencelabs.com.br\/wp-json\/wp\/v2\/media?parent=1217"}],"wp:term":[{"taxonomy":"category","embeddable":true,"href":"https:\/\/correiodoestado.audiencelabs.com.br\/wp-json\/wp\/v2\/categories?post=1217"},{"taxonomy":"post_tag","embeddable":true,"href":"https:\/\/correiodoestado.audiencelabs.com.br\/wp-json\/wp\/v2\/tags?post=1217"}],"curies":[{"name":"wp","href":"https:\/\/api.w.org\/{rel}","templated":true}]}}