{"id":12217,"date":"2025-09-28T03:00:00","date_gmt":"2025-09-28T06:00:00","guid":{"rendered":"https:\/\/correiodoestado.audiencelabs.com.br\/?p=12217"},"modified":"2025-09-26T11:30:53","modified_gmt":"2025-09-26T14:30:53","slug":"praia-com-a-maior-onda-do-brasil-conquista-visitantes-pela-tranquilidade-perto-do-mar","status":"publish","type":"post","link":"https:\/\/correiodoestado.audiencelabs.com.br\/praia-com-a-maior-onda-do-brasil-conquista-visitantes-pela-tranquilidade-perto-do-mar\/","title":{"rendered":"Praia com a maior onda do Brasil conquista visitantes pela tranquilidade perto do mar"},"content":{"rendered":"\n<p>Localizada entre Crici\u00fama (40 km) e Tubar\u00e3o (24 km), Jaguaruna consolida-se como destino priorit\u00e1rio para moradores e turistas que buscam integra\u00e7\u00e3o com ecossistemas costeiros. Com 21.570 habitantes distribu\u00eddos em 326,36 km\u00b2, o munic\u00edpio combina preserva\u00e7\u00e3o ambiental e desenvolvimento urbano moderado, caracterizando-se pela aus\u00eancia de aglomera\u00e7\u00f5es t\u00edpicas de grandes centros balne\u00e1rios.<\/p>\n\n\n\n<p>O t\u00edtulo de &#8220;cidade das praias&#8221; ganhou refor\u00e7o em 2023 quando sensores registraram onda de 14,82 metros na Laje da Jagua, recorde hist\u00f3rico para o Brasil. Esse fen\u00f4meno oceanogr\u00e1fico atrai anualmente campeonatos de surfe de proje\u00e7\u00e3o internacional, posicionando a regi\u00e3o como laborat\u00f3rio natural para estudos de correntes mar\u00edtimas e eros\u00e3o costeira.<\/p>\n\n\n\n<figure class=\"wp-block-image size-large\"><img decoding=\"async\" src=\"https:\/\/correiodoestado.audiencelabs.com.br\/wp-content\/uploads\/2025\/09\/tim-1024x512.jpeg\" alt=\"Jaguaruna \u00e9 procurada pela tranquilidade e proximidade com o mar\" class=\"wp-image-12219\" \/><figcaption class=\"wp-element-caption\">Cr\u00e9ditos: Reprodu\u00e7\u00e3o<\/figcaption><\/figure>\n\n\n\n<h2 class=\"wp-block-heading\">Praias de Jaguaruna<\/h2>\n\n\n\n<p><strong>Praia do Camacho:<\/strong> Complexo lagunar conectado ao Rio Tubar\u00e3o via canal artificial, com infraestrutura tur\u00edstica consolidada (estacionamentos, rede hoteleira)<\/p>\n\n\n\n<p><strong>Balne\u00e1rio Figueirinha:<\/strong> 4 km de extens\u00e3o com pinheirais preservados e mar adequado para banho, apesar das fortes correntes<\/p>\n\n\n\n<p><strong>Arroio Corrente:<\/strong> Dunas de 60 metros e lagoa pr\u00f3pria para recrea\u00e7\u00e3o, complementadas por cascata artificial abastecida por len\u00e7ol fre\u00e1tico<\/p>\n\n\n\n<p><strong>Campo Bom:<\/strong> \u00c1rea adjacente marcada por forma\u00e7\u00f5es geol\u00f3gicas similares \u00e0s do Parque Nacional dos Len\u00e7\u00f3is Maranhenses<\/p>\n\n\n\n<p><strong>Dunas do Sul:<\/strong> Vegeta\u00e7\u00e3o de restinga intocada com acesso n\u00e3o pavimentado, exigindo preparo log\u00edstico dos visitantes<\/p>\n\n\n\n<p><strong>Balne\u00e1rio Esplanada:<\/strong> 5 km de faixa arenosa com rede comercial estabelecida, incluindo centros de aluguel de equipamentos n\u00e1uticos<\/p>\n\n\n\n<h2 class=\"wp-block-heading\">Din\u00e2mica socioecon\u00f4mica costeira<\/h2>\n\n\n\n<p>A gest\u00e3o municipal prioriza regulamenta\u00e7\u00f5es urban\u00edsticas r\u00edgidas: 83% do territ\u00f3rio possui restri\u00e7\u00f5es a constru\u00e7\u00f5es verticalizadas. Dados da prefeitura indicam crescimento de 12% no cadastro de residentes tempor\u00e1rios entre 2022-2024, impulsionado por migra\u00e7\u00e3o de profissionais em regime home office. A pesca artesanal mant\u00e9m-se como atividade econ\u00f4mica secund\u00e1ria, respondendo por 18% da renda local.<\/p>\n\n\n\n<p>A combina\u00e7\u00e3o entre pol\u00edticas de zoneamento ecol\u00f3gico e investimento em saneamento b\u00e1sico (98% de cobertura na \u00e1rea urbana) explica o \u00cdndice de Desenvolvimento Humano Municipal (IDHM) de 0,758, superior \u00e0 m\u00e9dia estadual.<\/p>\n","protected":false},"excerpt":{"rendered":"<p>Localizada entre Crici\u00fama (40 km) e Tubar\u00e3o (24 km), Jaguaruna consolida-se como destino priorit\u00e1rio para moradores e turistas que buscam integra\u00e7\u00e3o com ecossistemas costeiros. Com 21.570 habitantes distribu\u00eddos em 326,36 km\u00b2, o munic\u00edpio combina preserva\u00e7\u00e3o ambiental e desenvolvimento urbano moderado, caracterizando-se pela aus\u00eancia de aglomera\u00e7\u00f5es t\u00edpicas de grandes centros balne\u00e1rios. O t\u00edtulo de &#8220;cidade das [&hellip;]<\/p>\n","protected":false},"author":13,"featured_media":0,"comment_status":"open","ping_status":"open","sticky":false,"template":"","format":"standard","meta":{"jnews-multi-image_gallery":[],"jnews_single_post":{"format":"standard"},"jnews_primary_category":[],"jnews_social_meta":[],"footnotes":""},"categories":[1],"tags":[],"class_list":["post-12217","post","type-post","status-publish","format-standard","hentry","category-mix"],"_links":{"self":[{"href":"https:\/\/correiodoestado.audiencelabs.com.br\/wp-json\/wp\/v2\/posts\/12217","targetHints":{"allow":["GET"]}}],"collection":[{"href":"https:\/\/correiodoestado.audiencelabs.com.br\/wp-json\/wp\/v2\/posts"}],"about":[{"href":"https:\/\/correiodoestado.audiencelabs.com.br\/wp-json\/wp\/v2\/types\/post"}],"author":[{"embeddable":true,"href":"https:\/\/correiodoestado.audiencelabs.com.br\/wp-json\/wp\/v2\/users\/13"}],"replies":[{"embeddable":true,"href":"https:\/\/correiodoestado.audiencelabs.com.br\/wp-json\/wp\/v2\/comments?post=12217"}],"version-history":[{"count":3,"href":"https:\/\/correiodoestado.audiencelabs.com.br\/wp-json\/wp\/v2\/posts\/12217\/revisions"}],"predecessor-version":[{"id":12344,"href":"https:\/\/correiodoestado.audiencelabs.com.br\/wp-json\/wp\/v2\/posts\/12217\/revisions\/12344"}],"wp:attachment":[{"href":"https:\/\/correiodoestado.audiencelabs.com.br\/wp-json\/wp\/v2\/media?parent=12217"}],"wp:term":[{"taxonomy":"category","embeddable":true,"href":"https:\/\/correiodoestado.audiencelabs.com.br\/wp-json\/wp\/v2\/categories?post=12217"},{"taxonomy":"post_tag","embeddable":true,"href":"https:\/\/correiodoestado.audiencelabs.com.br\/wp-json\/wp\/v2\/tags?post=12217"}],"curies":[{"name":"wp","href":"https:\/\/api.w.org\/{rel}","templated":true}]}}