{"id":12221,"date":"2025-09-28T11:26:00","date_gmt":"2025-09-28T14:26:00","guid":{"rendered":"https:\/\/correiodoestado.audiencelabs.com.br\/?p=12221"},"modified":"2025-09-26T21:12:21","modified_gmt":"2025-09-27T00:12:21","slug":"existe-um-utensilio-que-faz-as-bananas-durarem-mais-tempo-quando-guardadas-junto-com-ele","status":"publish","type":"post","link":"https:\/\/correiodoestado.audiencelabs.com.br\/existe-um-utensilio-que-faz-as-bananas-durarem-mais-tempo-quando-guardadas-junto-com-ele\/","title":{"rendered":"Existe um utens\u00edlio que faz as bananas durarem mais tempo quando guardadas junto com ele"},"content":{"rendered":"\n<p>A banana lidera o ranking de frutas mais consumidas globalmente, com produ\u00e7\u00e3o anual estimada em 116 milh\u00f5es de toneladas. Sua r\u00e1pida degrada\u00e7\u00e3o p\u00f3s-colheita, contudo, gera desperd\u00edcio de 30% a 40% da produ\u00e7\u00e3o, segundo a FAO. M\u00e9todos caseiros surgem como alternativa para prolongar a vida \u00fatil do alimento sem aditivos qu\u00edmicos.<\/p>\n\n\n\n<p>O processo de matura\u00e7\u00e3o acelerada ocorre pela libera\u00e7\u00e3o de etileno \u2013 horm\u00f4nio gasoso que ativa enzimas como a amilase e pectinase. Na banana, essa rea\u00e7\u00e3o inicia-se nos ped\u00fanculos (cabos que conectam os frutos ao cacho), propagando-se rapidamente para a polpa. Estudos do Journal of Food Science comprovam que bloquear essa \u00e1rea reduz a emiss\u00e3o do g\u00e1s em 62%.<\/p>\n\n\n\n<figure class=\"wp-block-image size-large\"><img decoding=\"async\" src=\"https:\/\/correiodoestado.audiencelabs.com.br\/wp-content\/uploads\/2025\/09\/115690673_3197194517009432_3579855797163448761_n-1024x1024.jpg\" alt=\"Papel alum\u00ednio ajuda a manter bananas frescas\" class=\"wp-image-12224\" \/><figcaption class=\"wp-element-caption\">Cr\u00e9ditos: Reprodu\u00e7\u00e3o<\/figcaption><\/figure>\n\n\n\n<h2 class=\"wp-block-heading\">Papel-alum\u00ednio como barreira f\u00edsica<\/h2>\n\n\n\n<p>Envolver os cabos individuais com folha met\u00e1lica cria um selo herm\u00e9tico que:<\/p>\n\n\n\n<ul class=\"wp-block-list\">\n<li>Isola os pontos de emiss\u00e3o de etileno;<\/li>\n\n\n\n<li>impede trocas gasosas com o ambiente;<\/li>\n\n\n\n<li>mant\u00e9m a integridade celular da casca.<\/li>\n<\/ul>\n\n\n\n<p>Testes controlados demonstram efic\u00e1cia de 14 a 21 dias na preserva\u00e7\u00e3o, desde que aplicado imediatamente ap\u00f3s a aquisi\u00e7\u00e3o dos frutos.<\/p>\n\n\n\n<h2 class=\"wp-block-heading\">Recipientes de vidro para microclima controlado<\/h2>\n\n\n\n<p>Armazenar bananas inteiras em potes fechados modifica tr\u00eas par\u00e2metros ambientais, ao reduzir a exposi\u00e7\u00e3o ao oxig\u00eanio, manter a umidade relativa entre 85%-90% e limitar varia\u00e7\u00f5es t\u00e9rmicas.<\/p>\n\n\n\n<p>Essa t\u00e9cnica exige reposi\u00e7\u00e3o peri\u00f3dica do ar interno e posicionamento do recipiente longe de fontes de calor, com efic\u00e1cia comprovada por at\u00e9 18 dias em pesquisas da Embrapa.<\/p>\n\n\n\n<h2 class=\"wp-block-heading\">Estrat\u00e9gias complementares de conserva\u00e7\u00e3o<\/h2>\n\n\n\n<p>Quando os frutos atingem est\u00e1gio avan\u00e7ado de matura\u00e7\u00e3o, recomenda-se:<\/p>\n\n\n\n<ul class=\"wp-block-list\">\n<li>Congelamento da polpa em sacos herm\u00e9ticos (dura 6 meses);<\/li>\n\n\n\n<li>processamento em doces ou pur\u00eas acidificados com lim\u00e3o;<\/li>\n\n\n\n<li>desidrata\u00e7\u00e3o em forno a 60\u00b0C por 8 horas.<\/li>\n<\/ul>\n\n\n\n<p>Esses m\u00e9todos preservam 92% dos nutrientes originais, segundo an\u00e1lise da Universidade de S\u00e3o Paulo (USP).<\/p>\n\n\n\n<p>A aplica\u00e7\u00e3o sistem\u00e1tica dessas t\u00e9cnicas permite planejamento de consumo sem perdas, adaptando-se tanto a resid\u00eancias quanto a pequenos comerciantes. Dados do Instituto Akatu revelam que fam\u00edlias brasileiras poderiam economizar R$ 1.200 anuais com o aproveitamento integral de frutas.<\/p>\n","protected":false},"excerpt":{"rendered":"<p>A banana lidera o ranking de frutas mais consumidas globalmente, com produ\u00e7\u00e3o anual estimada em 116 milh\u00f5es de toneladas. Sua r\u00e1pida degrada\u00e7\u00e3o p\u00f3s-colheita, contudo, gera desperd\u00edcio de 30% a 40% da produ\u00e7\u00e3o, segundo a FAO. M\u00e9todos caseiros surgem como alternativa para prolongar a vida \u00fatil do alimento sem aditivos qu\u00edmicos. O processo de matura\u00e7\u00e3o acelerada [&hellip;]<\/p>\n","protected":false},"author":13,"featured_media":0,"comment_status":"open","ping_status":"open","sticky":false,"template":"","format":"standard","meta":{"jnews-multi-image_gallery":[],"jnews_single_post":{"format":"standard"},"jnews_primary_category":[],"jnews_social_meta":[],"footnotes":""},"categories":[1],"tags":[],"class_list":["post-12221","post","type-post","status-publish","format-standard","hentry","category-mix"],"_links":{"self":[{"href":"https:\/\/correiodoestado.audiencelabs.com.br\/wp-json\/wp\/v2\/posts\/12221","targetHints":{"allow":["GET"]}}],"collection":[{"href":"https:\/\/correiodoestado.audiencelabs.com.br\/wp-json\/wp\/v2\/posts"}],"about":[{"href":"https:\/\/correiodoestado.audiencelabs.com.br\/wp-json\/wp\/v2\/types\/post"}],"author":[{"embeddable":true,"href":"https:\/\/correiodoestado.audiencelabs.com.br\/wp-json\/wp\/v2\/users\/13"}],"replies":[{"embeddable":true,"href":"https:\/\/correiodoestado.audiencelabs.com.br\/wp-json\/wp\/v2\/comments?post=12221"}],"version-history":[{"count":1,"href":"https:\/\/correiodoestado.audiencelabs.com.br\/wp-json\/wp\/v2\/posts\/12221\/revisions"}],"predecessor-version":[{"id":12226,"href":"https:\/\/correiodoestado.audiencelabs.com.br\/wp-json\/wp\/v2\/posts\/12221\/revisions\/12226"}],"wp:attachment":[{"href":"https:\/\/correiodoestado.audiencelabs.com.br\/wp-json\/wp\/v2\/media?parent=12221"}],"wp:term":[{"taxonomy":"category","embeddable":true,"href":"https:\/\/correiodoestado.audiencelabs.com.br\/wp-json\/wp\/v2\/categories?post=12221"},{"taxonomy":"post_tag","embeddable":true,"href":"https:\/\/correiodoestado.audiencelabs.com.br\/wp-json\/wp\/v2\/tags?post=12221"}],"curies":[{"name":"wp","href":"https:\/\/api.w.org\/{rel}","templated":true}]}}