{"id":12227,"date":"2025-09-28T16:55:00","date_gmt":"2025-09-28T19:55:00","guid":{"rendered":"https:\/\/correiodoestado.audiencelabs.com.br\/?p=12227"},"modified":"2025-09-26T21:12:01","modified_gmt":"2025-09-27T00:12:01","slug":"sol-sera-apagado-por-alguns-minutos-em-2027","status":"publish","type":"post","link":"https:\/\/correiodoestado.audiencelabs.com.br\/sol-sera-apagado-por-alguns-minutos-em-2027\/","title":{"rendered":"Sol ser\u00e1 apagado por alguns minutos em 2027"},"content":{"rendered":"\n<p>Em 2 de agosto de 2027, o maior eclipse solar do s\u00e9culo XXI mergulhar\u00e1 partes da Terra em escurid\u00e3o total por 6 minutos e 22 segundos. Confirmado pela NASA, o fen\u00f4meno superar\u00e1 em dura\u00e7\u00e3o o eclipse de 2024 e oferecer\u00e1 condi\u00e7\u00f5es \u00fanicas para estudos da coroa solar, conforme registrado pela \u00faltima vez em 2006.<\/p>\n\n\n\n<p>A faixa de totalidade cruzar\u00e1 dez pa\u00edses em um corredor de 258 km de largura, abrangendo 2,5 milh\u00f5es de km\u00b2. Cidades como Sevilha (Espanha), Suez (Egito) e Al Hudaydah (I\u00eamen) experimentar\u00e3o o \u00e1pice do fen\u00f4meno. Regi\u00f5es adjacentes em 48 na\u00e7\u00f5es ter\u00e3o visibilidade parcial, com cobertura solar variando conforme a latitude.<\/p>\n\n\n\n<figure class=\"wp-block-image size-large\"><img decoding=\"async\" src=\"https:\/\/correiodoestado.audiencelabs.com.br\/wp-content\/uploads\/2025\/09\/imagem_2025-09-25_145933369-1024x576.webp\" alt=\"Maior eclipse solar do s\u00e9culo vai ocorrer em 2027\" class=\"wp-image-12247\" \/><figcaption class=\"wp-element-caption\">Cr\u00e9ditos: Reprodu\u00e7\u00e3o<\/figcaption><\/figure>\n\n\n\n<h2 class=\"wp-block-heading\">Fatores orbitais determinantes<\/h2>\n\n\n\n<p>A dura\u00e7\u00e3o excepcional resulta da combina\u00e7\u00e3o entre a Lua no perigeu (356.568 km da Terra) e o Sol pr\u00f3ximo ao af\u00e9lio, que \u00e9 o ponto mais distante da \u00f3rbita terrestre. Essa configura\u00e7\u00e3o amplia a sombra lunar para 373 km de di\u00e2metro, reduzindo a luminosidade a 0,001% do padr\u00e3o em \u00e1reas centrais. O alinhamento ocorrer\u00e1 entre 08:01 UTC no Atl\u00e2ntico Norte e 11:34 UTC no Golfo de \u00c1den.<\/p>\n\n\n\n<h2 class=\"wp-block-heading\">Mecanismo de forma\u00e7\u00e3o<\/h2>\n\n\n\n<p>Eclipses solares totais exigem precis\u00e3o matem\u00e1tica: o disco lunar deve cobrir 100% do Sol, com margem de 0,5% para varia\u00e7\u00f5es orbitais. Em 2027, a magnitude angular de 1,051 permitir\u00e1 observa\u00e7\u00e3o detalhada da cromosfera antes da cobertura total, fen\u00f4meno conhecido como &#8220;anel de diamante inverso&#8221;.<\/p>\n\n\n\n<h2 class=\"wp-block-heading\">Aplica\u00e7\u00f5es cient\u00edficas<\/h2>\n\n\n\n<p>O evento permitir\u00e1 avan\u00e7os em tr\u00eas frentes: Mapeamento tridimensional de estruturas magn\u00e9ticas coronais, an\u00e1lise de perturba\u00e7\u00f5es ionosf\u00e9ricas durante a escurid\u00e3o diurna e estudos comportamentais de fauna em ambientes de ilumina\u00e7\u00e3o abrupta.<\/p>\n\n\n\n<p>Equipes internacionais v\u00e3o instalar 17 esta\u00e7\u00f5es m\u00f3veis no Saara para capturar dados espectrais de alta resolu\u00e7\u00e3o.<\/p>\n\n\n\n<h2 class=\"wp-block-heading\">Comparativo hist\u00f3rico<\/h2>\n\n\n\n<p>O eclipse de 2027 superar\u00e1 em 1 minuto e 54 segundos o evento de 2024 (4m28s), estabelecendo novo recorde para eclipses terrestres no s\u00e9culo. A faixa de totalidade ser\u00e1 58% mais larga que a m\u00e9dia, beneficiando 32 milh\u00f5es de pessoas sob a sombra lunar direta.<\/p>\n","protected":false},"excerpt":{"rendered":"<p>Em 2 de agosto de 2027, o maior eclipse solar do s\u00e9culo XXI mergulhar\u00e1 partes da Terra em escurid\u00e3o total por 6 minutos e 22 segundos. Confirmado pela NASA, o fen\u00f4meno superar\u00e1 em dura\u00e7\u00e3o o eclipse de 2024 e oferecer\u00e1 condi\u00e7\u00f5es \u00fanicas para estudos da coroa solar, conforme registrado pela \u00faltima vez em 2006. A [&hellip;]<\/p>\n","protected":false},"author":13,"featured_media":0,"comment_status":"open","ping_status":"open","sticky":false,"template":"","format":"standard","meta":{"jnews-multi-image_gallery":[],"jnews_single_post":{"format":"standard"},"jnews_primary_category":[],"jnews_social_meta":[],"footnotes":""},"categories":[1],"tags":[],"class_list":["post-12227","post","type-post","status-publish","format-standard","hentry","category-mix"],"_links":{"self":[{"href":"https:\/\/correiodoestado.audiencelabs.com.br\/wp-json\/wp\/v2\/posts\/12227","targetHints":{"allow":["GET"]}}],"collection":[{"href":"https:\/\/correiodoestado.audiencelabs.com.br\/wp-json\/wp\/v2\/posts"}],"about":[{"href":"https:\/\/correiodoestado.audiencelabs.com.br\/wp-json\/wp\/v2\/types\/post"}],"author":[{"embeddable":true,"href":"https:\/\/correiodoestado.audiencelabs.com.br\/wp-json\/wp\/v2\/users\/13"}],"replies":[{"embeddable":true,"href":"https:\/\/correiodoestado.audiencelabs.com.br\/wp-json\/wp\/v2\/comments?post=12227"}],"version-history":[{"count":2,"href":"https:\/\/correiodoestado.audiencelabs.com.br\/wp-json\/wp\/v2\/posts\/12227\/revisions"}],"predecessor-version":[{"id":12367,"href":"https:\/\/correiodoestado.audiencelabs.com.br\/wp-json\/wp\/v2\/posts\/12227\/revisions\/12367"}],"wp:attachment":[{"href":"https:\/\/correiodoestado.audiencelabs.com.br\/wp-json\/wp\/v2\/media?parent=12227"}],"wp:term":[{"taxonomy":"category","embeddable":true,"href":"https:\/\/correiodoestado.audiencelabs.com.br\/wp-json\/wp\/v2\/categories?post=12227"},{"taxonomy":"post_tag","embeddable":true,"href":"https:\/\/correiodoestado.audiencelabs.com.br\/wp-json\/wp\/v2\/tags?post=12227"}],"curies":[{"name":"wp","href":"https:\/\/api.w.org\/{rel}","templated":true}]}}