{"id":12305,"date":"2025-09-29T21:00:00","date_gmt":"2025-09-30T00:00:00","guid":{"rendered":"https:\/\/correiodoestado.audiencelabs.com.br\/?p=12305"},"modified":"2025-09-29T10:20:24","modified_gmt":"2025-09-29T13:20:24","slug":"novo-aeroporto-internacional-do-brasil-sera-construido-na-paraiba-informacao-confirmada","status":"publish","type":"post","link":"https:\/\/correiodoestado.audiencelabs.com.br\/novo-aeroporto-internacional-do-brasil-sera-construido-na-paraiba-informacao-confirmada\/","title":{"rendered":"Novo aeroporto internacional do Brasil ser\u00e1 constru\u00eddo na Para\u00edba? Informa\u00e7\u00e3o confirmada"},"content":{"rendered":"\n<p>Recentemente, a Para\u00edba entrou na disputa para a constru\u00e7\u00e3o de um novo aeroporto internacional no Nordeste brasileiro. Embora ainda n\u00e3o haja um local definido, a proposta \u00e9 parte de um projeto mais amplo que visa modernizar a infraestrutura a\u00e9rea da regi\u00e3o.&nbsp;<\/p>\n\n\n\n<p>Este novo terminal, que promete ser de alta tecnologia e sustent\u00e1vel, foi apresentado pelo Banco de Desenvolvimento da Am\u00e9rica Latina e Caribe (CAF) durante o F\u00f3rum Turismo e Investimentos | Brasil 360\u00b0, realizado em S\u00e3o Paulo.<\/p>\n\n\n\n<figure class=\"wp-block-gallery has-nested-images columns-default is-cropped wp-block-gallery-1 is-layout-flex wp-block-gallery-is-layout-flex\">\n<figure class=\"wp-block-image size-large\"><img loading=\"lazy\" decoding=\"async\" width=\"901\" height=\"600\" data-id=\"12306\" src=\"https:\/\/correiodoestado.audiencelabs.com.br\/wp-content\/uploads\/2025\/09\/Captura-de-tela-2025-09-26-163458.png\" alt=\"\" class=\"wp-image-12306\" srcset=\"https:\/\/correiodoestado.audiencelabs.com.br\/wp-content\/uploads\/2025\/09\/Captura-de-tela-2025-09-26-163458.png 901w, https:\/\/correiodoestado.audiencelabs.com.br\/wp-content\/uploads\/2025\/09\/Captura-de-tela-2025-09-26-163458-300x200.png 300w, https:\/\/correiodoestado.audiencelabs.com.br\/wp-content\/uploads\/2025\/09\/Captura-de-tela-2025-09-26-163458-768x511.png 768w, https:\/\/correiodoestado.audiencelabs.com.br\/wp-content\/uploads\/2025\/09\/Captura-de-tela-2025-09-26-163458-750x499.png 750w\" sizes=\"auto, (max-width: 901px) 100vw, 901px\" \/><figcaption class=\"wp-element-caption\">Cr\u00e9ditos: Unsplash<\/figcaption><\/figure>\n<\/figure>\n\n\n\n<h2 class=\"wp-block-heading\">Projeto e regulamenta\u00e7\u00e3o<\/h2>\n\n\n\n<p>O projeto para o novo aeroporto est\u00e1 atrelado \u00e0 aprova\u00e7\u00e3o do Projeto de Lei n\u00ba 4.392, atualmente em an\u00e1lise no Congresso Nacional. Essa legisla\u00e7\u00e3o permitir\u00e1 que companhias a\u00e9reas estrangeiras operem voos dom\u00e9sticos no Brasil, uma pr\u00e1tica conhecida como cabotagem.&nbsp;<\/p>\n\n\n\n<p>A regulamenta\u00e7\u00e3o desse projeto \u00e9 vista como um passo crucial para a cria\u00e7\u00e3o de um hub a\u00e9reo em uma das capitais nordestinas, integrando opera\u00e7\u00f5es internacionais e nacionais em um \u00fanico terminal.&nbsp;<\/p>\n\n\n\n<p>O governador da Para\u00edba, Jo\u00e3o Azev\u00eado, destacou que o estado possui condi\u00e7\u00f5es fiscais e log\u00edsticas favor\u00e1veis para receber o empreendimento, afirmando que a Para\u00edba est\u00e1 pronta para competir por esse investimento.<\/p>\n\n\n\n<p>A proposta inclui a automa\u00e7\u00e3o de parte das opera\u00e7\u00f5es utilizando rob\u00f4s, al\u00e9m de um enfoque em efici\u00eancia energ\u00e9tica e sustentabilidade. O secret\u00e1rio-geral da ONU Turismo, Zurab Pololikashvili, mencionou que este modelo pode se tornar um padr\u00e3o global, ressaltando a import\u00e2ncia de criar um espa\u00e7o que transcende a simples opera\u00e7\u00e3o de voos.<\/p>\n\n\n\n<p>Al\u00e9m de gerar empregos durante a constru\u00e7\u00e3o e opera\u00e7\u00e3o, o terminal poder\u00e1 atrair um fluxo maior de turistas internacionais, impulsionando o setor de turismo local. O governo federal tamb\u00e9m est\u00e1 alinhado com essa iniciativa, oferecendo incentivos por meio do Programa de Acelera\u00e7\u00e3o do Turismo Internacional (Pati), que visa aumentar o n\u00famero de visitantes estrangeiros no Brasil.<\/p>\n","protected":false},"excerpt":{"rendered":"<p>Recentemente, a Para\u00edba entrou na disputa para a constru\u00e7\u00e3o de um novo aeroporto internacional no Nordeste brasileiro. Embora ainda n\u00e3o haja um local definido, a proposta \u00e9 parte de um projeto mais amplo que visa modernizar a infraestrutura a\u00e9rea da regi\u00e3o.&nbsp; Este novo terminal, que promete ser de alta tecnologia e sustent\u00e1vel, foi apresentado pelo [&hellip;]<\/p>\n","protected":false},"author":12,"featured_media":12307,"comment_status":"open","ping_status":"open","sticky":false,"template":"","format":"standard","meta":{"jnews-multi-image_gallery":[],"jnews_single_post":{"format":"standard"},"jnews_primary_category":[],"jnews_social_meta":[],"footnotes":""},"categories":[1],"tags":[],"class_list":["post-12305","post","type-post","status-publish","format-standard","has-post-thumbnail","hentry","category-mix"],"_links":{"self":[{"href":"https:\/\/correiodoestado.audiencelabs.com.br\/wp-json\/wp\/v2\/posts\/12305","targetHints":{"allow":["GET"]}}],"collection":[{"href":"https:\/\/correiodoestado.audiencelabs.com.br\/wp-json\/wp\/v2\/posts"}],"about":[{"href":"https:\/\/correiodoestado.audiencelabs.com.br\/wp-json\/wp\/v2\/types\/post"}],"author":[{"embeddable":true,"href":"https:\/\/correiodoestado.audiencelabs.com.br\/wp-json\/wp\/v2\/users\/12"}],"replies":[{"embeddable":true,"href":"https:\/\/correiodoestado.audiencelabs.com.br\/wp-json\/wp\/v2\/comments?post=12305"}],"version-history":[{"count":1,"href":"https:\/\/correiodoestado.audiencelabs.com.br\/wp-json\/wp\/v2\/posts\/12305\/revisions"}],"predecessor-version":[{"id":12308,"href":"https:\/\/correiodoestado.audiencelabs.com.br\/wp-json\/wp\/v2\/posts\/12305\/revisions\/12308"}],"wp:featuredmedia":[{"embeddable":true,"href":"https:\/\/correiodoestado.audiencelabs.com.br\/wp-json\/wp\/v2\/media\/12307"}],"wp:attachment":[{"href":"https:\/\/correiodoestado.audiencelabs.com.br\/wp-json\/wp\/v2\/media?parent=12305"}],"wp:term":[{"taxonomy":"category","embeddable":true,"href":"https:\/\/correiodoestado.audiencelabs.com.br\/wp-json\/wp\/v2\/categories?post=12305"},{"taxonomy":"post_tag","embeddable":true,"href":"https:\/\/correiodoestado.audiencelabs.com.br\/wp-json\/wp\/v2\/tags?post=12305"}],"curies":[{"name":"wp","href":"https:\/\/api.w.org\/{rel}","templated":true}]}}