{"id":1239,"date":"2025-07-10T21:00:00","date_gmt":"2025-07-11T00:00:00","guid":{"rendered":"https:\/\/correiodoestado.audiencelabs.com.br\/?p=1239"},"modified":"2025-07-10T16:37:48","modified_gmt":"2025-07-10T19:37:48","slug":"ciencia-explica-como-o-ato-de-ficar-parado-influencia-nosso-cerebro","status":"publish","type":"post","link":"https:\/\/correiodoestado.audiencelabs.com.br\/ciencia-explica-como-o-ato-de-ficar-parado-influencia-nosso-cerebro\/","title":{"rendered":"Ci\u00eancia explica como o ato de ficar parado influencia nosso c\u00e9rebro"},"content":{"rendered":"\n<p>A sociedade moderna valoriza a produ\u00e7\u00e3o constante e a agilidade, muitas vezes enxergando o tempo de inatividade como pregui\u00e7a. No entanto, estudos recentes mostram que esses momentos de \u00f3cio t\u00eam papel fundamental no funcionamento cerebral, estimulando o pensamento criativo e o racioc\u00ednio.<\/p>\n\n\n\n<h2 class=\"wp-block-heading\">O poder do repouso mental<\/h2>\n\n\n\n<p>Quando ficamos parados, sem realizar qualquer atividade externa, nosso c\u00e9rebro n\u00e3o \u201cdesliga\u201d: as regi\u00f5es do c\u00f3rtex visual continuam funcionando. Esse tempo de ociosidade permite que o c\u00e9rebro re\u00fana e organize informa\u00e7\u00f5es, preparando-se para realizar tarefas com foco e clareza.<\/p>\n\n\n\n<p>Al\u00e9m disso, essa pausa ativa a chamada rede neural de modo padr\u00e3o \u2014 \u00e1reas como o c\u00f3rtex pr\u00e9\u2011frontal medial, o c\u00f3rtex cingulado posterior e o lobo parietal inferior entram em a\u00e7\u00e3o. S\u00e3o essas regi\u00f5es respons\u00e1veis por processos como tomada de decis\u00e3o, elabora\u00e7\u00e3o de ideias e controle emocional, facilitando insights criativos e solu\u00e7\u00f5es espont\u00e2neas.<\/p>\n\n\n\n<h2 class=\"wp-block-heading\">Quando a inspira\u00e7\u00e3o aparece em momentos de tranquilidade<\/h2>\n\n\n\n<p>Grandes pensadores da hist\u00f3ria costumavam dedicar longos per\u00edodos a caminhadas e contempla\u00e7\u00e3o, aproveitando o momento livre de press\u00e3o para deixar a mente fluir. Pesquisas indicam que muitas das ideias mais significativas surgem durante o repouso mental \u2014 cerca de 20% delas, segundo estudos com f\u00edsicos e escritores.<\/p>\n\n\n\n<p>Al\u00e9m do aumento da criatividade, ficar parado tamb\u00e9m traz benef\u00edcios para a sa\u00fade mental. Os ritmos internos do c\u00e9rebro se ajustam nesses momentos, promovendo estados de consci\u00eancia mais calmos, reflexivos e restauradores. Esse descanso cerebral favorece a neuroplasticidade e contribui para o equil\u00edbrio emocional.<\/p>\n\n\n\n<p>Ficar sem distra\u00e7\u00f5es e simplesmente observar seus pensamentos pode renovar sua capacidade de foco, gerar novas ideias e recarregar a mente. Portanto, timidamente abra\u00e7ar momentos de quietude pode ser a chave para destravar criatividade, clareza mental e bem-estar emocional.<\/p>\n","protected":false},"excerpt":{"rendered":"<p>A sociedade moderna valoriza a produ\u00e7\u00e3o constante e a agilidade, muitas vezes enxergando o tempo de inatividade como pregui\u00e7a. No entanto, estudos recentes mostram que esses momentos de \u00f3cio t\u00eam papel fundamental no funcionamento cerebral, estimulando o pensamento criativo e o racioc\u00ednio. O poder do repouso mental Quando ficamos parados, sem realizar qualquer atividade externa, [&hellip;]<\/p>\n","protected":false},"author":7,"featured_media":1240,"comment_status":"open","ping_status":"open","sticky":false,"template":"","format":"standard","meta":{"jnews-multi-image_gallery":[],"jnews_single_post":{"format":"standard"},"jnews_primary_category":[],"jnews_social_meta":[],"footnotes":""},"categories":[1],"tags":[],"class_list":["post-1239","post","type-post","status-publish","format-standard","has-post-thumbnail","hentry","category-mix"],"_links":{"self":[{"href":"https:\/\/correiodoestado.audiencelabs.com.br\/wp-json\/wp\/v2\/posts\/1239","targetHints":{"allow":["GET"]}}],"collection":[{"href":"https:\/\/correiodoestado.audiencelabs.com.br\/wp-json\/wp\/v2\/posts"}],"about":[{"href":"https:\/\/correiodoestado.audiencelabs.com.br\/wp-json\/wp\/v2\/types\/post"}],"author":[{"embeddable":true,"href":"https:\/\/correiodoestado.audiencelabs.com.br\/wp-json\/wp\/v2\/users\/7"}],"replies":[{"embeddable":true,"href":"https:\/\/correiodoestado.audiencelabs.com.br\/wp-json\/wp\/v2\/comments?post=1239"}],"version-history":[{"count":2,"href":"https:\/\/correiodoestado.audiencelabs.com.br\/wp-json\/wp\/v2\/posts\/1239\/revisions"}],"predecessor-version":[{"id":1242,"href":"https:\/\/correiodoestado.audiencelabs.com.br\/wp-json\/wp\/v2\/posts\/1239\/revisions\/1242"}],"wp:featuredmedia":[{"embeddable":true,"href":"https:\/\/correiodoestado.audiencelabs.com.br\/wp-json\/wp\/v2\/media\/1240"}],"wp:attachment":[{"href":"https:\/\/correiodoestado.audiencelabs.com.br\/wp-json\/wp\/v2\/media?parent=1239"}],"wp:term":[{"taxonomy":"category","embeddable":true,"href":"https:\/\/correiodoestado.audiencelabs.com.br\/wp-json\/wp\/v2\/categories?post=1239"},{"taxonomy":"post_tag","embeddable":true,"href":"https:\/\/correiodoestado.audiencelabs.com.br\/wp-json\/wp\/v2\/tags?post=1239"}],"curies":[{"name":"wp","href":"https:\/\/api.w.org\/{rel}","templated":true}]}}