{"id":12436,"date":"2025-10-03T22:11:00","date_gmt":"2025-10-04T01:11:00","guid":{"rendered":"https:\/\/correiodoestado.audiencelabs.com.br\/?p=12436"},"modified":"2025-10-03T19:15:42","modified_gmt":"2025-10-03T22:15:42","slug":"dragoes-venenosos-que-muitos-pensavam-nem-existir-voltam-a-assombrar-banhistas-no-litoral-da-espanha","status":"publish","type":"post","link":"https:\/\/correiodoestado.audiencelabs.com.br\/dragoes-venenosos-que-muitos-pensavam-nem-existir-voltam-a-assombrar-banhistas-no-litoral-da-espanha\/","title":{"rendered":"Drag\u00f5es venenosos que muitos pensavam nem existir voltam a assombrar banhistas no litoral da Espanha"},"content":{"rendered":"\n<p>O litoral da Espanha voltou a registrar a presen\u00e7a de uma criatura rara que despertou aten\u00e7\u00e3o e cautela entre banhistas e autoridades: os chamados drag\u00f5es azuis (Glaucus atlanticus). Trata-se de uma lesma marinha de pequeno porte, mas com forte capacidade venenosa, que havia sido considerada por muitos apenas uma curiosidade distante dos mares espanh\u00f3is.&nbsp;<\/p>\n\n\n\n<p>Os primeiros registros ocorreram em Guardamar del Segura, em Alicante, e logo se estenderam para outras regi\u00f5es, incluindo Val\u00eancia, Maiorca e at\u00e9 pontos das Ilhas Can\u00e1rias. Diante do aumento dos avistamentos, as autoridades locais elevaram o n\u00edvel de alerta, restringindo banhos em \u00e1reas afetadas e hasteando bandeiras vermelhas como forma de preven\u00e7\u00e3o.&nbsp;<\/p>\n\n\n\n<p>Embora nenhuma ocorr\u00eancia grave tenha sido registrada at\u00e9 agora, os \u00f3rg\u00e3os de seguran\u00e7a mar\u00edtima refor\u00e7aram que o contato com o animal pode provocar n\u00e1usea, v\u00f4mito e dor intensa, o que justificou a ado\u00e7\u00e3o de medidas cautelares.<\/p>\n\n\n\n<figure class=\"wp-block-gallery has-nested-images columns-default is-cropped wp-block-gallery-1 is-layout-flex wp-block-gallery-is-layout-flex\">\n<figure class=\"wp-block-image size-large\"><img loading=\"lazy\" decoding=\"async\" width=\"900\" height=\"600\" data-id=\"12438\" src=\"https:\/\/correiodoestado.audiencelabs.com.br\/wp-content\/uploads\/2025\/09\/dragao-azul-do-mar.jpg\" alt=\"\" class=\"wp-image-12438\" srcset=\"https:\/\/correiodoestado.audiencelabs.com.br\/wp-content\/uploads\/2025\/09\/dragao-azul-do-mar.jpg 900w, https:\/\/correiodoestado.audiencelabs.com.br\/wp-content\/uploads\/2025\/09\/dragao-azul-do-mar-300x200.jpg 300w, https:\/\/correiodoestado.audiencelabs.com.br\/wp-content\/uploads\/2025\/09\/dragao-azul-do-mar-768x512.jpg 768w, https:\/\/correiodoestado.audiencelabs.com.br\/wp-content\/uploads\/2025\/09\/dragao-azul-do-mar-750x500.jpg 750w\" sizes=\"auto, (max-width: 900px) 100vw, 900px\" \/><figcaption class=\"wp-element-caption\">Cr\u00e9ditos: Shutterstock<br><\/figcaption><\/figure>\n<\/figure>\n\n\n\n<h2 class=\"wp-block-heading\">O que s\u00e3o os drag\u00f5es azuis e por que s\u00e3o perigosos<\/h2>\n\n\n\n<p>Apesar de medir apenas de tr\u00eas a quatro cent\u00edmetros, o drag\u00e3o azul se destaca pela apar\u00eancia incomum, com ap\u00eandices que lembram asas abertas e colora\u00e7\u00e3o azulada voltada para o c\u00e9u.&nbsp;&nbsp;<\/p>\n\n\n\n<p>O perigo, no entanto, n\u00e3o est\u00e1 no tamanho, mas na forma como se alimenta e acumula toxinas. O drag\u00e3o azul \u00e9 predador da caravela-portuguesa, uma das esp\u00e9cies marinhas mais temidas por banhistas, e ret\u00e9m em seus tent\u00e1culos as c\u00e9lulas urticantes dessa presa.<\/p>\n\n\n\n<p>Autoridades locais recomendaram que, em caso de contato, a pele seja lavada imediatamente com \u00e1gua salgada, evitando o uso de \u00e1gua doce, e que a pessoa procure atendimento m\u00e9dico ou um posto de primeiros socorros. A orienta\u00e7\u00e3o \u00e9 tamb\u00e9m n\u00e3o manipular os animais, nem mesmo com luvas, e sempre avisar salva-vidas ou guardas costeiros ao avist\u00e1-los.<\/p>\n","protected":false},"excerpt":{"rendered":"<p>O litoral da Espanha voltou a registrar a presen\u00e7a de uma criatura rara que despertou aten\u00e7\u00e3o e cautela entre banhistas e autoridades: os chamados drag\u00f5es azuis (Glaucus atlanticus). Trata-se de uma lesma marinha de pequeno porte, mas com forte capacidade venenosa, que havia sido considerada por muitos apenas uma curiosidade distante dos mares espanh\u00f3is.&nbsp; Os [&hellip;]<\/p>\n","protected":false},"author":12,"featured_media":12437,"comment_status":"open","ping_status":"open","sticky":false,"template":"","format":"standard","meta":{"jnews-multi-image_gallery":[],"jnews_single_post":{"format":"standard"},"jnews_primary_category":[],"jnews_social_meta":[],"footnotes":""},"categories":[1],"tags":[],"class_list":["post-12436","post","type-post","status-publish","format-standard","has-post-thumbnail","hentry","category-mix"],"_links":{"self":[{"href":"https:\/\/correiodoestado.audiencelabs.com.br\/wp-json\/wp\/v2\/posts\/12436","targetHints":{"allow":["GET"]}}],"collection":[{"href":"https:\/\/correiodoestado.audiencelabs.com.br\/wp-json\/wp\/v2\/posts"}],"about":[{"href":"https:\/\/correiodoestado.audiencelabs.com.br\/wp-json\/wp\/v2\/types\/post"}],"author":[{"embeddable":true,"href":"https:\/\/correiodoestado.audiencelabs.com.br\/wp-json\/wp\/v2\/users\/12"}],"replies":[{"embeddable":true,"href":"https:\/\/correiodoestado.audiencelabs.com.br\/wp-json\/wp\/v2\/comments?post=12436"}],"version-history":[{"count":1,"href":"https:\/\/correiodoestado.audiencelabs.com.br\/wp-json\/wp\/v2\/posts\/12436\/revisions"}],"predecessor-version":[{"id":12439,"href":"https:\/\/correiodoestado.audiencelabs.com.br\/wp-json\/wp\/v2\/posts\/12436\/revisions\/12439"}],"wp:featuredmedia":[{"embeddable":true,"href":"https:\/\/correiodoestado.audiencelabs.com.br\/wp-json\/wp\/v2\/media\/12437"}],"wp:attachment":[{"href":"https:\/\/correiodoestado.audiencelabs.com.br\/wp-json\/wp\/v2\/media?parent=12436"}],"wp:term":[{"taxonomy":"category","embeddable":true,"href":"https:\/\/correiodoestado.audiencelabs.com.br\/wp-json\/wp\/v2\/categories?post=12436"},{"taxonomy":"post_tag","embeddable":true,"href":"https:\/\/correiodoestado.audiencelabs.com.br\/wp-json\/wp\/v2\/tags?post=12436"}],"curies":[{"name":"wp","href":"https:\/\/api.w.org\/{rel}","templated":true}]}}