{"id":12759,"date":"2025-10-01T17:18:00","date_gmt":"2025-10-01T20:18:00","guid":{"rendered":"https:\/\/correiodoestado.audiencelabs.com.br\/?p=12759"},"modified":"2025-09-30T20:07:56","modified_gmt":"2025-09-30T23:07:56","slug":"previsao-feita-por-albert-einstein-em-1915-foi-confirmada","status":"publish","type":"post","link":"https:\/\/correiodoestado.audiencelabs.com.br\/previsao-feita-por-albert-einstein-em-1915-foi-confirmada\/","title":{"rendered":"Previs\u00e3o feita por Albert Einstein em 1915 foi confirmada"},"content":{"rendered":"\n<p>Considerado um dos maiores f\u00edsicos de todos os tempos, <a href=\"https:\/\/correiodoestado.com.br\/mix\/albert-einstein-nao-tinha-medo-de-inimizade-e-deixou-por-escrito-o-que-odiou-no-brasil\/\" target=\"_blank\" rel=\"noopener\">Albert Einstein<\/a> revolucionou a forma de enxergar o\u00a0mundo\u00a0com sua genialidade. Famoso por conta da teoria da relatividade, o cientista tamb\u00e9m conseguiu prever o futuro ainda em 1915. <\/p>\n\n\n\n<p>Por meio do telesc\u00f3pio Euclides, da Ag\u00eancia Espacial Europeia (ESA), foi registrado o primeiro anel de Einstein, um fen\u00f4meno que ilustra as lentes gravitacionais previstas pela teoria da relatividade geral. A fa\u00e7anha garantiu uma confian\u00e7a a mais nos estudos do f\u00edsico, tendo em vista a oportunidade dos estudiosos em imergir na mat\u00e9ria escura em gal\u00e1xias distantes.<\/p>\n\n\n\n<figure class=\"wp-block-image size-large\"><img loading=\"lazy\" decoding=\"async\" width=\"1024\" height=\"613\" src=\"https:\/\/correiodoestado.audiencelabs.com.br\/wp-content\/uploads\/2025\/09\/ioc_v_ii_3867-1024x613.webp\" alt=\"\" class=\"wp-image-12761\" srcset=\"https:\/\/correiodoestado.audiencelabs.com.br\/wp-content\/uploads\/2025\/09\/ioc_v_ii_3867-1024x613.webp 1024w, https:\/\/correiodoestado.audiencelabs.com.br\/wp-content\/uploads\/2025\/09\/ioc_v_ii_3867-300x179.webp 300w, https:\/\/correiodoestado.audiencelabs.com.br\/wp-content\/uploads\/2025\/09\/ioc_v_ii_3867-768x459.webp 768w, https:\/\/correiodoestado.audiencelabs.com.br\/wp-content\/uploads\/2025\/09\/ioc_v_ii_3867-750x449.webp 750w, https:\/\/correiodoestado.audiencelabs.com.br\/wp-content\/uploads\/2025\/09\/ioc_v_ii_3867-1140x682.webp 1140w, https:\/\/correiodoestado.audiencelabs.com.br\/wp-content\/uploads\/2025\/09\/ioc_v_ii_3867.webp 1170w\" sizes=\"auto, (max-width: 1024px) 100vw, 1024px\" \/><figcaption class=\"wp-element-caption\">Cr\u00e9ditos: J. Pinto\/Casa Oswaldo Cruz<\/figcaption><\/figure>\n\n\n\n<p>Na an\u00e1lise de Albert, as lentes gravitacionais ocorrem quando a luz de um objeto distante ou gal\u00e1xia \u00e9 curvada ao passar perto de um objeto massivo. Por consequ\u00eancia, o efeito acarreta formas distintas, como an\u00e9is ou m\u00faltiplas imagens do objeto original. <\/p>\n\n\n\n<p>Localizada a cerca de 590 milh\u00f5es de anos-luz da Terra, a gal\u00e1xia NGC 6505 tornou-se pe\u00e7a central da empreitada. Em resumo, o anel que a envolve \u00e9 formado pela luz de uma gal\u00e1xia ainda mais distante, situada a 4,4 bilh\u00f5es de anos-luz. <\/p>\n\n\n\n<p>A Ag\u00eancia Espacial Europeia estima que o telesc\u00f3pio Euclides encontrar\u00e1 apenas cerca de 20 an\u00e9is de Einstein durante sua miss\u00e3o, fazendo com que a descoberta tenha valor ainda maior. Apesar de a teoria levar o nome de Albert, o fen\u00f4meno descoberto recentemente ser\u00e1 cunhado por Bruno Altieri, quem localizou o anel recentemente.<\/p>\n\n\n\n<h2 class=\"wp-block-heading\">Erros cometidos nos estudos de Albert Einstein\u00a0<\/h2>\n\n\n\n<p>Ainda que sua genialidade seja foco de grandes estudos atuais, o f\u00edsico n\u00e3o conseguiu mostrar efici\u00eancia em todas as teorias. Isso porque o alem\u00e3o errou ao discorrer sobre a introdu\u00e7\u00e3o da constante cosmol\u00f3gica, o ceticismo sobre lentes gravitacionais e suas ressalvas em rela\u00e7\u00e3o \u00e0 mec\u00e2nica qu\u00e2ntica.<\/p>\n\n\n\n<p>No ano de 1917, Albert Einstein acrescentou uma constante cosmol\u00f3gica \u00e0s suas equa\u00e7\u00f5es, acreditando que o universo era est\u00e1tico. Por\u00e9m, com o avan\u00e7o dos estudos nos anos subsequentes, foi comprovado que a teoria do f\u00edsico estava completamente equivocada.<\/p>\n\n\n\n<p>Outra ideia defendida pela mente brilhante diz respeito \u00e0 observa\u00e7\u00e3o das lentes gravitacionais, fen\u00f4meno que ele mesmo teorizou. Em suma, as lentes gravitacionais, um efeito da gravidade que desvia a luz, s\u00e3o hoje indispens\u00e1veis para explorar gal\u00e1xias distantes. No passado, Einstein n\u00e3o deu tamanha import\u00e2ncia para aquilo que se tornaria conceito da cosmologia moderna.<\/p>\n\n\n\n<p>Por \u00faltimo, mas n\u00e3o menos importante, o cientista expressou desconforto com a d\u00favida sobre a mec\u00e2nica qu\u00e2ntica, que desafiava seu entendimento determinista do universo. Em sua an\u00e1lise minuciosa, n\u00e3o havia espa\u00e7o para que a probabilidade tomasse posse de seus estudos qu\u00e2nticos.<\/p>\n","protected":false},"excerpt":{"rendered":"<p>Conhecido por sua genialidade, Albert Einstein mostrou que seus estudos estavam corretos, \u00e0 medida que o avan\u00e7o tecnol\u00f3gico permitiu novas viagens espaciais <\/p>\n","protected":false},"author":8,"featured_media":12762,"comment_status":"open","ping_status":"open","sticky":false,"template":"","format":"standard","meta":{"jnews-multi-image_gallery":[],"jnews_single_post":{"format":"standard"},"jnews_primary_category":[],"jnews_social_meta":[],"footnotes":""},"categories":[1],"tags":[],"class_list":["post-12759","post","type-post","status-publish","format-standard","has-post-thumbnail","hentry","category-mix"],"_links":{"self":[{"href":"https:\/\/correiodoestado.audiencelabs.com.br\/wp-json\/wp\/v2\/posts\/12759","targetHints":{"allow":["GET"]}}],"collection":[{"href":"https:\/\/correiodoestado.audiencelabs.com.br\/wp-json\/wp\/v2\/posts"}],"about":[{"href":"https:\/\/correiodoestado.audiencelabs.com.br\/wp-json\/wp\/v2\/types\/post"}],"author":[{"embeddable":true,"href":"https:\/\/correiodoestado.audiencelabs.com.br\/wp-json\/wp\/v2\/users\/8"}],"replies":[{"embeddable":true,"href":"https:\/\/correiodoestado.audiencelabs.com.br\/wp-json\/wp\/v2\/comments?post=12759"}],"version-history":[{"count":1,"href":"https:\/\/correiodoestado.audiencelabs.com.br\/wp-json\/wp\/v2\/posts\/12759\/revisions"}],"predecessor-version":[{"id":12763,"href":"https:\/\/correiodoestado.audiencelabs.com.br\/wp-json\/wp\/v2\/posts\/12759\/revisions\/12763"}],"wp:featuredmedia":[{"embeddable":true,"href":"https:\/\/correiodoestado.audiencelabs.com.br\/wp-json\/wp\/v2\/media\/12762"}],"wp:attachment":[{"href":"https:\/\/correiodoestado.audiencelabs.com.br\/wp-json\/wp\/v2\/media?parent=12759"}],"wp:term":[{"taxonomy":"category","embeddable":true,"href":"https:\/\/correiodoestado.audiencelabs.com.br\/wp-json\/wp\/v2\/categories?post=12759"},{"taxonomy":"post_tag","embeddable":true,"href":"https:\/\/correiodoestado.audiencelabs.com.br\/wp-json\/wp\/v2\/tags?post=12759"}],"curies":[{"name":"wp","href":"https:\/\/api.w.org\/{rel}","templated":true}]}}