{"id":12769,"date":"2025-10-01T19:30:00","date_gmt":"2025-10-01T22:30:00","guid":{"rendered":"https:\/\/correiodoestado.audiencelabs.com.br\/?p=12769"},"modified":"2025-09-30T21:28:17","modified_gmt":"2025-10-01T00:28:17","slug":"outubro-chega-trazendo-novidades-no-vale-alimentacao-saiba-como-vai-ficar","status":"publish","type":"post","link":"https:\/\/correiodoestado.audiencelabs.com.br\/outubro-chega-trazendo-novidades-no-vale-alimentacao-saiba-como-vai-ficar\/","title":{"rendered":"Outubro chega trazendo novidades no Vale-Alimenta\u00e7\u00e3o: Saiba como vai ficar"},"content":{"rendered":"\n<p>Nesta segunda-feira (29), o ministro do Trabalho e Emprego, Luiz Marinho, confirmou que o <a href=\"https:\/\/correiodoestado.com.br\/mix\/governo-vai-parcelar-divida-comum-dos-jovens-em-180-vezes-com-parcela-minima-de-r-200\/\" target=\"_blank\" rel=\"noopener\">Governo Federal<\/a> deseja anunciar, em outubro, novas mudan\u00e7as para o Programa de Alimenta\u00e7\u00e3o do Trabalhador (PAT).\u00a0A ideia \u00e9 limitar a taxa de desconto cobrada\u00a0em bares, restaurantes e supermercados nas vendas com vale-refei\u00e7\u00e3o e vale-alimenta\u00e7\u00e3o.<img decoding=\"async\" src=\"https:\/\/agenciabrasil.ebc.com.br\/ebc.png?id=1660668&amp;o=node\"><img decoding=\"async\" src=\"https:\/\/agenciabrasil.ebc.com.br\/ebc.gif?id=1660668&amp;o=node\"><\/p>\n\n\n\n<p>A princ\u00edpio, as altera\u00e7\u00f5es deveriam ter sido anunciadas em maio deste ano, mas, por quest\u00f5es n\u00e3o reveladas, foram projetadas cinco meses ap\u00f3s o estipulado. As taxas de desconto, conhecidas como Merchant Discount Rate (MDR), s\u00e3o cobradas dos estabelecimentos que aceitam esses cart\u00f5es como forma de pagamento.\u00a0<\/p>\n\n\n\n<figure class=\"wp-block-image size-large\"><img loading=\"lazy\" decoding=\"async\" width=\"1024\" height=\"613\" src=\"https:\/\/correiodoestado.audiencelabs.com.br\/wp-content\/uploads\/2025\/09\/0d7a6483-1024x613.webp\" alt=\"\" class=\"wp-image-12772\" srcset=\"https:\/\/correiodoestado.audiencelabs.com.br\/wp-content\/uploads\/2025\/09\/0d7a6483-1024x613.webp 1024w, https:\/\/correiodoestado.audiencelabs.com.br\/wp-content\/uploads\/2025\/09\/0d7a6483-300x179.webp 300w, https:\/\/correiodoestado.audiencelabs.com.br\/wp-content\/uploads\/2025\/09\/0d7a6483-768x459.webp 768w, https:\/\/correiodoestado.audiencelabs.com.br\/wp-content\/uploads\/2025\/09\/0d7a6483-750x449.webp 750w, https:\/\/correiodoestado.audiencelabs.com.br\/wp-content\/uploads\/2025\/09\/0d7a6483-1140x682.webp 1140w, https:\/\/correiodoestado.audiencelabs.com.br\/wp-content\/uploads\/2025\/09\/0d7a6483.webp 1170w\" sizes=\"auto, (max-width: 1024px) 100vw, 1024px\" \/><figcaption class=\"wp-element-caption\">Cr\u00e9ditos: Valter Campanato\/Ag\u00eancia Brasil<\/figcaption><\/figure>\n\n\n\n<p>No entanto, o governo deseja que a diminui\u00e7\u00e3o da taxa seja apenas mais um detalhe entre o rol de mudan\u00e7as. Isso porque pretende reduzir o prazo para que as empresas repassem os valores aos bares, restaurantes e mercados. A t\u00edtulo de curiosidade, atualmente, as operadoras demoram cerca de 30 dias para repassar os recursos.<\/p>\n\n\n\n<p>\u201cO presidente Lula nos autorizou. Est\u00e1 comigo e com o Haddad [ministro da Fazenda do Brasil], e eu e ele vamos tomar essa decis\u00e3o assim que vencermos o cansa\u00e7o na mesa de negocia\u00e7\u00e3o. Precisamos decidir em outubro, de qualquer jeito. O que estamos buscando \u00e9 criar condi\u00e7\u00f5es para evitar ajuizamento\u201d, informou o ministro.<\/p>\n\n\n\n<h2 class=\"wp-block-heading\">Confira as mudan\u00e7as previstas em rela\u00e7\u00e3o ao vale-alimenta\u00e7\u00e3o<\/h2>\n\n\n\n<p>De modo geral, a redu\u00e7\u00e3o sobre as taxas est\u00e1 sendo analisada com cautela, porque a avalia\u00e7\u00e3o \u00e9 de que o \u00edndice praticado hoje leva muitos estabelecimentos a n\u00e3o aceitarem o recurso. Assim, o valor m\u00e1ximo (teto) poder\u00e1 ficar pr\u00f3ximo de 3,5%. Em contrapartida, integrantes do governo citam que, em alguns casos, as operadoras do benef\u00edcio chegam a cobrar bem mais de 5%.<\/p>\n\n\n\n<p><strong>A proposta prev\u00ea:<\/strong><\/p>\n\n\n\n<ul class=\"wp-block-list\">\n<li>Cria\u00e7\u00e3o de um teto na taxa cobrada pelas empresas que operam os vales;<\/li>\n\n\n\n<li>Reduzir prazo de repasse dos valores aos lojistas (donos de restaurantes e supermercados);<\/li>\n\n\n\n<li>Portabilidade de cart\u00e3o do benef\u00edcio.<\/li>\n<\/ul>\n","protected":false},"excerpt":{"rendered":"<p>O ministro do Trabalho e Emprego, Luiz Marinho, confirmou que o Governo Federal deseja anunciar novas mudan\u00e7as para o Programa de Alimenta\u00e7\u00e3o do Trabalhador (PAT)<\/p>\n","protected":false},"author":8,"featured_media":12771,"comment_status":"open","ping_status":"open","sticky":false,"template":"","format":"standard","meta":{"jnews-multi-image_gallery":[],"jnews_single_post":{"format":"standard"},"jnews_primary_category":[],"jnews_social_meta":[],"footnotes":""},"categories":[1],"tags":[],"class_list":["post-12769","post","type-post","status-publish","format-standard","has-post-thumbnail","hentry","category-mix"],"_links":{"self":[{"href":"https:\/\/correiodoestado.audiencelabs.com.br\/wp-json\/wp\/v2\/posts\/12769","targetHints":{"allow":["GET"]}}],"collection":[{"href":"https:\/\/correiodoestado.audiencelabs.com.br\/wp-json\/wp\/v2\/posts"}],"about":[{"href":"https:\/\/correiodoestado.audiencelabs.com.br\/wp-json\/wp\/v2\/types\/post"}],"author":[{"embeddable":true,"href":"https:\/\/correiodoestado.audiencelabs.com.br\/wp-json\/wp\/v2\/users\/8"}],"replies":[{"embeddable":true,"href":"https:\/\/correiodoestado.audiencelabs.com.br\/wp-json\/wp\/v2\/comments?post=12769"}],"version-history":[{"count":1,"href":"https:\/\/correiodoestado.audiencelabs.com.br\/wp-json\/wp\/v2\/posts\/12769\/revisions"}],"predecessor-version":[{"id":12773,"href":"https:\/\/correiodoestado.audiencelabs.com.br\/wp-json\/wp\/v2\/posts\/12769\/revisions\/12773"}],"wp:featuredmedia":[{"embeddable":true,"href":"https:\/\/correiodoestado.audiencelabs.com.br\/wp-json\/wp\/v2\/media\/12771"}],"wp:attachment":[{"href":"https:\/\/correiodoestado.audiencelabs.com.br\/wp-json\/wp\/v2\/media?parent=12769"}],"wp:term":[{"taxonomy":"category","embeddable":true,"href":"https:\/\/correiodoestado.audiencelabs.com.br\/wp-json\/wp\/v2\/categories?post=12769"},{"taxonomy":"post_tag","embeddable":true,"href":"https:\/\/correiodoestado.audiencelabs.com.br\/wp-json\/wp\/v2\/tags?post=12769"}],"curies":[{"name":"wp","href":"https:\/\/api.w.org\/{rel}","templated":true}]}}