{"id":12860,"date":"2025-10-03T19:10:00","date_gmt":"2025-10-03T22:10:00","guid":{"rendered":"https:\/\/correiodoestado.audiencelabs.com.br\/?p=12860"},"modified":"2025-10-02T16:57:09","modified_gmt":"2025-10-02T19:57:09","slug":"qual-foi-o-destino-do-banco-bamerindus","status":"publish","type":"post","link":"https:\/\/correiodoestado.audiencelabs.com.br\/qual-foi-o-destino-do-banco-bamerindus\/","title":{"rendered":"Qual foi o destino do Banco Bamerindus?"},"content":{"rendered":"\n<p>O Banco Bamerindus, uma das marcas mais emblem\u00e1ticas das finan\u00e7as brasileiras, foi fundado em 17 de janeiro de 1929, na cidade de Tomazina, Paran\u00e1, por Avelino Ant\u00f4nio Vieira. Entre as d\u00e9cadas de 1970 e 1980, sob a lideran\u00e7a de Jos\u00e9 Eduardo de Andrade Vieira, o Bamerindus experimentou uma r\u00e1pida expans\u00e3o.<\/p>\n\n\n\n<p>A abertura de centenas de ag\u00eancias em todo o pa\u00eds marcou o crescimento expressivo da institui\u00e7\u00e3o, que se solidificou como um dos maiores bancos privados do Brasil. O Bamerindus tornou-se, assim, um nome proeminente no setor financeiro nacional, reconhecido por sua presen\u00e7a ampla e estrat\u00e9gica.<\/p>\n\n\n\n<figure class=\"wp-block-gallery has-nested-images columns-default is-cropped wp-block-gallery-1 is-layout-flex wp-block-gallery-is-layout-flex\">\n<figure class=\"wp-block-image size-large\"><img decoding=\"async\" data-id=\"12861\" src=\"https:\/\/correiodoestado.audiencelabs.com.br\/wp-content\/uploads\/2025\/10\/ef7b3f93-a529-4d66-b8cf-98d8c750e483.jpg\" alt=\"\" class=\"wp-image-12861\" \/><figcaption class=\"wp-element-caption\">Cr\u00e9ditos: Bradesco (Arquivo)<\/figcaption><\/figure>\n<\/figure>\n\n\n\n<h2 class=\"wp-block-heading\">Crescimento acelerado e crise financeira<\/h2>\n\n\n\n<p>\u00c0 medida que os anos 1990 avan\u00e7avam, o Bamerindus permaneceu fortemente presente na vida cotidiana dos brasileiros. O jingle da &#8220;Poupan\u00e7a Bamerindus&#8221;, veiculado em programas populares como o Doming\u00e3o do Faust\u00e3o, consolidou a imagem de estabilidade do banco.<\/p>\n\n\n\n<p>Entretanto, as dificuldades come\u00e7aram a surgir quando, em 1993, a abertura econ\u00f4mica do pa\u00eds e a implementa\u00e7\u00e3o do Plano Real causaram um forte impacto nas suas opera\u00e7\u00f5es financeiras, resultando em um rombo de mais de 7 bilh\u00f5es e meio de cruzeiros.<\/p>\n\n\n\n<p>A descentraliza\u00e7\u00e3o e a vasta rede de ag\u00eancias tornaram-se um fardo em meio \u00e0 turbul\u00eancia econ\u00f4mica. Enquanto outros bancos optaram por fus\u00f5es ou reestrutura\u00e7\u00f5es, o Bamerindus foi pressionado por problemas de liquidez, culminando em uma interven\u00e7\u00e3o do Banco Central em 1997.&nbsp;<\/p>\n\n\n\n<p>Esta interven\u00e7\u00e3o visava a estabiliza\u00e7\u00e3o do sistema financeiro e levou \u00e0 venda dos ativos saud\u00e1veis do banco ao HSBC, que passou a operar como HSBC Bamerindus. A transi\u00e7\u00e3o marcou n\u00e3o s\u00f3 o fim de uma era, mas tamb\u00e9m serviu de exemplo para o setor banc\u00e1rio, demonstrando a import\u00e2ncia de uma gest\u00e3o financeira s\u00f3lida e adaptabilidade \u00e0s mudan\u00e7as econ\u00f4micas.&nbsp;<\/p>\n","protected":false},"excerpt":{"rendered":"<p>O Banco Bamerindus, uma das marcas mais emblem\u00e1ticas das finan\u00e7as brasileiras, foi fundado em 17 de janeiro de 1929, na cidade de Tomazina, Paran\u00e1, por Avelino Ant\u00f4nio Vieira. Entre as d\u00e9cadas de 1970 e 1980, sob a lideran\u00e7a de Jos\u00e9 Eduardo de Andrade Vieira, o Bamerindus experimentou uma r\u00e1pida expans\u00e3o. A abertura de centenas de [&hellip;]<\/p>\n","protected":false},"author":12,"featured_media":0,"comment_status":"open","ping_status":"open","sticky":false,"template":"","format":"standard","meta":{"jnews-multi-image_gallery":[],"jnews_single_post":{"format":"standard"},"jnews_primary_category":[],"jnews_social_meta":[],"footnotes":""},"categories":[1],"tags":[],"class_list":["post-12860","post","type-post","status-publish","format-standard","hentry","category-mix"],"_links":{"self":[{"href":"https:\/\/correiodoestado.audiencelabs.com.br\/wp-json\/wp\/v2\/posts\/12860","targetHints":{"allow":["GET"]}}],"collection":[{"href":"https:\/\/correiodoestado.audiencelabs.com.br\/wp-json\/wp\/v2\/posts"}],"about":[{"href":"https:\/\/correiodoestado.audiencelabs.com.br\/wp-json\/wp\/v2\/types\/post"}],"author":[{"embeddable":true,"href":"https:\/\/correiodoestado.audiencelabs.com.br\/wp-json\/wp\/v2\/users\/12"}],"replies":[{"embeddable":true,"href":"https:\/\/correiodoestado.audiencelabs.com.br\/wp-json\/wp\/v2\/comments?post=12860"}],"version-history":[{"count":1,"href":"https:\/\/correiodoestado.audiencelabs.com.br\/wp-json\/wp\/v2\/posts\/12860\/revisions"}],"predecessor-version":[{"id":12863,"href":"https:\/\/correiodoestado.audiencelabs.com.br\/wp-json\/wp\/v2\/posts\/12860\/revisions\/12863"}],"wp:attachment":[{"href":"https:\/\/correiodoestado.audiencelabs.com.br\/wp-json\/wp\/v2\/media?parent=12860"}],"wp:term":[{"taxonomy":"category","embeddable":true,"href":"https:\/\/correiodoestado.audiencelabs.com.br\/wp-json\/wp\/v2\/categories?post=12860"},{"taxonomy":"post_tag","embeddable":true,"href":"https:\/\/correiodoestado.audiencelabs.com.br\/wp-json\/wp\/v2\/tags?post=12860"}],"curies":[{"name":"wp","href":"https:\/\/api.w.org\/{rel}","templated":true}]}}