{"id":12942,"date":"2025-10-03T03:20:00","date_gmt":"2025-10-03T06:20:00","guid":{"rendered":"https:\/\/correiodoestado.audiencelabs.com.br\/?p=12942"},"modified":"2025-10-02T14:45:17","modified_gmt":"2025-10-02T17:45:17","slug":"ancelotti-chama-um-dos-zagueiros-mais-rapidos-do-mundo-para-a-selecao-brasileira","status":"publish","type":"post","link":"https:\/\/correiodoestado.audiencelabs.com.br\/ancelotti-chama-um-dos-zagueiros-mais-rapidos-do-mundo-para-a-selecao-brasileira\/","title":{"rendered":"Ancelotti chama um dos zagueiros mais r\u00e1pidos do mundo para a Sele\u00e7\u00e3o Brasileira"},"content":{"rendered":"\n<p>Nesta quarta-feira (1\u00ba), Carlo Ancelotti revelou os 26 convocados para os pr\u00f3ximos compromissos da Sele\u00e7\u00e3o Brasileira. Apesar de contar com algumas surpresas, os torcedores do Cruzeiro comemoraram o retorno do zagueiro Fabr\u00edcio Bruno. Al\u00e9m de estar atuando em elevado n\u00edvel com as vestes da Raposa, o jogador surpreende por sua velocidade, chegando a registrar quase 38 km\/h em jogo contra o Athletico-PR.<\/p>\n\n\n\n<p>Classificado \u00e0<a href=\"https:\/\/correiodoestado.com.br\/mix\/selecao-tradicional-pode-ficar-fora-da-copa-do-mundo-de-2026-apos-punicao-da-fifa\/\" target=\"_blank\" rel=\"noopener\"> Copa do Mundo de 2026<\/a>, o Brasil ter\u00e1 pela frente alguns amistosos para definir quem ser\u00e3o os convocados para a competi\u00e7\u00e3o mais importante da Fifa. Em suma, a delega\u00e7\u00e3o canarinha enfrentar\u00e1 a Coreia do Sul e o Jap\u00e3o nos dias 6 e 10 de outubro, respectivamente. Os duelos ser\u00e3o sacramentados no continente asi\u00e1tico, com muitas surpresas em campo.<\/p>\n\n\n\n<figure class=\"wp-block-image size-full\"><img decoding=\"async\" src=\"https:\/\/correiodoestado.audiencelabs.com.br\/wp-content\/uploads\/2025\/10\/FabricioBruno-e1728297794199.webp\" alt=\"\" class=\"wp-image-12945\" \/><figcaption class=\"wp-element-caption\">Foto: Cesar Cebolla \/ Pressinphoto \/ Icon Sport<\/figcaption><\/figure>\n\n\n\n<p>Al\u00e9m de voltar a relacionar Fabr\u00edcio Bruno, o treinador italiano deu oportunidade a Igor Jesus (Nottingham Forest) e Rodrygo (Real Madrid) de se mostrarem com o manto da \u00fanica equipe pentacampe\u00e3 mundial. Por outro lado, lesionado, Neymar n\u00e3o foi mencionado por Ancelotti, que espera sanar as lacunas deixadas dentro de campo nas Eliminat\u00f3rias Sul-Americanas.<\/p>\n\n\n\n<p>Para os dois amistosos, o atacante Raphinha, do Barcelona, foi cortado por les\u00e3o. O mesmo ocorreu com Marquinhos (PSG), Alexsandro Ribeiro (Arsenal), Andrey Santos (Chelsea) e Alisson (Liverpool). A ideia da comiss\u00e3o t\u00e9cnica da Sele\u00e7\u00e3o Brasileira \u00e9 encontrar pe\u00e7as que garantam uma sobrevida em caso de problemas com os titulares antes do mundial.<\/p>\n\n\n\n<h2 class=\"wp-block-heading\">Confira a lista de convocados da Sele\u00e7\u00e3o Brasileira:<\/h2>\n\n\n\n<ul class=\"wp-block-list\">\n<li><strong>Goleiros:\u00a0<\/strong>Bento (Al-Nassr), Ederson (Fenerbah\u00e7e) e Hugo Souza (Corinthians);<\/li>\n\n\n\n<li><strong>Defensores:\u00a0<\/strong>Caio Henrique (M\u00f4naco), Carlos Augusto (Internazionale), Douglas Santos (Zenit), Milit\u00e3o (Real Madrid), Fabricio Bruno (Cruzeiro), Gabriel Magalh\u00e3es (Arsenal), Beraldo (PSG), Vanderson (M\u00f4naco) e Wesley (Roma);<\/li>\n\n\n\n<li><strong>Meio-campistas:\u00a0<\/strong>Andr\u00e9 (Wolverhampton), Bruno Guimar\u00e3es (Newcastle), Casemiro (Manchester United), Jo\u00e3o Gomes (Wolverhampton), Joelinton (Newcastle) e Paquet\u00e1 (West Ham);<\/li>\n\n\n\n<li><strong>Atacantes:\u00a0<\/strong>Estev\u00e3o (Chelsea), Martinelli (Arsenal), Igor Jesus (Nottingham Forest), Luiz Henrique (Zenit), Matheus Cunha (Manchester United), Richarlison (Tottenham), Rodrygo (Real Madrid) e Vini Jr (Real Madrid).<\/li>\n<\/ul>\n","protected":false},"excerpt":{"rendered":"<p>Visando os amistosos da Sele\u00e7\u00e3o Brasileira contra Coreia do Sul e Jap\u00e3o, Carlo Ancelotti surpreende ao anunciar os 26 atletas escolhidos. Confira;<\/p>\n","protected":false},"author":8,"featured_media":12943,"comment_status":"open","ping_status":"open","sticky":false,"template":"","format":"standard","meta":{"jnews-multi-image_gallery":[],"jnews_single_post":{"format":"standard"},"jnews_primary_category":[],"jnews_social_meta":[],"footnotes":""},"categories":[1],"tags":[],"class_list":["post-12942","post","type-post","status-publish","format-standard","has-post-thumbnail","hentry","category-mix"],"_links":{"self":[{"href":"https:\/\/correiodoestado.audiencelabs.com.br\/wp-json\/wp\/v2\/posts\/12942","targetHints":{"allow":["GET"]}}],"collection":[{"href":"https:\/\/correiodoestado.audiencelabs.com.br\/wp-json\/wp\/v2\/posts"}],"about":[{"href":"https:\/\/correiodoestado.audiencelabs.com.br\/wp-json\/wp\/v2\/types\/post"}],"author":[{"embeddable":true,"href":"https:\/\/correiodoestado.audiencelabs.com.br\/wp-json\/wp\/v2\/users\/8"}],"replies":[{"embeddable":true,"href":"https:\/\/correiodoestado.audiencelabs.com.br\/wp-json\/wp\/v2\/comments?post=12942"}],"version-history":[{"count":3,"href":"https:\/\/correiodoestado.audiencelabs.com.br\/wp-json\/wp\/v2\/posts\/12942\/revisions"}],"predecessor-version":[{"id":13218,"href":"https:\/\/correiodoestado.audiencelabs.com.br\/wp-json\/wp\/v2\/posts\/12942\/revisions\/13218"}],"wp:featuredmedia":[{"embeddable":true,"href":"https:\/\/correiodoestado.audiencelabs.com.br\/wp-json\/wp\/v2\/media\/12943"}],"wp:attachment":[{"href":"https:\/\/correiodoestado.audiencelabs.com.br\/wp-json\/wp\/v2\/media?parent=12942"}],"wp:term":[{"taxonomy":"category","embeddable":true,"href":"https:\/\/correiodoestado.audiencelabs.com.br\/wp-json\/wp\/v2\/categories?post=12942"},{"taxonomy":"post_tag","embeddable":true,"href":"https:\/\/correiodoestado.audiencelabs.com.br\/wp-json\/wp\/v2\/tags?post=12942"}],"curies":[{"name":"wp","href":"https:\/\/api.w.org\/{rel}","templated":true}]}}