{"id":13093,"date":"2025-10-05T17:33:00","date_gmt":"2025-10-05T20:33:00","guid":{"rendered":"https:\/\/correiodoestado.audiencelabs.com.br\/?p=13093"},"modified":"2025-10-04T09:46:26","modified_gmt":"2025-10-04T12:46:26","slug":"cbf-confirma-dois-amistosos-da-selecao-brasileira-na-europa-em-novembro","status":"publish","type":"post","link":"https:\/\/correiodoestado.audiencelabs.com.br\/cbf-confirma-dois-amistosos-da-selecao-brasileira-na-europa-em-novembro\/","title":{"rendered":"CBF confirma dois amistosos da Sele\u00e7\u00e3o Brasileira na Europa em novembro"},"content":{"rendered":"\n<p>Classificada para a <a href=\"https:\/\/correiodoestado.com.br\/mix\/selecao-tradicional-pode-ficar-fora-da-copa-do-mundo-de-2026-apos-punicao-da-fifa\/\" target=\"_blank\" rel=\"noopener\">Copa do Mundo de 2026<\/a>, a Sele\u00e7\u00e3o Brasileira ter\u00e1 diversos compromissos pela frente em fun\u00e7\u00e3o dos ajustes finais do t\u00e9cnico Carlo Ancelotti. Em um primeiro momento, a delega\u00e7\u00e3o enfrentar\u00e1 a Coreia do Sul e Jap\u00e3o em amistosos, no m\u00eas de outubro. Por\u00e9m, a CBF aguarda a finaliza\u00e7\u00e3o das eliminat\u00f3rias africanas para marcar embates com outras equipes.<\/p>\n\n\n\n<p>Antecipando os pr\u00f3ximos passos da \u00fanica delega\u00e7\u00e3o pentacampe\u00e3 mundial, a Confedera\u00e7\u00e3o Brasileira de Futebol possui acordo verbal <a href=\"https:\/\/globoplay.globo.com\/categorias\/lollapalooza\/\" target=\"_blank\" rel=\"noopener\"><\/a>para realizar dois amistosos na Data Fifa de novembro. Caso nenhum imprevisto venha a acontecer, Vin\u00edcius J\u00fanior e companhia ir\u00e3o encarar Senegal, na Inglaterra, e Tun\u00edsia, na Fran\u00e7a.<\/p>\n\n\n\n<figure class=\"wp-block-image size-full\"><img loading=\"lazy\" decoding=\"async\" width=\"800\" height=\"536\" src=\"https:\/\/correiodoestado.audiencelabs.com.br\/wp-content\/uploads\/2025\/10\/54765250752_f355a7b3b0_c.jpg\" alt=\"\" class=\"wp-image-13095\" srcset=\"https:\/\/correiodoestado.audiencelabs.com.br\/wp-content\/uploads\/2025\/10\/54765250752_f355a7b3b0_c.jpg 800w, https:\/\/correiodoestado.audiencelabs.com.br\/wp-content\/uploads\/2025\/10\/54765250752_f355a7b3b0_c-300x201.jpg 300w, https:\/\/correiodoestado.audiencelabs.com.br\/wp-content\/uploads\/2025\/10\/54765250752_f355a7b3b0_c-768x515.jpg 768w, https:\/\/correiodoestado.audiencelabs.com.br\/wp-content\/uploads\/2025\/10\/54765250752_f355a7b3b0_c-750x503.jpg 750w\" sizes=\"auto, (max-width: 800px) 100vw, 800px\" \/><figcaption class=\"wp-element-caption\">Cr\u00e9ditos: Rafael Ribeiro\/CBF<\/figcaption><\/figure>\n\n\n\n<p>Sem data estabelecida, os \u00fanicos detalhes carimbados dizem respeito aos est\u00e1dios. O primeiro compromisso ter\u00e1 como palco o Emirates Stadium, casa do Arsenal, em Londres. Em contrapartida, o duelo seguinte ser\u00e1 realizado no Stade de France, em Paris. Para que o passaporte seja carimbado pela CBF, resta apenas que Senegal e Tun\u00edsia consigam vaga na Copa do Mundo sem precisar da repescagem.<\/p>\n\n\n\n<p>Portanto, caso a dupla seja realocada para os playoffs, os amistosos com a Sele\u00e7\u00e3o Brasileira obrigatoriamente precisar\u00e3o ser desmarcados. Atualmente, Senegal \u00e9 a segunda sele\u00e7\u00e3o africana mais bem colocada no ranking da Fifa, ocupando o 18\u00ba lugar, atr\u00e1s apenas de Marrocos, que \u00e9 a 11\u00aa. J\u00e1 a Tun\u00edsia est\u00e1 na 46\u00aa posi\u00e7\u00e3o.<\/p>\n\n\n\n<h2 class=\"wp-block-heading\">Sele\u00e7\u00e3o Brasileira de olho nos asi\u00e1ticos<\/h2>\n\n\n\n<p>Antes de se aventurar diante dos planteis africanos, o Brasil ter\u00e1 dois importantes encontros nos pr\u00f3ximos dias. Em 10 de outubro, a delega\u00e7\u00e3o canarinha esbarra com a Coreia do Sul, em Seul. Por outro lado, no dia 14 do mesmo m\u00eas, ser\u00e1 a vez de ser recebida pelo Jap\u00e3o, em T\u00f3quio. No mais, confira os convocados para esses dois duelos:<\/p>\n\n\n\n<ul class=\"wp-block-list\">\n<li><strong>Goleiros:&nbsp;<\/strong>Bento (Al-Nassr), Ederson (Fenerbah\u00e7e) e Hugo Souza (Corinthians);<\/li>\n\n\n\n<li><strong>Defensores:&nbsp;<\/strong>Caio Henrique (M\u00f4naco), Carlos Augusto (Internazionale), Douglas Santos (Zenit), Milit\u00e3o (Real Madrid), Fabricio Bruno (Cruzeiro), Gabriel Magalh\u00e3es (Arsenal), Beraldo (PSG), Vanderson (M\u00f4naco) e Wesley (Roma);<\/li>\n\n\n\n<li><strong>Meio-campistas:&nbsp;<\/strong>Andr\u00e9 (Wolverhampton), Bruno Guimar\u00e3es (Newcastle), Casemiro (Manchester United), Jo\u00e3o Gomes (Wolverhampton), Joelinton (Newcastle) e Paquet\u00e1 (West Ham);<\/li>\n\n\n\n<li><strong>Atacantes:&nbsp;<\/strong>Estev\u00e3o (Chelsea), Martinelli (Arsenal), Igor Jesus (Nottingham Forest), Luiz Henrique (Zenit), Matheus Cunha (Manchester United), Richarlison (Tottenham), Rodrygo (Real Madrid) e Vini Jr (Real Madrid).<\/li>\n<\/ul>\n","protected":false},"excerpt":{"rendered":"<p>Com foco na prepara\u00e7\u00e3o para a Copa do Mundo de 2026, CBF marca mais dois amistosos para a Sele\u00e7\u00e3o Brasileira fora do continente<\/p>\n","protected":false},"author":8,"featured_media":0,"comment_status":"open","ping_status":"open","sticky":false,"template":"","format":"standard","meta":{"jnews-multi-image_gallery":[],"jnews_single_post":{"format":"standard"},"jnews_primary_category":[],"jnews_social_meta":[],"footnotes":""},"categories":[1],"tags":[],"class_list":["post-13093","post","type-post","status-publish","format-standard","hentry","category-mix"],"_links":{"self":[{"href":"https:\/\/correiodoestado.audiencelabs.com.br\/wp-json\/wp\/v2\/posts\/13093","targetHints":{"allow":["GET"]}}],"collection":[{"href":"https:\/\/correiodoestado.audiencelabs.com.br\/wp-json\/wp\/v2\/posts"}],"about":[{"href":"https:\/\/correiodoestado.audiencelabs.com.br\/wp-json\/wp\/v2\/types\/post"}],"author":[{"embeddable":true,"href":"https:\/\/correiodoestado.audiencelabs.com.br\/wp-json\/wp\/v2\/users\/8"}],"replies":[{"embeddable":true,"href":"https:\/\/correiodoestado.audiencelabs.com.br\/wp-json\/wp\/v2\/comments?post=13093"}],"version-history":[{"count":1,"href":"https:\/\/correiodoestado.audiencelabs.com.br\/wp-json\/wp\/v2\/posts\/13093\/revisions"}],"predecessor-version":[{"id":13105,"href":"https:\/\/correiodoestado.audiencelabs.com.br\/wp-json\/wp\/v2\/posts\/13093\/revisions\/13105"}],"wp:attachment":[{"href":"https:\/\/correiodoestado.audiencelabs.com.br\/wp-json\/wp\/v2\/media?parent=13093"}],"wp:term":[{"taxonomy":"category","embeddable":true,"href":"https:\/\/correiodoestado.audiencelabs.com.br\/wp-json\/wp\/v2\/categories?post=13093"},{"taxonomy":"post_tag","embeddable":true,"href":"https:\/\/correiodoestado.audiencelabs.com.br\/wp-json\/wp\/v2\/tags?post=13093"}],"curies":[{"name":"wp","href":"https:\/\/api.w.org\/{rel}","templated":true}]}}