{"id":13463,"date":"2025-10-07T07:22:00","date_gmt":"2025-10-07T10:22:00","guid":{"rendered":"https:\/\/correiodoestado.audiencelabs.com.br\/?p=13463"},"modified":"2025-10-06T12:38:14","modified_gmt":"2025-10-06T15:38:14","slug":"shein-marca-para-novembro-a-inauguracao-de-suas-primeiras-lojas-fisicas-veja-onde-vao-ficar","status":"publish","type":"post","link":"https:\/\/correiodoestado.audiencelabs.com.br\/shein-marca-para-novembro-a-inauguracao-de-suas-primeiras-lojas-fisicas-veja-onde-vao-ficar\/","title":{"rendered":"Shein marca para novembro a inaugura\u00e7\u00e3o de suas primeiras lojas f\u00edsicas: Veja onde v\u00e3o ficar"},"content":{"rendered":"\n<p>Conhecida mundialmente por sua trajet\u00f3ria no ramo <em>fast fashion<\/em>, a Shein decidiu inaugurar suas primeiras lojas f\u00edsicas permanentes na Fran\u00e7a. A partir de novembro, a empresa chinesa estar\u00e1 em evid\u00eancia em Paris, dentro da loja de departamentos\u00a0BHV Marais e seguir\u00e1 com endere\u00e7os em\u00a0Dijon, Reims, Grenoble, Angers e Limoges.<\/p>\n\n\n\n<p>Apesar de ter prest\u00edgio em outros pa\u00edses, a marca entendeu ser o momento oportuno para se instalar na na\u00e7\u00e3o europeia, principalmente por receber o status de capital da alta-costura. Em nota emitida, a Shein explicou que a ideia \u00e9 dar uma nova vida aos centros urbanos\u00a0e\u00a0projetar novas oportunidades para a moda francesa, com a previs\u00e3o de gerar cerca de 200 empregos diretos e indiretos. <\/p>\n\n\n\n<figure class=\"wp-block-image size-full\"><img decoding=\"async\" src=\"https:\/\/correiodoestado.audiencelabs.com.br\/wp-content\/uploads\/2025\/10\/shein-715x402-1.png\" alt=\"\" class=\"wp-image-13464\" \/><figcaption class=\"wp-element-caption\">Imagem: Dick Thomas Johnson\/Flickr<\/figcaption><\/figure>\n\n\n\n<p>&#8220;Esta alian\u00e7a \u00e9 mais que um simples lan\u00e7amento: \u00e9 um compromisso para revitalizar os centros urbanos em toda a Fran\u00e7a, restaurar as grandes lojas de departamentos e desenvolver oportunidades para a moda francesa&#8221;, anunciou a empresa chinesa.<\/p>\n\n\n\n<p>Outrora conhecida por sua atua\u00e7\u00e3o no e-commerce, a companhia ter\u00e1 a oportunidade de se firmar ainda mais no mercado por munir ampla variedade de produtos a pre\u00e7os acess\u00edveis. Com a chegada das boutiques permanentes \u00e0 Fran\u00e7a, a marca espera se firmar no pa\u00eds entre as demais redes de varejo da regi\u00e3o.<\/p>\n\n\n\n<h2 class=\"wp-block-heading\">Atua\u00e7\u00e3o da Shein no Brasil<\/h2>\n\n\n\n<p>Fundada na China, em 2012, com sede em Singapura, a Shein ganhou popularidade internacional por oferecer roupas e acess\u00f3rios por pre\u00e7os baixos. Diante do prest\u00edgio oriundo das propagandas nas redes sociais, a empresa abriu temporariamente lojas no <a href=\"https:\/\/correiodoestado.com.br\/mix\/tim-anunciou-encerramento-de-servico-em-todo-o-brasil\/\" target=\"_blank\" rel=\"noopener\">Brasil<\/a>, como uma em Jacarepagu\u00e1, na Zona Oeste do Rio, no fim do ano passado. <\/p>\n\n\n\n<p>Sobretudo, o carro-chefe do neg\u00f3cio da Shein \u00e9 a venda pelo aplicativo, que, em 2021, foi um dos mais baixados do mundo. Segundo levantamento do BTG Pactual, apenas no Brasil, a empresa vendeu mais de US$ 2 bilh\u00f5es em 2021. Tamb\u00e9m naquele ano, o app foi o mais baixado na ind\u00fastria da moda no pa\u00eds, com 23,8 milh\u00f5es de downloads.<\/p>\n","protected":false},"excerpt":{"rendered":"<p>Conhecida mundialmente por sua trajet\u00f3ria no ramo fast fashion, a Shein decidiu inaugurar suas primeiras lojas f\u00edsicas permanentes <\/p>\n","protected":false},"author":8,"featured_media":0,"comment_status":"open","ping_status":"open","sticky":false,"template":"","format":"standard","meta":{"jnews-multi-image_gallery":[],"jnews_single_post":{"format":"standard"},"jnews_primary_category":[],"jnews_social_meta":[],"footnotes":""},"categories":[1],"tags":[],"class_list":["post-13463","post","type-post","status-publish","format-standard","hentry","category-mix"],"_links":{"self":[{"href":"https:\/\/correiodoestado.audiencelabs.com.br\/wp-json\/wp\/v2\/posts\/13463","targetHints":{"allow":["GET"]}}],"collection":[{"href":"https:\/\/correiodoestado.audiencelabs.com.br\/wp-json\/wp\/v2\/posts"}],"about":[{"href":"https:\/\/correiodoestado.audiencelabs.com.br\/wp-json\/wp\/v2\/types\/post"}],"author":[{"embeddable":true,"href":"https:\/\/correiodoestado.audiencelabs.com.br\/wp-json\/wp\/v2\/users\/8"}],"replies":[{"embeddable":true,"href":"https:\/\/correiodoestado.audiencelabs.com.br\/wp-json\/wp\/v2\/comments?post=13463"}],"version-history":[{"count":1,"href":"https:\/\/correiodoestado.audiencelabs.com.br\/wp-json\/wp\/v2\/posts\/13463\/revisions"}],"predecessor-version":[{"id":13466,"href":"https:\/\/correiodoestado.audiencelabs.com.br\/wp-json\/wp\/v2\/posts\/13463\/revisions\/13466"}],"wp:attachment":[{"href":"https:\/\/correiodoestado.audiencelabs.com.br\/wp-json\/wp\/v2\/media?parent=13463"}],"wp:term":[{"taxonomy":"category","embeddable":true,"href":"https:\/\/correiodoestado.audiencelabs.com.br\/wp-json\/wp\/v2\/categories?post=13463"},{"taxonomy":"post_tag","embeddable":true,"href":"https:\/\/correiodoestado.audiencelabs.com.br\/wp-json\/wp\/v2\/tags?post=13463"}],"curies":[{"name":"wp","href":"https:\/\/api.w.org\/{rel}","templated":true}]}}