{"id":13664,"date":"2025-10-08T04:54:00","date_gmt":"2025-10-08T07:54:00","guid":{"rendered":"https:\/\/correiodoestado.audiencelabs.com.br\/?p=13664"},"modified":"2025-10-07T10:08:15","modified_gmt":"2025-10-07T13:08:15","slug":"reprovada-no-the-voice-deu-a-volta-por-cima-e-virou-fenomeno-da-musica-sertaneja","status":"publish","type":"post","link":"https:\/\/correiodoestado.audiencelabs.com.br\/reprovada-no-the-voice-deu-a-volta-por-cima-e-virou-fenomeno-da-musica-sertaneja\/","title":{"rendered":"Reprovada no The Voice deu a volta por cima e virou fen\u00f4meno da m\u00fasica sertaneja"},"content":{"rendered":"\n<p>Antes de alcan\u00e7ar o topo das paradas sertanejas, Lauana Prado viveu momentos de incerteza e recome\u00e7o. Em 2012, ela participou da primeira edi\u00e7\u00e3o do The Voice Brasil, quando ainda usava o nome art\u00edstico de Mayara Prado.&nbsp;<\/p>\n\n\n\n<p>Na \u00e9poca, integrou o time de Carlinhos Brown e chegou at\u00e9 a semifinal do programa, mas acabou deixando a competi\u00e7\u00e3o sem vencer. Entre os jurados estava Daniel, que confessou anos depois que n\u00e3o virou a cadeira durante a audi\u00e7\u00e3o da cantora.<\/p>\n\n\n\n<p>O epis\u00f3dio foi lembrado recentemente durante o programa Viver Sertanejo, comandado pelo pr\u00f3prio Daniel, que reconheceu publicamente a trajet\u00f3ria da artista. \u201cN\u00e3o virei para Mayara, mas viraria para Lauana\u201d, brincou o cantor, destacando o quanto ela evoluiu desde ent\u00e3o.&nbsp;<\/p>\n\n\n\n<figure class=\"wp-block-gallery has-nested-images columns-default is-cropped wp-block-gallery-1 is-layout-flex wp-block-gallery-is-layout-flex\">\n<figure class=\"wp-block-image size-large\"><img loading=\"lazy\" decoding=\"async\" width=\"900\" height=\"601\" data-id=\"13666\" src=\"https:\/\/correiodoestado.audiencelabs.com.br\/wp-content\/uploads\/2025\/10\/SaveClip.App_558032377_18534706789002638_5930291933602301666_n.jpg\" alt=\"\" class=\"wp-image-13666\" srcset=\"https:\/\/correiodoestado.audiencelabs.com.br\/wp-content\/uploads\/2025\/10\/SaveClip.App_558032377_18534706789002638_5930291933602301666_n.jpg 900w, https:\/\/correiodoestado.audiencelabs.com.br\/wp-content\/uploads\/2025\/10\/SaveClip.App_558032377_18534706789002638_5930291933602301666_n-300x200.jpg 300w, https:\/\/correiodoestado.audiencelabs.com.br\/wp-content\/uploads\/2025\/10\/SaveClip.App_558032377_18534706789002638_5930291933602301666_n-768x513.jpg 768w, https:\/\/correiodoestado.audiencelabs.com.br\/wp-content\/uploads\/2025\/10\/SaveClip.App_558032377_18534706789002638_5930291933602301666_n-750x501.jpg 750w\" sizes=\"auto, (max-width: 900px) 100vw, 900px\" \/><figcaption class=\"wp-element-caption\">Cr\u00e9ditos: Instagram \/ @lauanaprado<\/figcaption><\/figure>\n<\/figure>\n\n\n\n<h2 class=\"wp-block-heading\">Da TV \u00e0 consagra\u00e7\u00e3o nos palcos<\/h2>\n\n\n\n<p>Antes mesmo do The Voice, Lauana j\u00e1 havia dado os primeiros passos na televis\u00e3o. Em 2011, participou do quadro Jovens Talentos, do Programa Raul Gil, onde mostrou sua voz marcante e presen\u00e7a de palco. Tr\u00eas anos depois, em 2014, retornou ao palco do apresentador no concurso Mulheres que Brilham, consolidando-se como uma das revela\u00e7\u00f5es femininas do sertanejo.&nbsp;<\/p>\n\n\n\n<p>A reviravolta definitiva veio quando adotou o nome art\u00edstico Lauana Prado e passou a apostar em composi\u00e7\u00f5es pr\u00f3prias, com letras que retratam o cotidiano e as emo\u00e7\u00f5es do p\u00fablico sertanejo. O sucesso nacional chegou com o hit Cobaia, lan\u00e7ado em 2018, que ultrapassou milh\u00f5es de visualiza\u00e7\u00f5es e colocou seu nome entre os principais da nova gera\u00e7\u00e3o da m\u00fasica sertaneja.<\/p>\n\n\n\n<p>Hoje, Lauana Prado \u00e9 refer\u00eancia no g\u00eanero, coleciona pr\u00eamios e se apresenta nos maiores festivais do pa\u00eds. Sua trajet\u00f3ria mostra que o reconhecimento nem sempre vem de forma imediata e que o talento, quando acompanhado de persist\u00eancia, encontra seu espa\u00e7o.&nbsp;<\/p>\n","protected":false},"excerpt":{"rendered":"<p>Antes de alcan\u00e7ar o topo das paradas sertanejas, Lauana Prado viveu momentos de incerteza e recome\u00e7o. Em 2012, ela participou da primeira edi\u00e7\u00e3o do The Voice Brasil, quando ainda usava o nome art\u00edstico de Mayara Prado.&nbsp; Na \u00e9poca, integrou o time de Carlinhos Brown e chegou at\u00e9 a semifinal do programa, mas acabou deixando a [&hellip;]<\/p>\n","protected":false},"author":12,"featured_media":13665,"comment_status":"open","ping_status":"open","sticky":false,"template":"","format":"standard","meta":{"jnews-multi-image_gallery":[],"jnews_single_post":{"format":"standard"},"jnews_primary_category":[],"jnews_social_meta":[],"footnotes":""},"categories":[1],"tags":[],"class_list":["post-13664","post","type-post","status-publish","format-standard","has-post-thumbnail","hentry","category-mix"],"_links":{"self":[{"href":"https:\/\/correiodoestado.audiencelabs.com.br\/wp-json\/wp\/v2\/posts\/13664","targetHints":{"allow":["GET"]}}],"collection":[{"href":"https:\/\/correiodoestado.audiencelabs.com.br\/wp-json\/wp\/v2\/posts"}],"about":[{"href":"https:\/\/correiodoestado.audiencelabs.com.br\/wp-json\/wp\/v2\/types\/post"}],"author":[{"embeddable":true,"href":"https:\/\/correiodoestado.audiencelabs.com.br\/wp-json\/wp\/v2\/users\/12"}],"replies":[{"embeddable":true,"href":"https:\/\/correiodoestado.audiencelabs.com.br\/wp-json\/wp\/v2\/comments?post=13664"}],"version-history":[{"count":2,"href":"https:\/\/correiodoestado.audiencelabs.com.br\/wp-json\/wp\/v2\/posts\/13664\/revisions"}],"predecessor-version":[{"id":13810,"href":"https:\/\/correiodoestado.audiencelabs.com.br\/wp-json\/wp\/v2\/posts\/13664\/revisions\/13810"}],"wp:featuredmedia":[{"embeddable":true,"href":"https:\/\/correiodoestado.audiencelabs.com.br\/wp-json\/wp\/v2\/media\/13665"}],"wp:attachment":[{"href":"https:\/\/correiodoestado.audiencelabs.com.br\/wp-json\/wp\/v2\/media?parent=13664"}],"wp:term":[{"taxonomy":"category","embeddable":true,"href":"https:\/\/correiodoestado.audiencelabs.com.br\/wp-json\/wp\/v2\/categories?post=13664"},{"taxonomy":"post_tag","embeddable":true,"href":"https:\/\/correiodoestado.audiencelabs.com.br\/wp-json\/wp\/v2\/tags?post=13664"}],"curies":[{"name":"wp","href":"https:\/\/api.w.org\/{rel}","templated":true}]}}