{"id":13722,"date":"2025-10-12T19:35:00","date_gmt":"2025-10-12T22:35:00","guid":{"rendered":"https:\/\/correiodoestado.audiencelabs.com.br\/?p=13722"},"modified":"2025-10-11T09:19:22","modified_gmt":"2025-10-11T12:19:22","slug":"revelacao-de-donald-trump-deixa-brasileiros-com-o-sorriso-na-lua","status":"publish","type":"post","link":"https:\/\/correiodoestado.audiencelabs.com.br\/revelacao-de-donald-trump-deixa-brasileiros-com-o-sorriso-na-lua\/","title":{"rendered":"Revela\u00e7\u00e3o de Donald Trump deixa brasileiros com o sorriso na Lua"},"content":{"rendered":"\n<p>Nos \u00faltimos meses, os presidentes Luiz In\u00e1cio Lula da Silva e <a href=\"https:\/\/correiodoestado.com.br\/mix\/eike-batista-era-tao-rico-no-auge-que-a-fortuna-atual-de-donald-trump-nao-faz-nem-cocegas\/\" target=\"_blank\" rel=\"noopener\">Donald Trump<\/a> travaram queda de bra\u00e7o devido a diverg\u00eancias pol\u00edticas sobre a democracia. Outrora desqualificando o trabalho do petista, o republicano voltou atr\u00e1s sobre suas alega\u00e7\u00f5es. Pegando a todos de surpresa, o norte-americano confirmou ter conversado com o brasileiro, colocando em evid\u00eancia a possibilidade de uma tr\u00e9gua iminente.<\/p>\n\n\n\n<p>No in\u00edcio de outubro, os pol\u00edticos se encontraram na Assembleia Geral da Organiza\u00e7\u00e3o das Na\u00e7\u00f5es Unidas, motivo que encurtou novamente a rela\u00e7\u00e3o de ambos os presidentes. Entendendo a necessidade de apaziguar os \u00e2nimos entre as na\u00e7\u00f5es, Trump ligou para o representante do Partido Trabalhista (PT). Em coletiva de imprensa, o estadunidense destacou a discuss\u00e3o sobre a tarifa de 50% imposta a produtos brasileiros.<\/p>\n\n\n\n<figure class=\"wp-block-image size-large\"><img decoding=\"async\" src=\"https:\/\/correiodoestado.audiencelabs.com.br\/wp-content\/uploads\/2025\/10\/Imagem-04-10-2025-as-09.37-1024x576.webp\" alt=\"\" class=\"wp-image-13724\" \/><figcaption class=\"wp-element-caption\">Cr\u00e9ditos: Truth Social\/Reprodu\u00e7\u00e3o <\/figcaption><\/figure>\n\n\n\n<p>\u201cTive uma \u00f3tima liga\u00e7\u00e3o telef\u00f4nica com o presidente Lula, do Brasil. Discutimos muitas coisas, mas o foco principal foi a economia e o com\u00e9rcio entre nossos dois pa\u00edses. Teremos novas discuss\u00f5es e nos encontraremos em um futuro n\u00e3o muito distante, tanto no Brasil quanto nos Estados Unidos. Gostei muito da conversa. Nossos pa\u00edses far\u00e3o grandes coisas juntos\u201d, disparou Donald.<\/p>\n\n\n\n<p>Ainda que mais detalhes n\u00e3o tenham sido revelados, tudo indica que um acordo ser\u00e1 selado nas semanas subsequentes. \u00c9 v\u00e1lido destacar que o tarifa\u00e7o colocou em desn\u00edvel diversos setores econ\u00f4micos do Brasil, tais como o caf\u00e9 e petr\u00f3leo. Cumprindo agendas separadas, os dois presidentes tendem a agilizar um encontro pessoal para debater quest\u00f5es essenciais de cada na\u00e7\u00e3o.<\/p>\n\n\n\n<h2 class=\"wp-block-heading\">Conversa de Lula com Trump ganha novos cap\u00edtulos<\/h2>\n\n\n\n<p>Segundo apura\u00e7\u00f5es da BBC News Brasil, a videoconfer\u00eancia aconteceu diante de um pedido do presidente dos Estados Unidos. De forma calorosa, Lula ouviu os apontamentos do republicano, destacando alguns interesses nacionais. As informa\u00e7\u00f5es d\u00e3o conta de que o petista pediu a retirada do tarifa\u00e7o e das medidas restritivas contra autoridades brasileiras.<\/p>\n\n\n\n<p>&#8220;O presidente Trump designou o secret\u00e1rio de Estado Marco Rubio para dar sequ\u00eancia \u00e0s negocia\u00e7\u00f5es com o vice-presidente Geraldo Alckmin, o chanceler Mauro Vieira e o ministro da Fazenda Fernando Haddad. N\u00f3s concordamos em nos encontrar pessoalmente em breve. Sugeri a possibilidade de encontro na C\u00fapula da Asean, na Mal\u00e1sia; reiterei o convite a Trump para participar da COP30, em Bel\u00e9m; e tamb\u00e9m me dispus a viajar aos Estados Unidos&#8221;, escreveu o petista.<\/p>\n","protected":false},"excerpt":{"rendered":"<p>Pegando a todos de surpresa, Donald Trump encurta di\u00e1logo com o presidente do Brasil, Luiz In\u00e1cio Lula da Silva, e econ\u00f4mica nacional pode ser reestruturada<\/p>\n","protected":false},"author":8,"featured_media":0,"comment_status":"open","ping_status":"open","sticky":false,"template":"","format":"standard","meta":{"jnews-multi-image_gallery":[],"jnews_single_post":{"format":"standard"},"jnews_primary_category":[],"jnews_social_meta":[],"footnotes":""},"categories":[1],"tags":[],"class_list":["post-13722","post","type-post","status-publish","format-standard","hentry","category-mix"],"_links":{"self":[{"href":"https:\/\/correiodoestado.audiencelabs.com.br\/wp-json\/wp\/v2\/posts\/13722","targetHints":{"allow":["GET"]}}],"collection":[{"href":"https:\/\/correiodoestado.audiencelabs.com.br\/wp-json\/wp\/v2\/posts"}],"about":[{"href":"https:\/\/correiodoestado.audiencelabs.com.br\/wp-json\/wp\/v2\/types\/post"}],"author":[{"embeddable":true,"href":"https:\/\/correiodoestado.audiencelabs.com.br\/wp-json\/wp\/v2\/users\/8"}],"replies":[{"embeddable":true,"href":"https:\/\/correiodoestado.audiencelabs.com.br\/wp-json\/wp\/v2\/comments?post=13722"}],"version-history":[{"count":3,"href":"https:\/\/correiodoestado.audiencelabs.com.br\/wp-json\/wp\/v2\/posts\/13722\/revisions"}],"predecessor-version":[{"id":14437,"href":"https:\/\/correiodoestado.audiencelabs.com.br\/wp-json\/wp\/v2\/posts\/13722\/revisions\/14437"}],"wp:attachment":[{"href":"https:\/\/correiodoestado.audiencelabs.com.br\/wp-json\/wp\/v2\/media?parent=13722"}],"wp:term":[{"taxonomy":"category","embeddable":true,"href":"https:\/\/correiodoestado.audiencelabs.com.br\/wp-json\/wp\/v2\/categories?post=13722"},{"taxonomy":"post_tag","embeddable":true,"href":"https:\/\/correiodoestado.audiencelabs.com.br\/wp-json\/wp\/v2\/tags?post=13722"}],"curies":[{"name":"wp","href":"https:\/\/api.w.org\/{rel}","templated":true}]}}