{"id":13799,"date":"2025-10-09T01:22:00","date_gmt":"2025-10-09T04:22:00","guid":{"rendered":"https:\/\/correiodoestado.audiencelabs.com.br\/?p=13799"},"modified":"2025-10-07T20:34:15","modified_gmt":"2025-10-07T23:34:15","slug":"governo-federal-toma-decisao-sobre-retorno-do-horario-de-verao","status":"publish","type":"post","link":"https:\/\/correiodoestado.audiencelabs.com.br\/governo-federal-toma-decisao-sobre-retorno-do-horario-de-verao\/","title":{"rendered":"Governo Federal toma decis\u00e3o sobre retorno do Hor\u00e1rio de Ver\u00e3o"},"content":{"rendered":"\n<p>Nos \u00faltimos meses, boatos de que o Hor\u00e1rio de Ver\u00e3o seria novamente institu\u00eddo no calend\u00e1rio nacional foram disseminados nas redes sociais. Por\u00e9m, por meio da Secretaria de Comunica\u00e7\u00e3o do <a href=\"https:\/\/correiodoestado.com.br\/mix\/governo-bate-o-martelo-e-pagamentos-do-bolsa-familia-serao-suspensos-em-2025-nao-vai-ter-o-sonhado-13o-para-moradores-de-pernambuco\/\" target=\"_blank\" rel=\"noopener\">Governo Federal<\/a>, as informa\u00e7\u00f5es foram negadas. A princ\u00edpio, de acordo com a entidade, n\u00e3o h\u00e1 planejamento para adiantar os rel\u00f3gios da popula\u00e7\u00e3o em uma hora.<\/p>\n\n\n\n<p>Suspenso desde 2019, o Hor\u00e1rio de Ver\u00e3o entrou em vig\u00eancia com a finalidade de reduzir o consumo de\u00a0energia el\u00e9trica, aproveitando melhor a luz natural.\u00a0Sobretudo, as condi\u00e7\u00f5es dos reservat\u00f3rios atuais s\u00e3o favor\u00e1veis, evoluindo dentro da normalidade ao longo do per\u00edodo seco. Isso significa que o Sistema Interligado Nacional est\u00e1 em situa\u00e7\u00e3o melhor que nos anos anteriores.<\/p>\n\n\n\n<figure class=\"wp-block-image size-large\"><img loading=\"lazy\" decoding=\"async\" width=\"1024\" height=\"613\" src=\"https:\/\/correiodoestado.audiencelabs.com.br\/wp-content\/uploads\/2025\/09\/horario_de_verao_vale_esta-1024x613.webp\" alt=\"\" class=\"wp-image-12004\" srcset=\"https:\/\/correiodoestado.audiencelabs.com.br\/wp-content\/uploads\/2025\/09\/horario_de_verao_vale_esta-1024x613.webp 1024w, https:\/\/correiodoestado.audiencelabs.com.br\/wp-content\/uploads\/2025\/09\/horario_de_verao_vale_esta-300x179.webp 300w, https:\/\/correiodoestado.audiencelabs.com.br\/wp-content\/uploads\/2025\/09\/horario_de_verao_vale_esta-768x459.webp 768w, https:\/\/correiodoestado.audiencelabs.com.br\/wp-content\/uploads\/2025\/09\/horario_de_verao_vale_esta-750x449.webp 750w, https:\/\/correiodoestado.audiencelabs.com.br\/wp-content\/uploads\/2025\/09\/horario_de_verao_vale_esta-1140x682.webp 1140w, https:\/\/correiodoestado.audiencelabs.com.br\/wp-content\/uploads\/2025\/09\/horario_de_verao_vale_esta.webp 1170w\" sizes=\"auto, (max-width: 1024px) 100vw, 1024px\" \/><figcaption class=\"wp-element-caption\">Cr\u00e9ditos:  Arquivo\/Ag\u00eancia Brasil<\/figcaption><\/figure>\n\n\n\n<p>A medida acabou sendo banida pelo Comit\u00ea de Monitoramento do Setor El\u00e9trico (CMSE), que comprovou que a pol\u00edtica deixou de trazer ganhos significativos de economia de energia. Isso porque a mudan\u00e7a nos h\u00e1bitos da popula\u00e7\u00e3o alterou o perfil de consumo, com o pico de demanda passando a ocorrer principalmente \u00e0 tarde.<\/p>\n\n\n\n<p>\u00a0\u201cEstudos at\u00e9 fevereiro de 2026 confirmam o pleno atendimento de energia, conforme foi destacado pelo Operador Nacional do Sistema El\u00e9trico (ONS), na reuni\u00e3o do Comit\u00ea de Monitoramento do Setor El\u00e9trico (CMSE) realizada no dia 10 de setembro\u201d, explicou o Minist\u00e9rio de Minas e Energia sobre a motiva\u00e7\u00e3o para n\u00e3o dar seguimento ao retorno do Hor\u00e1rio de Ver\u00e3o.<\/p>\n\n\n\n<h2 class=\"wp-block-heading\">Hor\u00e1rio de Ver\u00e3o n\u00e3o est\u00e1 descartado no futuro<\/h2>\n\n\n\n<p>Segundo o Decreto n\u00ba 6.558\/2008, modificado em 2017, o m\u00e9todo entrava em vigor no primeiro domingo de novembro e terminava no terceiro domingo de fevereiro, com o adiantamento dos rel\u00f3gios em uma hora. Embora tenha colaborado para a mudan\u00e7a de h\u00e1bitos da popula\u00e7\u00e3o brasileira, n\u00e3o est\u00e1 descartada a possibilidade de a metodologia voltar a entrar em vig\u00eancia no futuro.<\/p>\n\n\n\n<p>&#8220;O setor el\u00e9trico continua passando por mudan\u00e7as significativas, especialmente em fun\u00e7\u00e3o da transi\u00e7\u00e3o energ\u00e9tica e das mudan\u00e7as clim\u00e1ticas, raz\u00e3o pela qual o Minist\u00e9rio de Minas e Energia (MME), no \u00e2mbito do Comit\u00ea de Monitoramento do Setor El\u00e9trico (CMSE), continuar\u00e1 avaliando periodicamente a ado\u00e7\u00e3o do Hor\u00e1rio de Ver\u00e3o, com vistas a garantir a seguran\u00e7a e a confiabilidade do suprimento eletroenerg\u00e9tico no Pa\u00eds&#8221;, afirma o Governo Federal.<\/p>\n","protected":false},"excerpt":{"rendered":"<p>Nos \u00faltimos meses, boatos de que o Hor\u00e1rio de Ver\u00e3o seria novamente institu\u00eddo no calend\u00e1rio nacional foram disseminados nas redes sociais, mas foram derrubados pelo governo<\/p>\n","protected":false},"author":8,"featured_media":13800,"comment_status":"open","ping_status":"open","sticky":false,"template":"","format":"standard","meta":{"jnews-multi-image_gallery":[],"jnews_single_post":{"format":"standard"},"jnews_primary_category":[],"jnews_social_meta":[],"footnotes":""},"categories":[1],"tags":[],"class_list":["post-13799","post","type-post","status-publish","format-standard","has-post-thumbnail","hentry","category-mix"],"_links":{"self":[{"href":"https:\/\/correiodoestado.audiencelabs.com.br\/wp-json\/wp\/v2\/posts\/13799","targetHints":{"allow":["GET"]}}],"collection":[{"href":"https:\/\/correiodoestado.audiencelabs.com.br\/wp-json\/wp\/v2\/posts"}],"about":[{"href":"https:\/\/correiodoestado.audiencelabs.com.br\/wp-json\/wp\/v2\/types\/post"}],"author":[{"embeddable":true,"href":"https:\/\/correiodoestado.audiencelabs.com.br\/wp-json\/wp\/v2\/users\/8"}],"replies":[{"embeddable":true,"href":"https:\/\/correiodoestado.audiencelabs.com.br\/wp-json\/wp\/v2\/comments?post=13799"}],"version-history":[{"count":1,"href":"https:\/\/correiodoestado.audiencelabs.com.br\/wp-json\/wp\/v2\/posts\/13799\/revisions"}],"predecessor-version":[{"id":13801,"href":"https:\/\/correiodoestado.audiencelabs.com.br\/wp-json\/wp\/v2\/posts\/13799\/revisions\/13801"}],"wp:featuredmedia":[{"embeddable":true,"href":"https:\/\/correiodoestado.audiencelabs.com.br\/wp-json\/wp\/v2\/media\/13800"}],"wp:attachment":[{"href":"https:\/\/correiodoestado.audiencelabs.com.br\/wp-json\/wp\/v2\/media?parent=13799"}],"wp:term":[{"taxonomy":"category","embeddable":true,"href":"https:\/\/correiodoestado.audiencelabs.com.br\/wp-json\/wp\/v2\/categories?post=13799"},{"taxonomy":"post_tag","embeddable":true,"href":"https:\/\/correiodoestado.audiencelabs.com.br\/wp-json\/wp\/v2\/tags?post=13799"}],"curies":[{"name":"wp","href":"https:\/\/api.w.org\/{rel}","templated":true}]}}