{"id":13907,"date":"2025-10-12T13:04:00","date_gmt":"2025-10-12T16:04:00","guid":{"rendered":"https:\/\/correiodoestado.audiencelabs.com.br\/?p=13907"},"modified":"2025-10-11T08:40:12","modified_gmt":"2025-10-11T11:40:12","slug":"planta-capaz-de-purificar-o-ar-vira-opcao-para-deixar-o-ambiente-mais-leve-na-sua-casa","status":"publish","type":"post","link":"https:\/\/correiodoestado.audiencelabs.com.br\/planta-capaz-de-purificar-o-ar-vira-opcao-para-deixar-o-ambiente-mais-leve-na-sua-casa\/","title":{"rendered":"Planta capaz de purificar o ar vira op\u00e7\u00e3o para deixar o ambiente mais leve na sua casa"},"content":{"rendered":"\n<p>A pr\u00e1tica de cultivar <a href=\"https:\/\/correiodoestado.com.br\/mix\/3-plantas-que-atraem-escorpiao-e-devem-ser-removidas-do-seu-jardim\/\" target=\"_blank\" rel=\"noopener\">plantas <\/a>em im\u00f3veis virou tend\u00eancia nos \u00faltimos anos, principalmente por algumas esp\u00e9cies possu\u00edrem caracter\u00edsticas que v\u00e3o al\u00e9m da harmoniosidade. Ainda que sejam dispostas para dar um toque mais aconchegante ao ambiente, a vegeta\u00e7\u00e3o pode proporcionar frescor e tornar a regi\u00e3o mais agrad\u00e1vel, como \u00e9 o caso da Espada-de-S\u00e3o-Jorge.<\/p>\n\n\n\n<p>A esp\u00e9cie em quest\u00e3o\u00a0\u00e9 uma das escolhas mais assertivas para quem prioriza a busca por ar mais leve. Al\u00e9m de n\u00e3o exigir muitos cuidados para o seu crescimento, a planta atua removendo poluentes comuns encontrados em ambientes fechados. Por seu poder de adapta\u00e7\u00e3o a diferentes tipos de ilumina\u00e7\u00e3o, pode ser vista em resid\u00eancias e at\u00e9 mesmo escrit\u00f3rios.<\/p>\n\n\n\n<figure class=\"wp-block-image size-large\"><img loading=\"lazy\" decoding=\"async\" width=\"1024\" height=\"576\" src=\"https:\/\/correiodoestado.audiencelabs.com.br\/wp-content\/uploads\/2025\/10\/Design-sem-nome-1536x864.jpg-1024x576.webp\" alt=\"\" class=\"wp-image-13908\" srcset=\"https:\/\/correiodoestado.audiencelabs.com.br\/wp-content\/uploads\/2025\/10\/Design-sem-nome-1536x864.jpg-1024x576.webp 1024w, https:\/\/correiodoestado.audiencelabs.com.br\/wp-content\/uploads\/2025\/10\/Design-sem-nome-1536x864.jpg-300x169.webp 300w, https:\/\/correiodoestado.audiencelabs.com.br\/wp-content\/uploads\/2025\/10\/Design-sem-nome-1536x864.jpg-768x432.webp 768w, https:\/\/correiodoestado.audiencelabs.com.br\/wp-content\/uploads\/2025\/10\/Design-sem-nome-1536x864.jpg-750x422.webp 750w, https:\/\/correiodoestado.audiencelabs.com.br\/wp-content\/uploads\/2025\/10\/Design-sem-nome-1536x864.jpg-1140x641.webp 1140w, https:\/\/correiodoestado.audiencelabs.com.br\/wp-content\/uploads\/2025\/10\/Design-sem-nome-1536x864.jpg.webp 1536w\" sizes=\"auto, (max-width: 1024px) 100vw, 1024px\" \/><figcaption class=\"wp-element-caption\">Foto: Ilustockphoto\/Canva<\/figcaption><\/figure>\n\n\n\n<p>Cientificamente conhecida como <em>Sansevieria\/Dracaena trifasciata<\/em>, a Espada-de-S\u00e3o-Jorge\u00a0\u00e9 robusta, aceitando meia-sombra e preferindo substrato bem drenante. Para manter a planta em excelente estado, \u00e9 indicado regar somente quando o topo do substrato estiver totalmente seco. Por outro lado, o ideal \u00e9 posicionar a esp\u00e9cie em dire\u00e7\u00e3o \u00e0 luz indireta ou sombra clara.<\/p>\n\n\n\n<p>\u00c9 imprescind\u00edvel ainda se atentar ao manejo correto desse tipo de vegeta\u00e7\u00e3o. Quando a planta apresenta bordas queimadas, isso significa que o sol direto est\u00e1 causando danos por sua excessividade. Portanto, o importante \u00e9 sempre evitar pratos com \u00e1gua parada para n\u00e3o apodrecer as ra\u00edzes. Com a pr\u00e1tica correta, o frescor ir\u00e1 ajudar a criar ambientes mais saud\u00e1veis.<\/p>\n\n\n\n<h2 class=\"wp-block-heading\">Como as plantas ajudam no bem-estar?<\/h2>\n\n\n\n<p>A t\u00edtulo de curiosidade, a\u00a0concentra\u00e7\u00e3o de poluentes \u00e9 de tr\u00eas a cinco vezes maior dentro de casa. De acordo com o National Cancer Institute (NCI) e os Centros de Controle e Preven\u00e7\u00e3o de Doen\u00e7as (CDC), 80% de todos os c\u00e2nceres podem ser atribu\u00eddos \u00e0 qualidade do ar ambiente.<\/p>\n\n\n\n<p>Al\u00e9m de embelezar as \u00e1reas, as plantas podem prevenir\u00a0doen\u00e7as respirat\u00f3rias\u00a0e outros problemas causados pelos Compostos Org\u00e2nicos Vol\u00e1teis (COV). Os COVs soltam part\u00edculas t\u00f3xicas e subst\u00e2ncias vol\u00e1teis que ficam em suspens\u00e3o no ar e, quando s\u00e3o inalados, provocam complica\u00e7\u00f5es nos quadros\u00a0al\u00e9rgicos\u00a0e na sa\u00fade em geral.<\/p>\n\n\n\n<p>Diante desses fatos, a vegeta\u00e7\u00e3o cultivada em \u00e1reas fechadas pode remover o formalde\u00eddo, subst\u00e2ncia encontrada em produtos qu\u00edmicos e que tende a causar\u00a0bronquite,\u00a0pneumonia\u00a0ou laringite. Por sua vez, mant\u00eam a libera\u00e7\u00e3o tanto do di\u00f3xido de carbono, usado no processo de fotoss\u00edntese, como o oxig\u00eanio, ap\u00f3s o processo, equilibrando o ambiente<\/p>\n","protected":false},"excerpt":{"rendered":"<p>Al\u00e9m de embelezar os ambientes, a planta tem papel fundamental na purifica\u00e7\u00e3o do ar, reduzindo drasticamente as chances de desenvolvimento de doen\u00e7as respirat\u00f3rias<\/p>\n","protected":false},"author":8,"featured_media":13909,"comment_status":"open","ping_status":"open","sticky":false,"template":"","format":"standard","meta":{"jnews-multi-image_gallery":[],"jnews_single_post":{"format":"standard"},"jnews_primary_category":[],"jnews_social_meta":[],"footnotes":""},"categories":[1],"tags":[],"class_list":["post-13907","post","type-post","status-publish","format-standard","has-post-thumbnail","hentry","category-mix"],"_links":{"self":[{"href":"https:\/\/correiodoestado.audiencelabs.com.br\/wp-json\/wp\/v2\/posts\/13907","targetHints":{"allow":["GET"]}}],"collection":[{"href":"https:\/\/correiodoestado.audiencelabs.com.br\/wp-json\/wp\/v2\/posts"}],"about":[{"href":"https:\/\/correiodoestado.audiencelabs.com.br\/wp-json\/wp\/v2\/types\/post"}],"author":[{"embeddable":true,"href":"https:\/\/correiodoestado.audiencelabs.com.br\/wp-json\/wp\/v2\/users\/8"}],"replies":[{"embeddable":true,"href":"https:\/\/correiodoestado.audiencelabs.com.br\/wp-json\/wp\/v2\/comments?post=13907"}],"version-history":[{"count":2,"href":"https:\/\/correiodoestado.audiencelabs.com.br\/wp-json\/wp\/v2\/posts\/13907\/revisions"}],"predecessor-version":[{"id":14424,"href":"https:\/\/correiodoestado.audiencelabs.com.br\/wp-json\/wp\/v2\/posts\/13907\/revisions\/14424"}],"wp:featuredmedia":[{"embeddable":true,"href":"https:\/\/correiodoestado.audiencelabs.com.br\/wp-json\/wp\/v2\/media\/13909"}],"wp:attachment":[{"href":"https:\/\/correiodoestado.audiencelabs.com.br\/wp-json\/wp\/v2\/media?parent=13907"}],"wp:term":[{"taxonomy":"category","embeddable":true,"href":"https:\/\/correiodoestado.audiencelabs.com.br\/wp-json\/wp\/v2\/categories?post=13907"},{"taxonomy":"post_tag","embeddable":true,"href":"https:\/\/correiodoestado.audiencelabs.com.br\/wp-json\/wp\/v2\/tags?post=13907"}],"curies":[{"name":"wp","href":"https:\/\/api.w.org\/{rel}","templated":true}]}}