{"id":14127,"date":"2025-10-10T09:24:00","date_gmt":"2025-10-10T12:24:00","guid":{"rendered":"https:\/\/correiodoestado.audiencelabs.com.br\/?p=14127"},"modified":"2025-10-09T15:07:02","modified_gmt":"2025-10-09T18:07:02","slug":"ancelotti-gera-influencia-e-ibrahimovic-se-une-a-selecao-brasileira-para-a-copa-do-mundo-2026","status":"publish","type":"post","link":"https:\/\/correiodoestado.audiencelabs.com.br\/ancelotti-gera-influencia-e-ibrahimovic-se-une-a-selecao-brasileira-para-a-copa-do-mundo-2026\/","title":{"rendered":"Ancelotti gera influ\u00eancia e Ibrahimovic se une a Sele\u00e7\u00e3o Brasileira para a Copa do Mundo 2026"},"content":{"rendered":"\n<p>Apesar de ter anunciado sua aposentadoria das quatro linhas, Zlatan Ibrahimovic segue marcando presen\u00e7a no mundo da bola. Outrora treinado por <a href=\"https:\/\/correiodoestado.com.br\/mix\/ancelotti-chama-um-dos-zagueiros-mais-rapidos-do-mundo-para-a-selecao-brasileira\/\" target=\"_blank\" rel=\"noopener\">Carlo Ancelotti<\/a> no Paris Saint-Germain, o sueco abriu o jogo sobre o que espera do italiano na Copa do Mundo. Mesmo com a Su\u00e9cia brigando por uma vaga no mundial de 2026, o ex-atacante confirmou que ir\u00e1 torcer para a Sele\u00e7\u00e3o Brasileira.<\/p>\n\n\n\n<p>Nesta quarta-feira (8), o veterano de 44 anos marcou presen\u00e7a na reuni\u00e3o da Associa\u00e7\u00e3o de Clubes Europeus. Embora o debate tenha sido amplo sobre o futebol continental, Ibrahimovic rasgou o verbo em meio \u00e0 parceria adquirida durante os \u00faltimos anos com Carletto. Mesmo que encontre dificuldades de ajustar a delega\u00e7\u00e3o, reconheceu que o treinador tem o poder de virar o jogo.<\/p>\n\n\n\n<figure class=\"wp-block-image size-large\"><img decoding=\"async\" src=\"https:\/\/correiodoestado.audiencelabs.com.br\/wp-content\/uploads\/2025\/10\/GzeVIiLXIAAJC6m-964x1024.jpg\" alt=\"\" class=\"wp-image-14132\" \/><figcaption class=\"wp-element-caption\">Cr\u00e9ditos: Reprodu\u00e7\u00e3o\/Ibrahimovic <\/figcaption><\/figure>\n\n\n\n<p>&#8220;Espero que o Brasil ganhe. Vou torcer pelo Brasil por causa do meu amigo Ancelotti. Eu lhe desejo o melhor, porque tudo que ele toca se converte em algo m\u00e1gico. Eu tive treinadores como (Fabio) Capello, (Jos\u00e9) Mourinho, (Pep) Guardiola e Ancelotti. Esses quatro s\u00e3o o futebol e, \u00e0 sua maneira, conseguiram mudar o jogo&#8221;, declarou durante o evento realizado em Roma.<\/p>\n\n\n\n<p>As falas de Ibra foram refletidas em apenas uma temporada, quando ambos estiveram defendendo o escudo do atual campe\u00e3o da Champions League, o PSG. Enquanto foi comandado pelo italiano, Zlatan entrou em campo 46 vezes, sendo recompensado com 35 gols, 15 assist\u00eancias e os t\u00edtulos da Superta\u00e7a da Fran\u00e7a e Campeonato Franc\u00eas.<\/p>\n\n\n\n<h2 class=\"wp-block-heading\">Ancelotti faz duras cr\u00edticas a jogadores da Sele\u00e7\u00e3o Brasileira<\/h2>\n\n\n\n<p>Classificado para a Copa do Mundo de 2026, o Brasil ter\u00e1 pela frente alguns amistosos visando encurtar o elenco para o torneio organizado pela Fifa. Com cinco meses \u00e0 frente da delega\u00e7\u00e3o canarinha, Ancelotti reconheceu a qualidade t\u00e9cnica dos jogadores, mas cobra mudan\u00e7a de postura para colocar a sexta estrela na camisa da sele\u00e7\u00e3o.<\/p>\n\n\n\n<p>&#8220;\u00c9 preciso mais trabalho t\u00e1tico para trabalhar a estrat\u00e9gia do jogo. Mas a parte mais importante n\u00e3o \u00e9 a estrat\u00e9gia, \u00e9 a atitude dos jogadores no campo. Para isso, n\u00e3o \u00e9 preciso muito tempo para preparar. A equipe tem que mostrar a qualidade individual que tem. \u00c9 preciso jogar um bom futebol. Quero jogadores que pensam que querem estar no Mundial para vencer e n\u00e3o serem os melhores&#8221;, disse o treinador.<\/p>\n","protected":false},"excerpt":{"rendered":"<p>Outrora comandado por Carlo Ancelotti no Paris Saint-Germain, Zlatan Ibrahimovic rasgou o verbo sobre o trabalho do italiano e projetou triunfo na Copa do Mundo de 2026<\/p>\n","protected":false},"author":8,"featured_media":0,"comment_status":"open","ping_status":"open","sticky":false,"template":"","format":"standard","meta":{"jnews-multi-image_gallery":[],"jnews_single_post":{"format":"standard"},"jnews_primary_category":[],"jnews_social_meta":[],"footnotes":""},"categories":[1],"tags":[],"class_list":["post-14127","post","type-post","status-publish","format-standard","hentry","category-mix"],"_links":{"self":[{"href":"https:\/\/correiodoestado.audiencelabs.com.br\/wp-json\/wp\/v2\/posts\/14127","targetHints":{"allow":["GET"]}}],"collection":[{"href":"https:\/\/correiodoestado.audiencelabs.com.br\/wp-json\/wp\/v2\/posts"}],"about":[{"href":"https:\/\/correiodoestado.audiencelabs.com.br\/wp-json\/wp\/v2\/types\/post"}],"author":[{"embeddable":true,"href":"https:\/\/correiodoestado.audiencelabs.com.br\/wp-json\/wp\/v2\/users\/8"}],"replies":[{"embeddable":true,"href":"https:\/\/correiodoestado.audiencelabs.com.br\/wp-json\/wp\/v2\/comments?post=14127"}],"version-history":[{"count":1,"href":"https:\/\/correiodoestado.audiencelabs.com.br\/wp-json\/wp\/v2\/posts\/14127\/revisions"}],"predecessor-version":[{"id":14133,"href":"https:\/\/correiodoestado.audiencelabs.com.br\/wp-json\/wp\/v2\/posts\/14127\/revisions\/14133"}],"wp:attachment":[{"href":"https:\/\/correiodoestado.audiencelabs.com.br\/wp-json\/wp\/v2\/media?parent=14127"}],"wp:term":[{"taxonomy":"category","embeddable":true,"href":"https:\/\/correiodoestado.audiencelabs.com.br\/wp-json\/wp\/v2\/categories?post=14127"},{"taxonomy":"post_tag","embeddable":true,"href":"https:\/\/correiodoestado.audiencelabs.com.br\/wp-json\/wp\/v2\/tags?post=14127"}],"curies":[{"name":"wp","href":"https:\/\/api.w.org\/{rel}","templated":true}]}}