{"id":14242,"date":"2025-10-13T01:24:00","date_gmt":"2025-10-13T04:24:00","guid":{"rendered":"https:\/\/correiodoestado.audiencelabs.com.br\/?p=14242"},"modified":"2025-10-10T11:23:12","modified_gmt":"2025-10-10T14:23:12","slug":"segunda-cidade-mais-cara-do-brasil-nao-economiza-e-vai-aumentar-a-propria-praia","status":"publish","type":"post","link":"https:\/\/correiodoestado.audiencelabs.com.br\/segunda-cidade-mais-cara-do-brasil-nao-economiza-e-vai-aumentar-a-propria-praia\/","title":{"rendered":"Segunda cidade mais cara do Brasil n\u00e3o economiza e vai aumentar a pr\u00f3pria praia"},"content":{"rendered":"\n<p>Considerada a segunda cidade com o metro quadrado mais caro do <a href=\"https:\/\/correiodoestado.com.br\/mix\/novo-concurso-do-banco-do-brasil-chega-com-vagas-de-nivel-medio-pagando-ate-r-7-mil-mensais\/\" target=\"_blank\" rel=\"noopener\">Brasil<\/a>, Itapema, em Santa Catarina, caminha em dire\u00e7\u00e3o a projeto audacioso. O prefeito do munic\u00edpio, Alexandre Xepa (PL), e o governador Jorginho Mello (PL) dialogam para alargar a faixa de areia da Meia Praia, o que pode colocar em evid\u00eancia mais um avan\u00e7o significativo no tocante ao licenciamento ambiental da obra.<\/p>\n\n\n\n<p>A empreitada tende a melhorar o turismo e ampliar as ofertas de servi\u00e7o na regi\u00e3o. Nesse \u00ednterim, o munic\u00edpio confirmou ter conseguido a\u00a0Licen\u00e7a Ambiental Pr\u00e9via (LAP), que atestou a viabilidade da obra. Contudo, para que as opera\u00e7\u00f5es saiam do papel, \u00e9 necess\u00e1rio se enquadrar \u00e0s exig\u00eancias t\u00e9cnicas estabelecidas.<\/p>\n\n\n\n<figure class=\"wp-block-image size-full\"><img decoding=\"async\" src=\"https:\/\/correiodoestado.audiencelabs.com.br\/wp-content\/uploads\/2025\/10\/Drone-9-1024x576-1.jpg\" alt=\"\" class=\"wp-image-14269\" \/><figcaption class=\"wp-element-caption\">Cr\u00e9ditos: Reprodu\u00e7\u00e3o\/PlayImoveisItapema<\/figcaption><\/figure>\n\n\n\n<p>Ao longo dos \u00faltimos meses, representantes da prefeitura est\u00e3o trabalhando para cumprir todas as exig\u00eancias e ajustar os estudos solicitados pelo Instituto do Meio Ambiente de Santa Catarina (IMA). Essa medida tem a finalidade de conseguir a Licen\u00e7a Ambiental de Instala\u00e7\u00e3o (LAI), documento que possibilita o in\u00edcio efetivo da obra.<\/p>\n\n\n\n<p>\u201cO licenciamento \u00e9 um processo rigoroso e exige diversos estudos complementares. Estamos finalizando as adequa\u00e7\u00f5es solicitadas pelo IMA para garantir seguran\u00e7a jur\u00eddica e ambiental, e a expectativa \u00e9 que a LAI seja liberada ainda este ano, permitindo o in\u00edcio da licita\u00e7\u00e3o da obra no pr\u00f3ximo per\u00edodo\u201d, afirmou o secret\u00e1rio de Governo e Infraestrutura, Marcelo Correia.<\/p>\n\n\n\n<h2 class=\"wp-block-heading\">Custo alto para residir na cidade do sul do Brasil<\/h2>\n\n\n\n<p>De acordo com o levantamento efetuado pelo \u00cdndice FipeZap, Itapema se destaca como uma das cidades mais caras para morar no Brasil. Enquanto o munic\u00edpio apresenta m\u00e9dia de R$ 13.735 por metro quadrado, Balne\u00e1rio Cambori\u00fa assume o protagonismo com a faixa de R$ 14.206. Por sua vez, o top 3 \u00e9 encerrado com Vit\u00f3ria, capital do Esp\u00edrito Santo, com padr\u00e3o de R$ 12.781.<\/p>\n","protected":false},"excerpt":{"rendered":"<p>Ocupando o posto de segunda cidade com o pre\u00e7o mais elevado do metro quadrado, regi\u00e3o localizada no sul do Brasil pretende ampliar praia <\/p>\n","protected":false},"author":8,"featured_media":0,"comment_status":"open","ping_status":"open","sticky":false,"template":"","format":"standard","meta":{"jnews-multi-image_gallery":[],"jnews_single_post":{"format":"standard"},"jnews_primary_category":[],"jnews_social_meta":[],"footnotes":""},"categories":[1],"tags":[],"class_list":["post-14242","post","type-post","status-publish","format-standard","hentry","category-mix"],"_links":{"self":[{"href":"https:\/\/correiodoestado.audiencelabs.com.br\/wp-json\/wp\/v2\/posts\/14242","targetHints":{"allow":["GET"]}}],"collection":[{"href":"https:\/\/correiodoestado.audiencelabs.com.br\/wp-json\/wp\/v2\/posts"}],"about":[{"href":"https:\/\/correiodoestado.audiencelabs.com.br\/wp-json\/wp\/v2\/types\/post"}],"author":[{"embeddable":true,"href":"https:\/\/correiodoestado.audiencelabs.com.br\/wp-json\/wp\/v2\/users\/8"}],"replies":[{"embeddable":true,"href":"https:\/\/correiodoestado.audiencelabs.com.br\/wp-json\/wp\/v2\/comments?post=14242"}],"version-history":[{"count":2,"href":"https:\/\/correiodoestado.audiencelabs.com.br\/wp-json\/wp\/v2\/posts\/14242\/revisions"}],"predecessor-version":[{"id":14436,"href":"https:\/\/correiodoestado.audiencelabs.com.br\/wp-json\/wp\/v2\/posts\/14242\/revisions\/14436"}],"wp:attachment":[{"href":"https:\/\/correiodoestado.audiencelabs.com.br\/wp-json\/wp\/v2\/media?parent=14242"}],"wp:term":[{"taxonomy":"category","embeddable":true,"href":"https:\/\/correiodoestado.audiencelabs.com.br\/wp-json\/wp\/v2\/categories?post=14242"},{"taxonomy":"post_tag","embeddable":true,"href":"https:\/\/correiodoestado.audiencelabs.com.br\/wp-json\/wp\/v2\/tags?post=14242"}],"curies":[{"name":"wp","href":"https:\/\/api.w.org\/{rel}","templated":true}]}}