{"id":14282,"date":"2025-10-13T04:22:00","date_gmt":"2025-10-13T07:22:00","guid":{"rendered":"https:\/\/correiodoestado.audiencelabs.com.br\/?p=14282"},"modified":"2025-10-10T12:13:56","modified_gmt":"2025-10-10T15:13:56","slug":"nelson-piquet-descobriu-lugar-com-aeroporto-quase-exclusivo-para-aproveitar-a-vida-tranquilo","status":"publish","type":"post","link":"https:\/\/correiodoestado.audiencelabs.com.br\/nelson-piquet-descobriu-lugar-com-aeroporto-quase-exclusivo-para-aproveitar-a-vida-tranquilo\/","title":{"rendered":"Nelson Piquet descobriu lugar com aeroporto quase exclusivo para aproveitar a vida tranquilo"},"content":{"rendered":"\n<p>Aposentado oficialmente das pistas de F\u00f3rmula 1 desde 1991, <a href=\"https:\/\/correiodoestado.com.br\/mix\/enquanto-ayrton-senna-negou-autografo-a-felipe-massa-nelson-piquet-tentou-ajudar-na-briga-pelo-titulo-da-formula-1\/\" target=\"_blank\" rel=\"noopener\">Nelson Piquet<\/a> mant\u00e9m seu nome nos holofotes, mas prioriza seguir a vida pacata ao lado da fam\u00edlia. Apesar de ter v\u00e1rias mans\u00f5es espalhadas pelo Brasil, o ex-piloto encontrou aconchego e tranquilidade em Mampituba, munic\u00edpio do Rio Grande do Sul.<\/p>\n\n\n\n<p>Composta por pouco menos de 3 mil habitantes, a cidade sulista n\u00e3o faz parte do roteiro habitual do tricampe\u00e3o mundial. A t\u00edtulo de curiosidade, o munic\u00edpio corresponde \u00e0s ra\u00edzes de sua esposa, Cristia Calegari Stefani. Portanto, as passagens de Nelson na regi\u00e3o dizem respeito a somente visita\u00e7\u00f5es aos familiares da amada.<\/p>\n\n\n\n<figure class=\"wp-block-image size-full\"><img loading=\"lazy\" decoding=\"async\" width=\"1024\" height=\"572\" src=\"https:\/\/correiodoestado.audiencelabs.com.br\/wp-content\/uploads\/2025\/10\/Drone-panoramica-1-1024x572.jpg.webp\" alt=\"\" class=\"wp-image-14291\" srcset=\"https:\/\/correiodoestado.audiencelabs.com.br\/wp-content\/uploads\/2025\/10\/Drone-panoramica-1-1024x572.jpg.webp 1024w, https:\/\/correiodoestado.audiencelabs.com.br\/wp-content\/uploads\/2025\/10\/Drone-panoramica-1-1024x572.jpg-300x168.webp 300w, https:\/\/correiodoestado.audiencelabs.com.br\/wp-content\/uploads\/2025\/10\/Drone-panoramica-1-1024x572.jpg-768x429.webp 768w, https:\/\/correiodoestado.audiencelabs.com.br\/wp-content\/uploads\/2025\/10\/Drone-panoramica-1-1024x572.jpg-750x419.webp 750w\" sizes=\"auto, (max-width: 1024px) 100vw, 1024px\" \/><figcaption class=\"wp-element-caption\">Cr\u00e9ditos: Reprodu\u00e7\u00e3o\/Canionsdosul<\/figcaption><\/figure>\n\n\n\n<p>Al\u00e9m de priorizar a aproxima\u00e7\u00e3o de Cristia com a fam\u00edlia, o ex-piloto \u00e9 beneficiado com o fato de que a cidade conta com um aeroporto quase particular. \u201cEle vem seguido aqui em seu jatinho particular Station 10, pois possui uma cobertura na Praia Grande, em Torres\u201d, disse o administrador do aeroporto, M\u00e1rio Ant\u00f4nio Carlette de Assis, em entrevista ao jornal Correio do Povo.<\/p>\n\n\n\n<p>Operando de forma regular desde o in\u00edcio de 2020, o Aeroporto de Torres, localizado no Litoral Norte do Rio Grande do Sul, \u00e9 administrado pelo governo estadual, mas n\u00e3o apresenta as mesmas funcionalidades e estrutura de empreendimentos nas metr\u00f3poles brasileiras. Sobretudo, o terminal n\u00e3o recebe voos comerciais, o que tem sido ben\u00e9fico para a preserva\u00e7\u00e3o de Piquet.<\/p>\n\n\n\n<h2 class=\"wp-block-heading\">Nelson Piquet vive drama dentro das pistas<\/h2>\n\n\n\n<p>Recentemente, o tricampe\u00e3o de F\u00f3rmula 1 passou por um drama familiar. Julia Piquet, sua herdeira, se envolveu em um acidente de tr\u00e2nsito na Carolina do Norte, nos Estados Unidos. Enquanto dirigia com a presen\u00e7a da m\u00e3e e da sogra, o ve\u00edculo da brasileira foi atingido por um outro motorista, que vinha logo atr\u00e1s, na rodovia estadual NC 73. <\/p>\n\n\n\n<p>De acordo com relatos das autoridades, o condutor n\u00e3o reduziu a velocidade, gerando a batida na traseira do carro de Julia. Com o impacto da colis\u00e3o, o ve\u00edculo da filha de Piquet entrou na contram\u00e3o e foi atingido por um terceiro autom\u00f3vel.\u00a0O ve\u00edculo ficou parcialmente destru\u00eddo, mas todas as pessoas envolvidas foram encaminhadas ao hospital e liberadas logo em seguida.<\/p>\n","protected":false},"excerpt":{"rendered":"<p>Optando por seguir fora dos holofotes, Nelson Piquet costuma viajar para cidade pouco conhecida para aproveitar a paz e aconchego <\/p>\n","protected":false},"author":8,"featured_media":12837,"comment_status":"open","ping_status":"open","sticky":false,"template":"","format":"standard","meta":{"jnews-multi-image_gallery":[],"jnews_single_post":{"format":"standard"},"jnews_primary_category":[],"jnews_social_meta":[],"footnotes":""},"categories":[1],"tags":[],"class_list":["post-14282","post","type-post","status-publish","format-standard","has-post-thumbnail","hentry","category-mix"],"_links":{"self":[{"href":"https:\/\/correiodoestado.audiencelabs.com.br\/wp-json\/wp\/v2\/posts\/14282","targetHints":{"allow":["GET"]}}],"collection":[{"href":"https:\/\/correiodoestado.audiencelabs.com.br\/wp-json\/wp\/v2\/posts"}],"about":[{"href":"https:\/\/correiodoestado.audiencelabs.com.br\/wp-json\/wp\/v2\/types\/post"}],"author":[{"embeddable":true,"href":"https:\/\/correiodoestado.audiencelabs.com.br\/wp-json\/wp\/v2\/users\/8"}],"replies":[{"embeddable":true,"href":"https:\/\/correiodoestado.audiencelabs.com.br\/wp-json\/wp\/v2\/comments?post=14282"}],"version-history":[{"count":2,"href":"https:\/\/correiodoestado.audiencelabs.com.br\/wp-json\/wp\/v2\/posts\/14282\/revisions"}],"predecessor-version":[{"id":14439,"href":"https:\/\/correiodoestado.audiencelabs.com.br\/wp-json\/wp\/v2\/posts\/14282\/revisions\/14439"}],"wp:featuredmedia":[{"embeddable":true,"href":"https:\/\/correiodoestado.audiencelabs.com.br\/wp-json\/wp\/v2\/media\/12837"}],"wp:attachment":[{"href":"https:\/\/correiodoestado.audiencelabs.com.br\/wp-json\/wp\/v2\/media?parent=14282"}],"wp:term":[{"taxonomy":"category","embeddable":true,"href":"https:\/\/correiodoestado.audiencelabs.com.br\/wp-json\/wp\/v2\/categories?post=14282"},{"taxonomy":"post_tag","embeddable":true,"href":"https:\/\/correiodoestado.audiencelabs.com.br\/wp-json\/wp\/v2\/tags?post=14282"}],"curies":[{"name":"wp","href":"https:\/\/api.w.org\/{rel}","templated":true}]}}