{"id":1439,"date":"2025-07-13T13:30:00","date_gmt":"2025-07-13T16:30:00","guid":{"rendered":"https:\/\/correiodoestado.audiencelabs.com.br\/?p=1439"},"modified":"2025-07-13T10:51:46","modified_gmt":"2025-07-13T13:51:46","slug":"o-que-a-psicologia-diz-sobre-pessoas-que-sao-desorganizadas-por-natureza","status":"publish","type":"post","link":"https:\/\/correiodoestado.audiencelabs.com.br\/o-que-a-psicologia-diz-sobre-pessoas-que-sao-desorganizadas-por-natureza\/","title":{"rendered":"O que a psicologia diz sobre pessoas que s\u00e3o desorganizadas por natureza"},"content":{"rendered":"\n<p>O comportamento desorganizado \u00e9 frequentemente alvo de discuss\u00f5es, especialmente quando se busca compreender suas causas e significados. Em 2025, com os avan\u00e7os na \u00e1rea da psicologia, cresce a percep\u00e7\u00e3o de que a bagun\u00e7a vai al\u00e9m da apar\u00eancia do ambiente f\u00edsico \u2014 ela pode ser um reflexo direto do estado emocional e mental da pessoa. A desordem, portanto, n\u00e3o deve ser interpretada apenas como resultado de neglig\u00eancia ou falta de disciplina.<\/p>\n\n\n\n<p>De acordo com estudos recentes em sa\u00fade mental, a forma como algu\u00e9m organiza (ou n\u00e3o) o pr\u00f3prio espa\u00e7o pode fornecer pistas importantes sobre sentimentos como cansa\u00e7o, estresse e tristeza. Ambientes desorganizados costumam acompanhar per\u00edodos de sobrecarga emocional, servindo como espelho do que se passa internamente.<\/p>\n\n\n\n<h2 class=\"wp-block-heading\">O que est\u00e1 por tr\u00e1s do h\u00e1bito de viver na bagun\u00e7a?<\/h2>\n\n\n\n<p>Especialistas da psicologia apontam que um ambiente ca\u00f3tico, cheio de tarefas inacabadas e objetos fora do lugar, muitas vezes reflete estados de humor alterados, como ansiedade ou sintomas depressivos. Quando o esgotamento emocional \u00e9 intenso, manter a organiza\u00e7\u00e3o deixa de ser prioridade.<\/p>\n\n\n\n<p>Al\u00e9m do aspecto emocional, a desorganiza\u00e7\u00e3o pode se manifestar tamb\u00e9m no funcionamento cognitivo. Algumas pessoas t\u00eam dificuldade em estabelecer prioridades, planejar o dia a dia ou manter uma rotina, o que pode indicar quest\u00f5es como o transtorno de d\u00e9ficit de aten\u00e7\u00e3o. Em outros casos, trata-se apenas de um estilo de pensamento mais intuitivo e criativo, que n\u00e3o se adapta bem a estruturas r\u00edgidas.<\/p>\n\n\n\n<p>Tamb\u00e9m existe uma dimens\u00e3o simb\u00f3lica na bagun\u00e7a: ela pode representar uma resist\u00eancia inconsciente \u00e0s normas impostas. Pessoas que valorizam a liberdade ou t\u00eam hist\u00f3rico de rebeldia podem enxergar a desorganiza\u00e7\u00e3o como forma de afirmar autonomia frente \u00e0s regras de conv\u00edvio social, familiar ou profissional.<\/p>\n\n\n\n<p>Contudo, \u00e9 importante n\u00e3o associar automaticamente a desorganiza\u00e7\u00e3o a um problema. Para alguns, a liberdade na disposi\u00e7\u00e3o dos objetos estimula a criatividade e o pensamento fora do padr\u00e3o. O ponto de aten\u00e7\u00e3o surge quando o comportamento come\u00e7a a impactar negativamente a vida, causando estresse, conflitos ou queda na autoestima. Nesses casos, buscar apoio profissional pode ser essencial.<\/p>\n\n\n\n<h2 class=\"wp-block-heading\">Fatores que influenciam a desorganiza\u00e7\u00e3o<\/h2>\n\n\n\n<p>V\u00e1rios aspectos podem contribuir para o surgimento e a manuten\u00e7\u00e3o desse comportamento:<\/p>\n\n\n\n<ul class=\"wp-block-list\">\n<li><strong>Estados emocionais:<\/strong> Tristeza, ansiedade e estresse podem resultar em desorganiza\u00e7\u00e3o do ambiente.<\/li>\n\n\n\n<li><strong>Funcionamento cognitivo:<\/strong> Falta de planejamento, dificuldade de manter rotina e problemas de aten\u00e7\u00e3o est\u00e3o frequentemente associados \u00e0 desordem.<\/li>\n\n\n\n<li><strong>Influ\u00eancias familiares e culturais:<\/strong> Crescer em ambientes onde a organiza\u00e7\u00e3o n\u00e3o era incentivada pode naturalizar o comportamento desleixado.<\/li>\n\n\n\n<li><strong>Busca por independ\u00eancia:<\/strong> A recusa em seguir padr\u00f5es de organiza\u00e7\u00e3o pode ser uma forma de expressar autonomia.<\/li>\n\n\n\n<li><strong>Momentos de transi\u00e7\u00e3o:<\/strong> Mudan\u00e7as como fim de relacionamentos ou troca de emprego tendem a aumentar a tend\u00eancia \u00e0 bagun\u00e7a.<\/li>\n<\/ul>\n\n\n\n<p>Portanto, \u00e9 importante compreender que a desorganiza\u00e7\u00e3o \u00e9 um fen\u00f4meno multifatorial, que exige empatia e an\u00e1lise contextual.<\/p>\n\n\n\n<h2 class=\"wp-block-heading\">Como lidar com a desorganiza\u00e7\u00e3o?<\/h2>\n\n\n\n<p>Psic\u00f3logos explicam que o processo de se tornar mais organizado n\u00e3o depende apenas de t\u00e9cnicas pr\u00e1ticas. \u00c9 fundamental investir no autoconhecimento, identificar os sentimentos envolvidos e adotar estrat\u00e9gias de autocuidado. Em casos mais complexos, a terapia pode ser uma ferramenta valiosa para ajudar o indiv\u00edduo a encontrar um equil\u00edbrio entre sua natureza criativa e as exig\u00eancias pr\u00e1ticas do dia a dia.<\/p>\n\n\n\n<p>Encarar a desorganiza\u00e7\u00e3o com sensibilidade e aten\u00e7\u00e3o pode abrir caminho para transforma\u00e7\u00f5es significativas no bem-estar e na qualidade de vida.<\/p>\n","protected":false},"excerpt":{"rendered":"<p>O comportamento desorganizado \u00e9 frequentemente alvo de discuss\u00f5es, especialmente quando se busca compreender suas causas e significados. Em 2025, com os avan\u00e7os na \u00e1rea da psicologia, cresce a percep\u00e7\u00e3o de que a bagun\u00e7a vai al\u00e9m da apar\u00eancia do ambiente f\u00edsico \u2014 ela pode ser um reflexo direto do estado emocional e mental da pessoa. A [&hellip;]<\/p>\n","protected":false},"author":7,"featured_media":1442,"comment_status":"open","ping_status":"open","sticky":false,"template":"","format":"standard","meta":{"jnews-multi-image_gallery":[],"jnews_single_post":{"format":"standard"},"jnews_primary_category":[],"jnews_social_meta":[],"footnotes":""},"categories":[1],"tags":[],"class_list":["post-1439","post","type-post","status-publish","format-standard","has-post-thumbnail","hentry","category-mix"],"_links":{"self":[{"href":"https:\/\/correiodoestado.audiencelabs.com.br\/wp-json\/wp\/v2\/posts\/1439","targetHints":{"allow":["GET"]}}],"collection":[{"href":"https:\/\/correiodoestado.audiencelabs.com.br\/wp-json\/wp\/v2\/posts"}],"about":[{"href":"https:\/\/correiodoestado.audiencelabs.com.br\/wp-json\/wp\/v2\/types\/post"}],"author":[{"embeddable":true,"href":"https:\/\/correiodoestado.audiencelabs.com.br\/wp-json\/wp\/v2\/users\/7"}],"replies":[{"embeddable":true,"href":"https:\/\/correiodoestado.audiencelabs.com.br\/wp-json\/wp\/v2\/comments?post=1439"}],"version-history":[{"count":2,"href":"https:\/\/correiodoestado.audiencelabs.com.br\/wp-json\/wp\/v2\/posts\/1439\/revisions"}],"predecessor-version":[{"id":1441,"href":"https:\/\/correiodoestado.audiencelabs.com.br\/wp-json\/wp\/v2\/posts\/1439\/revisions\/1441"}],"wp:featuredmedia":[{"embeddable":true,"href":"https:\/\/correiodoestado.audiencelabs.com.br\/wp-json\/wp\/v2\/media\/1442"}],"wp:attachment":[{"href":"https:\/\/correiodoestado.audiencelabs.com.br\/wp-json\/wp\/v2\/media?parent=1439"}],"wp:term":[{"taxonomy":"category","embeddable":true,"href":"https:\/\/correiodoestado.audiencelabs.com.br\/wp-json\/wp\/v2\/categories?post=1439"},{"taxonomy":"post_tag","embeddable":true,"href":"https:\/\/correiodoestado.audiencelabs.com.br\/wp-json\/wp\/v2\/tags?post=1439"}],"curies":[{"name":"wp","href":"https:\/\/api.w.org\/{rel}","templated":true}]}}