{"id":16839,"date":"2025-10-30T07:45:00","date_gmt":"2025-10-30T10:45:00","guid":{"rendered":"https:\/\/correiodoestado.audiencelabs.com.br\/?p=16839"},"modified":"2025-10-29T12:40:03","modified_gmt":"2025-10-29T15:40:03","slug":"capital-brasileira-fez-bonito-sendo-eleita-pela-onu-a-cidade-mais-arborizada-do-mundo","status":"publish","type":"post","link":"https:\/\/correiodoestado.audiencelabs.com.br\/capital-brasileira-fez-bonito-sendo-eleita-pela-onu-a-cidade-mais-arborizada-do-mundo\/","title":{"rendered":"Capital brasileira fez bonito sendo eleita pela ONU a cidade mais arborizada do mundo"},"content":{"rendered":"\n<p>Goi\u00e2nia foi reconhecida como Cidade Arborizada do Mundo pela Organiza\u00e7\u00e3o das Na\u00e7\u00f5es Unidas (ONU), em reconhecimento \u00e0s iniciativas de cria\u00e7\u00e3o e manuten\u00e7\u00e3o de \u00e1reas verdes dentro do ambiente urbano.&nbsp;<\/p>\n\n\n\n<p>A premia\u00e7\u00e3o refere-se aos esfor\u00e7os realizados em 2023, quando a capital goiana consolidou sua arboriza\u00e7\u00e3o com mais de um milh\u00e3o de \u00e1rvores espalhadas por 32 bosques e parques. O an\u00fancio foi feito em fevereiro deste ano, colocando Goi\u00e2nia entre as cidades brasileiras que se destacam pela preserva\u00e7\u00e3o e amplia\u00e7\u00e3o de espa\u00e7os verdes.<\/p>\n\n\n\n<figure class=\"wp-block-gallery has-nested-images columns-default is-cropped wp-block-gallery-1 is-layout-flex wp-block-gallery-is-layout-flex\">\n<figure class=\"wp-block-image size-large\"><img loading=\"lazy\" decoding=\"async\" width=\"900\" height=\"600\" data-id=\"16840\" src=\"https:\/\/correiodoestado.audiencelabs.com.br\/wp-content\/uploads\/2025\/10\/word-image-2.png\" alt=\"\" class=\"wp-image-16840\" srcset=\"https:\/\/correiodoestado.audiencelabs.com.br\/wp-content\/uploads\/2025\/10\/word-image-2.png 900w, https:\/\/correiodoestado.audiencelabs.com.br\/wp-content\/uploads\/2025\/10\/word-image-2-300x200.png 300w, https:\/\/correiodoestado.audiencelabs.com.br\/wp-content\/uploads\/2025\/10\/word-image-2-768x512.png 768w, https:\/\/correiodoestado.audiencelabs.com.br\/wp-content\/uploads\/2025\/10\/word-image-2-750x500.png 750w\" sizes=\"auto, (max-width: 900px) 100vw, 900px\" \/><figcaption class=\"wp-element-caption\">Cr\u00e9ditos: Shutterstock<\/figcaption><\/figure>\n<\/figure>\n\n\n\n<h2 class=\"wp-block-heading\">Pol\u00edticas verdes e arboriza\u00e7\u00e3o urbana em Goi\u00e2nia<\/h2>\n\n\n\n<p>Nos \u00faltimos quatro anos, Goi\u00e2nia plantou 380 mil novas \u00e1rvores como parte de um programa da prefeitura para aumentar a cobertura vegetal urbana. Entre as a\u00e7\u00f5es, est\u00e1 uma lei que obriga que todas as resid\u00eancias tenham ao menos uma \u00e1rvore em frente \u00e0s casas. O Viveiro Municipal cultiva 82 esp\u00e9cies de plantas adaptadas ao clima seco, e mais de seis mil mudas est\u00e3o prontas para distribui\u00e7\u00e3o.<\/p>\n\n\n\n<p>A Ag\u00eancia Municipal de Meio Ambiente (Amma) realiza mutir\u00f5es de plantio, com destaque para um evento que contou com 90 mil mudas plantadas em um terreno vazio. A Amma tamb\u00e9m oferece servi\u00e7os de orienta\u00e7\u00e3o e plantio para moradores interessados, atrav\u00e9s do servi\u00e7o Disque-\u00c1rvore, que pode ser acionado pelo telefone (62) 99639-7495.<\/p>\n\n\n\n<p>O reconhecimento internacional vem pelo programa Cidades \u00c1rvores do Mundo, uma parceria entre a Organiza\u00e7\u00e3o das Na\u00e7\u00f5es Unidas para Alimenta\u00e7\u00e3o e Agricultura (FAO) e a Funda\u00e7\u00e3o Arbor Day, lan\u00e7ado em 2019.<\/p>\n\n\n\n<p>O objetivo do programa \u00e9 conectar cidades globalmente e promover boas pr\u00e1ticas no manejo de \u00e1rvores e florestas urbanas. Para receber o t\u00edtulo, os munic\u00edpios precisam demonstrar compromisso s\u00f3lido com a silvicultura urbana, atendendo a cinco padr\u00f5es de qualifica\u00e7\u00e3o. Al\u00e9m do reconhecimento,<\/p>\n","protected":false},"excerpt":{"rendered":"<p>Goi\u00e2nia foi reconhecida como Cidade Arborizada do Mundo pela Organiza\u00e7\u00e3o das Na\u00e7\u00f5es Unidas (ONU), em reconhecimento \u00e0s iniciativas de cria\u00e7\u00e3o e manuten\u00e7\u00e3o de \u00e1reas verdes dentro do ambiente urbano.&nbsp; A premia\u00e7\u00e3o refere-se aos esfor\u00e7os realizados em 2023, quando a capital goiana consolidou sua arboriza\u00e7\u00e3o com mais de um milh\u00e3o de \u00e1rvores espalhadas por 32 bosques [&hellip;]<\/p>\n","protected":false},"author":12,"featured_media":16841,"comment_status":"open","ping_status":"open","sticky":false,"template":"","format":"standard","meta":{"jnews-multi-image_gallery":[],"jnews_single_post":{"format":"standard"},"jnews_primary_category":[],"jnews_social_meta":[],"footnotes":""},"categories":[1],"tags":[],"class_list":["post-16839","post","type-post","status-publish","format-standard","has-post-thumbnail","hentry","category-mix"],"_links":{"self":[{"href":"https:\/\/correiodoestado.audiencelabs.com.br\/wp-json\/wp\/v2\/posts\/16839","targetHints":{"allow":["GET"]}}],"collection":[{"href":"https:\/\/correiodoestado.audiencelabs.com.br\/wp-json\/wp\/v2\/posts"}],"about":[{"href":"https:\/\/correiodoestado.audiencelabs.com.br\/wp-json\/wp\/v2\/types\/post"}],"author":[{"embeddable":true,"href":"https:\/\/correiodoestado.audiencelabs.com.br\/wp-json\/wp\/v2\/users\/12"}],"replies":[{"embeddable":true,"href":"https:\/\/correiodoestado.audiencelabs.com.br\/wp-json\/wp\/v2\/comments?post=16839"}],"version-history":[{"count":1,"href":"https:\/\/correiodoestado.audiencelabs.com.br\/wp-json\/wp\/v2\/posts\/16839\/revisions"}],"predecessor-version":[{"id":16842,"href":"https:\/\/correiodoestado.audiencelabs.com.br\/wp-json\/wp\/v2\/posts\/16839\/revisions\/16842"}],"wp:featuredmedia":[{"embeddable":true,"href":"https:\/\/correiodoestado.audiencelabs.com.br\/wp-json\/wp\/v2\/media\/16841"}],"wp:attachment":[{"href":"https:\/\/correiodoestado.audiencelabs.com.br\/wp-json\/wp\/v2\/media?parent=16839"}],"wp:term":[{"taxonomy":"category","embeddable":true,"href":"https:\/\/correiodoestado.audiencelabs.com.br\/wp-json\/wp\/v2\/categories?post=16839"},{"taxonomy":"post_tag","embeddable":true,"href":"https:\/\/correiodoestado.audiencelabs.com.br\/wp-json\/wp\/v2\/tags?post=16839"}],"curies":[{"name":"wp","href":"https:\/\/api.w.org\/{rel}","templated":true}]}}