{"id":16873,"date":"2025-10-30T12:15:00","date_gmt":"2025-10-30T15:15:00","guid":{"rendered":"https:\/\/correiodoestado.audiencelabs.com.br\/?p=16873"},"modified":"2025-10-29T16:04:57","modified_gmt":"2025-10-29T19:04:57","slug":"enorme-rede-de-supermercados-do-brasil-encerrou-atividades-e-47-lojas-foram-colocadas-a-venda","status":"publish","type":"post","link":"https:\/\/correiodoestado.audiencelabs.com.br\/enorme-rede-de-supermercados-do-brasil-encerrou-atividades-e-47-lojas-foram-colocadas-a-venda\/","title":{"rendered":"Enorme rede de supermercados do Brasil encerrou atividades e 47 lojas foram colocadas \u00e0 venda"},"content":{"rendered":"\n<p>Em setembro, todas as unidades dos supermercados Nacional, localizadas no Rio Grande do Sul, tiveram suas atividades encerradas definitivamente. A princ\u00edpio, a Carrefour, acionista da rede desde 2022, planejava colocar um fim nas opera\u00e7\u00f5es at\u00e9 junho deste ano. No entanto, somente no m\u00eas passado os 47 estabelecimentos deram adeus ao p\u00fablico.<\/p>\n\n\n\n<p>Embora tenha pego os consumidores de surpresa, o Grupo Carrefour <a href=\"https:\/\/correiodoestado.com.br\/mix\/veio-da-havan-descobre-pedaco-da-italia-no-brasil-e-recomenda-visitacao\/\" target=\"_blank\" rel=\"noopener\">Brasil<\/a>, por meio de comunicado, explicou a motiva\u00e7\u00e3o por detr\u00e1s do fim dos supermercados Nacional. De acordo com a empresa francesa, a ideia \u00e9 consolidar novas unidades na lideran\u00e7a do setor, investindo as a\u00e7\u00f5es em mercado de ampla concorr\u00eancia. Assim, a din\u00e2mica ser\u00e1 importada a bandeiras maiores, como Atacad\u00e3o e Sam\u2019s Club.<\/p>\n\n\n\n<figure class=\"wp-block-image size-full\"><img decoding=\"async\" src=\"https:\/\/correiodoestado.audiencelabs.com.br\/wp-content\/uploads\/2025\/09\/supermercado-nacional.jpeg\" alt=\"\" class=\"wp-image-10488\" \/><figcaption class=\"wp-element-caption\">Cr\u00e9ditos: Rafael Maia \/ Tribuna do Paran\u00e1<\/figcaption><\/figure>\n\n\n\n<p>Diante da medida adotada, centenas de trabalhadores foram prejudicados com o encerramento das atividades. No entanto, de acordo com o sindicato, as redes que assumir\u00e3o os pontos afirmaram, em comunica\u00e7\u00f5es setoriais, que pretendem preencher vagas nas novas opera\u00e7\u00f5es, a depender de cada projeto e cronograma de reforma.<\/p>\n\n\n\n<h2 class=\"wp-block-heading\">Fim de uma era no Brasil<\/h2>\n\n\n\n<p>Fundada em 1969 em Esteio, no Rio Grande do Sul, a rede de supermercados Nacional conseguiu consolidar seu nome em algumas cidades do Brasil com os esfor\u00e7os de Teodoro Pedrotti e os irm\u00e3os Zagonel. Embora tenha iniciado a empreitada apenas como um pequeno armaz\u00e9m, foi adquirido pelo Carrefour no ano de 20221.<\/p>\n\n\n\n<p>Com o objetivo de fortalecer novas marcas que pertencem a seu aglomerado, a empresa francesa refor\u00e7ou a ideia de gradualmente extinguir a rede de supermercados. Por sua vez, em meados de 2025, a queima de estoque entrou em vigor, com dezenas de lojas entrando em liquida\u00e7\u00e3o para dar celeridade \u00e0 venda dos estabelecimentos.<\/p>\n","protected":false},"excerpt":{"rendered":"<p>Com mais de cinco d\u00e9cadas de opera\u00e7\u00e3o no Brasil, rede de supermercados tem todas as suas lojas encerradas e consumidores ligam sinal de alerta<\/p>\n","protected":false},"author":8,"featured_media":11965,"comment_status":"open","ping_status":"open","sticky":false,"template":"","format":"standard","meta":{"jnews-multi-image_gallery":[],"jnews_single_post":{"format":"standard"},"jnews_primary_category":[],"jnews_social_meta":[],"footnotes":""},"categories":[1],"tags":[],"class_list":["post-16873","post","type-post","status-publish","format-standard","has-post-thumbnail","hentry","category-mix"],"_links":{"self":[{"href":"https:\/\/correiodoestado.audiencelabs.com.br\/wp-json\/wp\/v2\/posts\/16873","targetHints":{"allow":["GET"]}}],"collection":[{"href":"https:\/\/correiodoestado.audiencelabs.com.br\/wp-json\/wp\/v2\/posts"}],"about":[{"href":"https:\/\/correiodoestado.audiencelabs.com.br\/wp-json\/wp\/v2\/types\/post"}],"author":[{"embeddable":true,"href":"https:\/\/correiodoestado.audiencelabs.com.br\/wp-json\/wp\/v2\/users\/8"}],"replies":[{"embeddable":true,"href":"https:\/\/correiodoestado.audiencelabs.com.br\/wp-json\/wp\/v2\/comments?post=16873"}],"version-history":[{"count":1,"href":"https:\/\/correiodoestado.audiencelabs.com.br\/wp-json\/wp\/v2\/posts\/16873\/revisions"}],"predecessor-version":[{"id":16874,"href":"https:\/\/correiodoestado.audiencelabs.com.br\/wp-json\/wp\/v2\/posts\/16873\/revisions\/16874"}],"wp:featuredmedia":[{"embeddable":true,"href":"https:\/\/correiodoestado.audiencelabs.com.br\/wp-json\/wp\/v2\/media\/11965"}],"wp:attachment":[{"href":"https:\/\/correiodoestado.audiencelabs.com.br\/wp-json\/wp\/v2\/media?parent=16873"}],"wp:term":[{"taxonomy":"category","embeddable":true,"href":"https:\/\/correiodoestado.audiencelabs.com.br\/wp-json\/wp\/v2\/categories?post=16873"},{"taxonomy":"post_tag","embeddable":true,"href":"https:\/\/correiodoestado.audiencelabs.com.br\/wp-json\/wp\/v2\/tags?post=16873"}],"curies":[{"name":"wp","href":"https:\/\/api.w.org\/{rel}","templated":true}]}}