{"id":17258,"date":"2025-11-03T12:44:00","date_gmt":"2025-11-03T15:44:00","guid":{"rendered":"https:\/\/correiodoestado.audiencelabs.com.br\/?p=17258"},"modified":"2025-10-31T17:20:05","modified_gmt":"2025-10-31T20:20:05","slug":"programa-que-marcou-geracoes-deve-voltar-a-band-apos-10-anos","status":"publish","type":"post","link":"https:\/\/correiodoestado.audiencelabs.com.br\/programa-que-marcou-geracoes-deve-voltar-a-band-apos-10-anos\/","title":{"rendered":"Programa que marcou gera\u00e7\u00f5es deve voltar a Band ap\u00f3s 10 anos"},"content":{"rendered":"\n<p>Com a finalidade de voltar a brigar por melhores \u00edndices de audi\u00eancia, a <a href=\"https:\/\/correiodoestado.com.br\/mix\/enquanto-cleber-machado-ganha-r-400-mil-na-record-salario-de-galvao-bueno-na-band-fica-atras\/\" target=\"_blank\" rel=\"noopener\">Band <\/a>estuda retornar com um programa que fez sucesso durante anos. Ap\u00f3s uma d\u00e9cada de exclus\u00e3o da grade, o <em>CQC &#8211; Custe o Que Custar<\/em> pode voltar a figurar nas noites da emissora. Conduzido por Marcelo Tas, o lan\u00e7amento deve ocorrer apenas em 2026.<\/p>\n\n\n\n<p>Entendendo a din\u00e2mica e a necessidade de modificar a grade atual da empresa, os diretores da Band est\u00e3o realizando estudos para entender a viabilidade do projeto. Guillermo Pendino, que assume o setor Art\u00edstico e Programa\u00e7\u00e3o a partir de janeiro, \u00e9 uma das figuras que defende o retorno do programa. As informa\u00e7\u00f5es foram apuradas pelo colunista Fl\u00e1vio Ricco.<\/p>\n\n\n\n<figure class=\"wp-block-image size-full\"><img loading=\"lazy\" decoding=\"async\" width=\"990\" height=\"619\" src=\"https:\/\/correiodoestado.audiencelabs.com.br\/wp-content\/uploads\/2025\/10\/cqc-divulgacao-band_fixed_large.webp\" alt=\"\" class=\"wp-image-17260\" srcset=\"https:\/\/correiodoestado.audiencelabs.com.br\/wp-content\/uploads\/2025\/10\/cqc-divulgacao-band_fixed_large.webp 990w, https:\/\/correiodoestado.audiencelabs.com.br\/wp-content\/uploads\/2025\/10\/cqc-divulgacao-band_fixed_large-300x188.webp 300w, https:\/\/correiodoestado.audiencelabs.com.br\/wp-content\/uploads\/2025\/10\/cqc-divulgacao-band_fixed_large-768x480.webp 768w, https:\/\/correiodoestado.audiencelabs.com.br\/wp-content\/uploads\/2025\/10\/cqc-divulgacao-band_fixed_large-750x469.webp 750w\" sizes=\"auto, (max-width: 990px) 100vw, 990px\" \/><figcaption class=\"wp-element-caption\">Cr\u00e9ditos: Divulga\u00e7\u00e3o\/Band<\/figcaption><\/figure>\n\n\n\n<p>Ainda que o martelo n\u00e3o tenha sido batido, a empresa televisiva deseja contar com nomes que j\u00e1 integraram o CQC no passado. De acordo com apura\u00e7\u00f5es do jornalista, alguns nomes do passado foram consultados e aceitaram retornar \u00e0 miss\u00e3o no futuro. Como resultado do interesse, alguns internautas descredibilizaram a fa\u00e7anha.<\/p>\n\n\n\n<p>\u201cN\u00e3o acho que d\u00ea mais certo na polariza\u00e7\u00e3o atual. Aquele quadro cobrando prefeituras de obras paradas, que antes o povo adorava, agora vai ofender quem tem pol\u00edtico de estima\u00e7\u00e3o\u201d, opinou um usu\u00e1rio do X, antigo Twitter. \u201cSe for para voltar totalmente reformulado para que atenda ao politicamente correto, nem inventa. O diferencial do programa era justamente incomodar os grandes\u201d, pontuou outra.<\/p>\n\n\n\n<h2 class=\"wp-block-heading\">O que era o programa da Band?<\/h2>\n\n\n\n<p>Popularmente conhecido por CQC (abrevia\u00e7\u00e3o de Custe o Que Custar), foi um programa de humor e jornalismo exibido pela Band entre os anos de 2008 e 2015. Tomando como base um formato argentino chamado <em>Caiga Quien Caiga<\/em>, caiu no gosto da popula\u00e7\u00e3o brasileira por unir reportagens irreverentes com s\u00e1tiras pol\u00edticas.<\/p>\n\n\n\n<p>Garantindo um vi\u00e9s mais formal enquanto tratava os mais diversos assuntos com piadas, os integrantes vestiam ternos pretos e \u00f3culos escuros e eram divididos entre uma bancada de apresentadores e rep\u00f3rteres de rua. Durante os sete anos de aventura, o CQC teve diversas forma\u00e7\u00f5es, com a presen\u00e7a de Marcelo Tas, Danilo Gentili, Rafinha Bastos, Monica Iozzi, Felipe Andreoli, Maur\u00edcio Meirelles e Dani Calabresa.<\/p>\n","protected":false},"excerpt":{"rendered":"<p>Com a finalidade de voltar a brigar por melhores \u00edndices de audi\u00eancia, a Band estuda retornar com um programa que fez sucesso durante anos<\/p>\n","protected":false},"author":8,"featured_media":17261,"comment_status":"open","ping_status":"open","sticky":false,"template":"","format":"standard","meta":{"jnews-multi-image_gallery":[],"jnews_single_post":{"format":"standard"},"jnews_primary_category":[],"jnews_social_meta":[],"footnotes":""},"categories":[1],"tags":[],"class_list":["post-17258","post","type-post","status-publish","format-standard","has-post-thumbnail","hentry","category-mix"],"_links":{"self":[{"href":"https:\/\/correiodoestado.audiencelabs.com.br\/wp-json\/wp\/v2\/posts\/17258","targetHints":{"allow":["GET"]}}],"collection":[{"href":"https:\/\/correiodoestado.audiencelabs.com.br\/wp-json\/wp\/v2\/posts"}],"about":[{"href":"https:\/\/correiodoestado.audiencelabs.com.br\/wp-json\/wp\/v2\/types\/post"}],"author":[{"embeddable":true,"href":"https:\/\/correiodoestado.audiencelabs.com.br\/wp-json\/wp\/v2\/users\/8"}],"replies":[{"embeddable":true,"href":"https:\/\/correiodoestado.audiencelabs.com.br\/wp-json\/wp\/v2\/comments?post=17258"}],"version-history":[{"count":1,"href":"https:\/\/correiodoestado.audiencelabs.com.br\/wp-json\/wp\/v2\/posts\/17258\/revisions"}],"predecessor-version":[{"id":17262,"href":"https:\/\/correiodoestado.audiencelabs.com.br\/wp-json\/wp\/v2\/posts\/17258\/revisions\/17262"}],"wp:featuredmedia":[{"embeddable":true,"href":"https:\/\/correiodoestado.audiencelabs.com.br\/wp-json\/wp\/v2\/media\/17261"}],"wp:attachment":[{"href":"https:\/\/correiodoestado.audiencelabs.com.br\/wp-json\/wp\/v2\/media?parent=17258"}],"wp:term":[{"taxonomy":"category","embeddable":true,"href":"https:\/\/correiodoestado.audiencelabs.com.br\/wp-json\/wp\/v2\/categories?post=17258"},{"taxonomy":"post_tag","embeddable":true,"href":"https:\/\/correiodoestado.audiencelabs.com.br\/wp-json\/wp\/v2\/tags?post=17258"}],"curies":[{"name":"wp","href":"https:\/\/api.w.org\/{rel}","templated":true}]}}