{"id":175,"date":"2026-01-04T10:30:22","date_gmt":"2026-01-04T13:30:22","guid":{"rendered":"https:\/\/correiodoestado.audiencelabs.com.br\/?p=175"},"modified":"2026-01-02T16:35:44","modified_gmt":"2026-01-02T19:35:44","slug":"governo-garante-aposentadoria-especial-para-7-profissoes","status":"publish","type":"post","link":"https:\/\/correiodoestado.audiencelabs.com.br\/governo-garante-aposentadoria-especial-para-7-profissoes\/","title":{"rendered":"Governo garante aposentadoria especial para 7 profiss\u00f5es"},"content":{"rendered":"\n<p>O Instituto Nacional do Seguro Social (INSS) anunciou recentemente que sete profiss\u00f5es espec\u00edficas na minera\u00e7\u00e3o subterr\u00e2nea continuam a ter direito \u00e0 aposentadoria especial. Essa medida, que entrou em vigor em 2025, visa proteger trabalhadores expostos a condi\u00e7\u00f5es insalubres<\/p>\n\n\n\n<p> Esta aposentadoria permite que os profissionais se aposentem mais cedo devido aos riscos associados ao setor. A concess\u00e3o do benef\u00edcio depende de 15 anos de contribui\u00e7\u00e3o e do cumprimento da idade m\u00ednima de 55 anos. <\/p>\n\n\n\n<p>Esses crit\u00e9rios s\u00e3o aplicados em todo o territ\u00f3rio brasileiro, respondendo \u00e0 necessidade cr\u00edtica de seguran\u00e7a para essas categorias.<\/p>\n\n\n\n<p>A aposentadoria especial \u00e9 um direito garantido a mineradores que enfrentam ambientes de trabalho perigosos e desgastantes. Este benef\u00edcio cobre diversas fun\u00e7\u00f5es na minera\u00e7\u00e3o subterr\u00e2nea e \u00e9 essencial para a prote\u00e7\u00e3o da integridade f\u00edsica desses profissionais. <\/p>\n\n\n\n<p>Atualmente, as condi\u00e7\u00f5es laborais nas minas incluem temperaturas elevadas, poeira mineral e ru\u00eddos altos, justificando a oferta deste benef\u00edcio.<\/p>\n\n\n\n<h2 class=\"wp-block-heading\">Profiss\u00f5es Eleg\u00edveis para a Aposentadoria Especial<\/h2>\n\n\n\n<p>A aposentadoria especial contempla as seguintes ocupa\u00e7\u00f5es na minera\u00e7\u00e3o subterr\u00e2nea:<\/p>\n\n\n\n<ol class=\"wp-block-list\">\n<li><strong>Britador:<\/strong>\u00a0Encarregado de quebrar rochas, lidando com poeira e vibra\u00e7\u00f5es constantes.<\/li>\n\n\n\n<li><strong>Carregador de Rochas:<\/strong>\u00a0Respons\u00e1vel pelo transporte de materiais dentro das minas.<\/li>\n\n\n\n<li><strong>Cavouqueiro:<\/strong>\u00a0Realiza escava\u00e7\u00f5es em busca de minerais, em condi\u00e7\u00f5es adversas.<\/li>\n\n\n\n<li><strong>Choqueiro:<\/strong>\u00a0Mant\u00e9m a seguran\u00e7a estrutural das minas, prevenindo desmoronamentos.<\/li>\n\n\n\n<li><strong>Mineiro de Subsolo:<\/strong>\u00a0Trabalha diretamente na extra\u00e7\u00e3o de minerais.<\/li>\n\n\n\n<li><strong>Operador de Britadeira:<\/strong>\u00a0Utiliza equipamentos para fragmentar rochas, exposto a ru\u00eddos intensos.<\/li>\n\n\n\n<li><strong>Perfurador de Rochas:<\/strong>\u00a0Realiza perfura\u00e7\u00f5es, enfrentando altos n\u00edveis de ru\u00eddo e vibra\u00e7\u00e3o.<\/li>\n<\/ol>\n\n\n\n<h2 class=\"wp-block-heading\">Processo de Solicita\u00e7\u00e3o de Aposentadoria<\/h2>\n\n\n\n<p>Para requerer a aposentadoria especial, o trabalhador precisa comprovar a exposi\u00e7\u00e3o a agentes nocivos. Isso \u00e9 feito por meio do Perfil Profissiogr\u00e1fico Previdenci\u00e1rio (PPP) e do Laudo T\u00e9cnico das Condi\u00e7\u00f5es Ambientais de Trabalho (LTCAT). O PPP detalha as atividades desempenhadas, enquanto o LTCAT avalia os riscos ambientais.<\/p>\n\n\n\n<p>Ambos s\u00e3o fundamentais no processo de concess\u00e3o, atestando as condi\u00e7\u00f5es insalubres enfrentadas. O pedido \u00e9 realizado online no portal Meu INSS. Com a Reforma da Previd\u00eancia, o sistema de pontua\u00e7\u00e3o combina idade e tempo de contribui\u00e7\u00e3o. Esse ajuste demanda aten\u00e7\u00e3o \u00e0 documenta\u00e7\u00e3o, para que erros n\u00e3o levem a indeferimentos.<\/p>\n","protected":false},"excerpt":{"rendered":"<p>O Instituto Nacional do Seguro Social (INSS) anunciou recentemente que sete profiss\u00f5es espec\u00edficas na minera\u00e7\u00e3o subterr\u00e2nea continuam a ter direito \u00e0 aposentadoria especial. Essa medida, que entrou em vigor em 2025, visa proteger trabalhadores expostos a condi\u00e7\u00f5es insalubres Esta aposentadoria permite que os profissionais se aposentem mais cedo devido aos riscos associados ao setor. A [&hellip;]<\/p>\n","protected":false},"author":4,"featured_media":177,"comment_status":"open","ping_status":"open","sticky":false,"template":"","format":"standard","meta":{"jnews-multi-image_gallery":[],"jnews_single_post":{"format":"standard"},"jnews_primary_category":[],"jnews_social_meta":[],"footnotes":""},"categories":[1],"tags":[],"class_list":["post-175","post","type-post","status-publish","format-standard","has-post-thumbnail","hentry","category-mix"],"_links":{"self":[{"href":"https:\/\/correiodoestado.audiencelabs.com.br\/wp-json\/wp\/v2\/posts\/175","targetHints":{"allow":["GET"]}}],"collection":[{"href":"https:\/\/correiodoestado.audiencelabs.com.br\/wp-json\/wp\/v2\/posts"}],"about":[{"href":"https:\/\/correiodoestado.audiencelabs.com.br\/wp-json\/wp\/v2\/types\/post"}],"author":[{"embeddable":true,"href":"https:\/\/correiodoestado.audiencelabs.com.br\/wp-json\/wp\/v2\/users\/4"}],"replies":[{"embeddable":true,"href":"https:\/\/correiodoestado.audiencelabs.com.br\/wp-json\/wp\/v2\/comments?post=175"}],"version-history":[{"count":2,"href":"https:\/\/correiodoestado.audiencelabs.com.br\/wp-json\/wp\/v2\/posts\/175\/revisions"}],"predecessor-version":[{"id":26126,"href":"https:\/\/correiodoestado.audiencelabs.com.br\/wp-json\/wp\/v2\/posts\/175\/revisions\/26126"}],"wp:featuredmedia":[{"embeddable":true,"href":"https:\/\/correiodoestado.audiencelabs.com.br\/wp-json\/wp\/v2\/media\/177"}],"wp:attachment":[{"href":"https:\/\/correiodoestado.audiencelabs.com.br\/wp-json\/wp\/v2\/media?parent=175"}],"wp:term":[{"taxonomy":"category","embeddable":true,"href":"https:\/\/correiodoestado.audiencelabs.com.br\/wp-json\/wp\/v2\/categories?post=175"},{"taxonomy":"post_tag","embeddable":true,"href":"https:\/\/correiodoestado.audiencelabs.com.br\/wp-json\/wp\/v2\/tags?post=175"}],"curies":[{"name":"wp","href":"https:\/\/api.w.org\/{rel}","templated":true}]}}