{"id":17584,"date":"2025-11-04T10:39:33","date_gmt":"2025-11-04T13:39:33","guid":{"rendered":"https:\/\/correiodoestado.audiencelabs.com.br\/?p=17584"},"modified":"2025-11-04T10:39:40","modified_gmt":"2025-11-04T13:39:40","slug":"nova-atualizacao-do-instagram-facilita-acesso-as-conversas-pelo-app","status":"publish","type":"post","link":"https:\/\/correiodoestado.audiencelabs.com.br\/nova-atualizacao-do-instagram-facilita-acesso-as-conversas-pelo-app\/","title":{"rendered":"Nova atualiza\u00e7\u00e3o do Instagram facilita acesso \u00e0s conversas pelo app"},"content":{"rendered":"\n<p>A fim de dinamizar as rela\u00e7\u00f5es interpessoais, o Instagram iniciou o processo de libera\u00e7\u00e3o da nova <a href=\"https:\/\/correiodoestado.com.br\/mix\/nasa-trouxe-atualizacao-sobre-a-quantidade-de-agua-doce-no-brasil\/\" target=\"_blank\" rel=\"noopener\">atualiza\u00e7\u00e3o<\/a>, que consiste na mudan\u00e7a do visual da barra inferior do aplicativo. Para uma melhor compreens\u00e3o, o bot\u00e3o central, que antes era usado para criar <em>reels<\/em>, agora foi substitu\u00eddo por um atalho que direciona \u00e0s conversas privadas (directs).<\/p>\n\n\n\n<p>Embora tenha gerado questionamentos por parte dos usu\u00e1rios, a altera\u00e7\u00e3o da interface tem o intuito de facilitar o acesso \u00e0s mensagens. A ideia \u00e9 tornar a comunica\u00e7\u00e3o entre os adeptos do aplicativo mais r\u00e1pida e pr\u00e1tica, n\u00e3o priorizando necessariamente a cria\u00e7\u00e3o de conte\u00fado. Por\u00e9m, \u00e9 v\u00e1lido destacar que a altera\u00e7\u00e3o pode ser removida, caso n\u00e3o atinja as expectativas da empresa.<\/p>\n\n\n\n<figure class=\"wp-block-image size-large\"><img loading=\"lazy\" decoding=\"async\" width=\"1024\" height=\"576\" src=\"https:\/\/correiodoestado.audiencelabs.com.br\/wp-content\/uploads\/2025\/11\/logo-instagram-1024x576.webp\" alt=\"\" class=\"wp-image-17585\" srcset=\"https:\/\/correiodoestado.audiencelabs.com.br\/wp-content\/uploads\/2025\/11\/logo-instagram-1024x576.webp 1024w, https:\/\/correiodoestado.audiencelabs.com.br\/wp-content\/uploads\/2025\/11\/logo-instagram-300x169.webp 300w, https:\/\/correiodoestado.audiencelabs.com.br\/wp-content\/uploads\/2025\/11\/logo-instagram-768x432.webp 768w, https:\/\/correiodoestado.audiencelabs.com.br\/wp-content\/uploads\/2025\/11\/logo-instagram-750x422.webp 750w, https:\/\/correiodoestado.audiencelabs.com.br\/wp-content\/uploads\/2025\/11\/logo-instagram-1140x641.webp 1140w, https:\/\/correiodoestado.audiencelabs.com.br\/wp-content\/uploads\/2025\/11\/logo-instagram.webp 1200w\" sizes=\"auto, (max-width: 1024px) 100vw, 1024px\" \/><figcaption class=\"wp-element-caption\">Cr\u00e9ditos: Shutter Speed\/Unsplash<\/figcaption><\/figure>\n\n\n\n<p>Al\u00e9m disso, o Instagram realiza atualiza\u00e7\u00f5es de forma constante, muitas vezes para corrigir erros de opera\u00e7\u00f5es, melhorias de desempenho ou pequenas demandas internas. Ainda que a identidade visual e funcional tenha impactado os usu\u00e1rios, o novo layout vem sendo liberado de forma gradativa. Assim, aparelhos celulares mais antigos receber\u00e3o o suporte completo em um tempo maior.<\/p>\n\n\n\n<h2 class=\"wp-block-heading\">Usu\u00e1rios do Instagram criticam perda da qualidade<\/h2>\n\n\n\n<p>Recentemente, os usu\u00e1rios do aplicativo passaram a criticar massivamente a perda de qualidade de fotos e v\u00eddeos publicados na rede social. Independentemente do modelo e da marca do\u00a0celular, o resultado do conte\u00fado publicado deixa a desejar. Mas, afinal, por qual motivo isso acontece?<\/p>\n\n\n\n<p>A resposta \u00e9 simples e f\u00e1cil, mas n\u00e3o tem o que o usu\u00e1rio fazer para contornar a situa\u00e7\u00e3o. Isso porque a perda de qualidade acontece porque os algoritmos de processamento da plataforma n\u00e3o se comunicam diretamente com o\u00a0hardware\u00a0dos dispositivos. No entanto, alguns aparelhos conseguem contornar parte dessas limita\u00e7\u00f5es, especialmente quando o conte\u00fado \u00e9 gravado com o app nativo da c\u00e2mera. <\/p>\n","protected":false},"excerpt":{"rendered":"<p>A fim de dinamizar as rela\u00e7\u00f5es interpessoais, o Instagram iniciou o processo de libera\u00e7\u00e3o da nova atualiza\u00e7\u00e3o, que consiste na mudan\u00e7a do visual da barra inferior do aplicativo<\/p>\n","protected":false},"author":8,"featured_media":0,"comment_status":"open","ping_status":"open","sticky":false,"template":"","format":"standard","meta":{"jnews-multi-image_gallery":[],"jnews_single_post":{"format":"standard"},"jnews_primary_category":[],"jnews_social_meta":[],"footnotes":""},"categories":[1],"tags":[],"class_list":["post-17584","post","type-post","status-publish","format-standard","hentry","category-mix"],"_links":{"self":[{"href":"https:\/\/correiodoestado.audiencelabs.com.br\/wp-json\/wp\/v2\/posts\/17584","targetHints":{"allow":["GET"]}}],"collection":[{"href":"https:\/\/correiodoestado.audiencelabs.com.br\/wp-json\/wp\/v2\/posts"}],"about":[{"href":"https:\/\/correiodoestado.audiencelabs.com.br\/wp-json\/wp\/v2\/types\/post"}],"author":[{"embeddable":true,"href":"https:\/\/correiodoestado.audiencelabs.com.br\/wp-json\/wp\/v2\/users\/8"}],"replies":[{"embeddable":true,"href":"https:\/\/correiodoestado.audiencelabs.com.br\/wp-json\/wp\/v2\/comments?post=17584"}],"version-history":[{"count":1,"href":"https:\/\/correiodoestado.audiencelabs.com.br\/wp-json\/wp\/v2\/posts\/17584\/revisions"}],"predecessor-version":[{"id":17588,"href":"https:\/\/correiodoestado.audiencelabs.com.br\/wp-json\/wp\/v2\/posts\/17584\/revisions\/17588"}],"wp:attachment":[{"href":"https:\/\/correiodoestado.audiencelabs.com.br\/wp-json\/wp\/v2\/media?parent=17584"}],"wp:term":[{"taxonomy":"category","embeddable":true,"href":"https:\/\/correiodoestado.audiencelabs.com.br\/wp-json\/wp\/v2\/categories?post=17584"},{"taxonomy":"post_tag","embeddable":true,"href":"https:\/\/correiodoestado.audiencelabs.com.br\/wp-json\/wp\/v2\/tags?post=17584"}],"curies":[{"name":"wp","href":"https:\/\/api.w.org\/{rel}","templated":true}]}}