{"id":17899,"date":"2025-11-06T02:00:00","date_gmt":"2025-11-06T05:00:00","guid":{"rendered":"https:\/\/correiodoestado.audiencelabs.com.br\/?p=17899"},"modified":"2025-11-05T22:17:48","modified_gmt":"2025-11-06T01:17:48","slug":"cezar-tralli-so-assumiu-a-bancada-do-jornal-nacional-e-ja-foi-informado-sobre-novo-ancora-em-2026","status":"publish","type":"post","link":"https:\/\/correiodoestado.audiencelabs.com.br\/cezar-tralli-so-assumiu-a-bancada-do-jornal-nacional-e-ja-foi-informado-sobre-novo-ancora-em-2026\/","title":{"rendered":"C\u00e9zar Tralli s\u00f3 assumiu a bancada do Jornal Nacional e j\u00e1 foi informado sobre novo \u00e2ncora em 2026"},"content":{"rendered":"\n<p>A chegada de C\u00e9sar Tralli \u00e0 bancada do Jornal Nacional, ao lado de Renata Vasconcellos, marcou uma das maiores transi\u00e7\u00f5es do jornalismo da Globo nas \u00faltimas d\u00e9cadas. A substitui\u00e7\u00e3o de William Bonner, ap\u00f3s quase 30 anos no comando, encerrou um ciclo hist\u00f3rico e deu in\u00edcio a uma nova fase no principal telejornal do pa\u00eds.&nbsp;<\/p>\n\n\n\n<p>Mesmo com Tralli rec\u00e9m-chegado ao posto, a emissora j\u00e1 planeja a pr\u00f3xima mudan\u00e7a: um novo \u00e2ncora deve estrear em 2026. A Globo ainda n\u00e3o definiu quem assumir\u00e1 o posto deixado por Tralli no rod\u00edzio de apresentadores de s\u00e1bado.&nbsp;<\/p>\n\n\n\n<p>A fun\u00e7\u00e3o \u00e9 considerada estrat\u00e9gica, pois costuma servir como vitrine para futuros titulares do Jornal Nacional. Fontes ligadas \u00e0 emissora indicam que o novo nome s\u00f3 ser\u00e1 anunciado ao longo de 2026, ap\u00f3s um per\u00edodo de testes e ajustes internos.<\/p>\n\n\n\n<figure class=\"wp-block-gallery has-nested-images columns-default is-cropped wp-block-gallery-1 is-layout-flex wp-block-gallery-is-layout-flex\">\n<figure class=\"wp-block-image size-large\"><img loading=\"lazy\" decoding=\"async\" width=\"900\" height=\"601\" data-id=\"17901\" src=\"https:\/\/correiodoestado.audiencelabs.com.br\/wp-content\/uploads\/2025\/11\/SaveClip.App_516587821_18532399783016380_2828701666958309435_n.jpg\" alt=\"\" class=\"wp-image-17901\" srcset=\"https:\/\/correiodoestado.audiencelabs.com.br\/wp-content\/uploads\/2025\/11\/SaveClip.App_516587821_18532399783016380_2828701666958309435_n.jpg 900w, https:\/\/correiodoestado.audiencelabs.com.br\/wp-content\/uploads\/2025\/11\/SaveClip.App_516587821_18532399783016380_2828701666958309435_n-300x200.jpg 300w, https:\/\/correiodoestado.audiencelabs.com.br\/wp-content\/uploads\/2025\/11\/SaveClip.App_516587821_18532399783016380_2828701666958309435_n-768x513.jpg 768w, https:\/\/correiodoestado.audiencelabs.com.br\/wp-content\/uploads\/2025\/11\/SaveClip.App_516587821_18532399783016380_2828701666958309435_n-750x501.jpg 750w\" sizes=\"auto, (max-width: 900px) 100vw, 900px\" \/><figcaption class=\"wp-element-caption\">Cr\u00e9ditos: Instagram \/ @cesartralli<br><br><\/figcaption><\/figure>\n<\/figure>\n\n\n\n<h2 class=\"wp-block-heading\">Rod\u00edzio e reorganiza\u00e7\u00e3o na Globo<\/h2>\n\n\n\n<p>O rod\u00edzio do Jornal Nacional conta atualmente com nomes como Ana Paula Ara\u00fajo, Aline Midlej, Heraldo Pereira, H\u00e9lter Duarte, Andr\u00e9 Trigueiro, Mariana Gross, Paulo Renato Soares e M\u00e1rcio Bomfim. Entre eles, H\u00e9lter Duarte \u00e9 o mais cotado para substituir Tralli em eventuais folgas, seguido por Heraldo Pereira e Andr\u00e9 Trigueiro.<\/p>\n\n\n\n<p>As mudan\u00e7as na bancada fazem parte de uma reorganiza\u00e7\u00e3o mais ampla no jornalismo da Globo. Com a sa\u00edda de Tralli do Jornal Hoje, Roberto Kovalick assumiu a apresenta\u00e7\u00e3o do telejornal vespertino. J\u00e1 Tiago Scheuer passou a comandar o Hora Um, na faixa da madrugada.<\/p>\n\n\n\n<p>A despedida de William Bonner, oficializada em 31 de outubro, marcou o fim de uma era de 29 anos na bancada e 26 como editor-chefe. Sua sa\u00edda abriu caminho para a nova gera\u00e7\u00e3o de \u00e2ncoras, que agora tem em C\u00e9sar Tralli o novo rosto do Jornal Nacional e, em breve, outro nome a ser preparado para seguir essa tradi\u00e7\u00e3o em 2026.<\/p>\n","protected":false},"excerpt":{"rendered":"<p>A chegada de C\u00e9sar Tralli \u00e0 bancada do Jornal Nacional, ao lado de Renata Vasconcellos, marcou uma das maiores transi\u00e7\u00f5es do jornalismo da Globo nas \u00faltimas d\u00e9cadas. A substitui\u00e7\u00e3o de William Bonner, ap\u00f3s quase 30 anos no comando, encerrou um ciclo hist\u00f3rico e deu in\u00edcio a uma nova fase no principal telejornal do pa\u00eds.&nbsp; Mesmo [&hellip;]<\/p>\n","protected":false},"author":12,"featured_media":17900,"comment_status":"open","ping_status":"open","sticky":false,"template":"","format":"standard","meta":{"jnews-multi-image_gallery":[],"jnews_single_post":{"format":"standard"},"jnews_primary_category":[],"jnews_social_meta":[],"footnotes":""},"categories":[1],"tags":[],"class_list":["post-17899","post","type-post","status-publish","format-standard","has-post-thumbnail","hentry","category-mix"],"_links":{"self":[{"href":"https:\/\/correiodoestado.audiencelabs.com.br\/wp-json\/wp\/v2\/posts\/17899","targetHints":{"allow":["GET"]}}],"collection":[{"href":"https:\/\/correiodoestado.audiencelabs.com.br\/wp-json\/wp\/v2\/posts"}],"about":[{"href":"https:\/\/correiodoestado.audiencelabs.com.br\/wp-json\/wp\/v2\/types\/post"}],"author":[{"embeddable":true,"href":"https:\/\/correiodoestado.audiencelabs.com.br\/wp-json\/wp\/v2\/users\/12"}],"replies":[{"embeddable":true,"href":"https:\/\/correiodoestado.audiencelabs.com.br\/wp-json\/wp\/v2\/comments?post=17899"}],"version-history":[{"count":1,"href":"https:\/\/correiodoestado.audiencelabs.com.br\/wp-json\/wp\/v2\/posts\/17899\/revisions"}],"predecessor-version":[{"id":17902,"href":"https:\/\/correiodoestado.audiencelabs.com.br\/wp-json\/wp\/v2\/posts\/17899\/revisions\/17902"}],"wp:featuredmedia":[{"embeddable":true,"href":"https:\/\/correiodoestado.audiencelabs.com.br\/wp-json\/wp\/v2\/media\/17900"}],"wp:attachment":[{"href":"https:\/\/correiodoestado.audiencelabs.com.br\/wp-json\/wp\/v2\/media?parent=17899"}],"wp:term":[{"taxonomy":"category","embeddable":true,"href":"https:\/\/correiodoestado.audiencelabs.com.br\/wp-json\/wp\/v2\/categories?post=17899"},{"taxonomy":"post_tag","embeddable":true,"href":"https:\/\/correiodoestado.audiencelabs.com.br\/wp-json\/wp\/v2\/tags?post=17899"}],"curies":[{"name":"wp","href":"https:\/\/api.w.org\/{rel}","templated":true}]}}