{"id":17909,"date":"2025-11-09T11:43:00","date_gmt":"2025-11-09T14:43:00","guid":{"rendered":"https:\/\/correiodoestado.audiencelabs.com.br\/?p=17909"},"modified":"2025-11-05T22:30:56","modified_gmt":"2025-11-06T01:30:56","slug":"adeus-pratos-brancos-tendencia-do-seculo-passado-volta-com-tudo-ao-brasil","status":"publish","type":"post","link":"https:\/\/correiodoestado.audiencelabs.com.br\/adeus-pratos-brancos-tendencia-do-seculo-passado-volta-com-tudo-ao-brasil\/","title":{"rendered":"Adeus, pratos brancos: Tend\u00eancia do s\u00e9culo passado volta com tudo ao Brasil"},"content":{"rendered":"\n<p>Por d\u00e9cadas, o prato branco foi o padr\u00e3o nas mesas brasileiras, s\u00edmbolo de eleg\u00e2ncia e versatilidade. Ele combinava com qualquer ambiente e ocasi\u00e3o, do almo\u00e7o em fam\u00edlia ao jantar formal. No entanto, essa tradi\u00e7\u00e3o est\u00e1 mudando.<\/p>\n\n\n\n<p>Uma nova tend\u00eancia, inspirada nas d\u00e9cadas passadas, est\u00e1 ganhando for\u00e7a no pa\u00eds: o retorno dos pratos coloridos e da cer\u00e2mica artesanal. A moda, que come\u00e7ou na Europa, rapidamente conquistou chefs, decoradores e influenciadores de gastronomia.<\/p>\n\n\n\n<p>A proposta \u00e9 abandonar a uniformidade do branco e apostar em lou\u00e7as que expressem identidade. Cores como terracota, verde-oliva, azul-petr\u00f3leo e preto fosco se tornaram as preferidas, criando mesas mais vivas e cheias de personalidade.<\/p>\n\n\n\n<figure class=\"wp-block-gallery has-nested-images columns-default is-cropped wp-block-gallery-1 is-layout-flex wp-block-gallery-is-layout-flex\">\n<figure class=\"wp-block-image size-large\"><img loading=\"lazy\" decoding=\"async\" width=\"900\" height=\"602\" data-id=\"17910\" src=\"https:\/\/correiodoestado.audiencelabs.com.br\/wp-content\/uploads\/2025\/11\/20230830155132_whatsappimage20230830at15.55.31.jpeg\" alt=\"\" class=\"wp-image-17910\" srcset=\"https:\/\/correiodoestado.audiencelabs.com.br\/wp-content\/uploads\/2025\/11\/20230830155132_whatsappimage20230830at15.55.31.jpeg 900w, https:\/\/correiodoestado.audiencelabs.com.br\/wp-content\/uploads\/2025\/11\/20230830155132_whatsappimage20230830at15.55.31-300x201.jpeg 300w, https:\/\/correiodoestado.audiencelabs.com.br\/wp-content\/uploads\/2025\/11\/20230830155132_whatsappimage20230830at15.55.31-768x514.jpeg 768w, https:\/\/correiodoestado.audiencelabs.com.br\/wp-content\/uploads\/2025\/11\/20230830155132_whatsappimage20230830at15.55.31-750x502.jpeg 750w\" sizes=\"auto, (max-width: 900px) 100vw, 900px\" \/><figcaption class=\"wp-element-caption\">Cr\u00e9ditos: Shutterstock<\/figcaption><\/figure>\n<\/figure>\n\n\n\n<h1 class=\"wp-block-heading\">Valoriza\u00e7\u00e3o do artesanal e do consumo consciente<\/h1>\n\n\n\n<p>O movimento vai al\u00e9m da est\u00e9tica. Ele est\u00e1 ligado \u00e0 valoriza\u00e7\u00e3o do trabalho manual e ao incentivo \u00e0 produ\u00e7\u00e3o local. Os pratos de cer\u00e2mica feitos \u00e0 m\u00e3o, com pequenas varia\u00e7\u00f5es e marcas do processo artesanal, passaram a ser vistos como pe\u00e7as de express\u00e3o, n\u00e3o apenas utens\u00edlios. Cada pe\u00e7a carrega a assinatura do ceramista e reflete um olhar mais cuidadoso sobre o ato de servir.<\/p>\n\n\n\n<p>A busca por sustentabilidade tamb\u00e9m influencia essa mudan\u00e7a. Em vez de produ\u00e7\u00f5es em massa, os consumidores t\u00eam priorizado materiais dur\u00e1veis e processos menos agressivos ao meio ambiente. Essa valoriza\u00e7\u00e3o do artesanal representa uma reconex\u00e3o com o tempo e com a autenticidade, um contraponto \u00e0 padroniza\u00e7\u00e3o dos \u00faltimos anos.<\/p>\n\n\n\n<p>As redes sociais tiveram papel decisivo na populariza\u00e7\u00e3o dessa tend\u00eancia. As lou\u00e7as coloridas e texturizadas se destacam em fotos e v\u00eddeos, o que ajudou a torn\u00e1-las s\u00edmbolo de bom gosto e criatividade. O que antes era considerado antiquado hoje \u00e9 visto como moderno e cheio de significado<\/p>\n","protected":false},"excerpt":{"rendered":"<p>Por d\u00e9cadas, o prato branco foi o padr\u00e3o nas mesas brasileiras, s\u00edmbolo de eleg\u00e2ncia e versatilidade. Ele combinava com qualquer ambiente e ocasi\u00e3o, do almo\u00e7o em fam\u00edlia ao jantar formal. No entanto, essa tradi\u00e7\u00e3o est\u00e1 mudando. Uma nova tend\u00eancia, inspirada nas d\u00e9cadas passadas, est\u00e1 ganhando for\u00e7a no pa\u00eds: o retorno dos pratos coloridos e da [&hellip;]<\/p>\n","protected":false},"author":12,"featured_media":17911,"comment_status":"open","ping_status":"open","sticky":false,"template":"","format":"standard","meta":{"jnews-multi-image_gallery":[],"jnews_single_post":{"format":"standard"},"jnews_primary_category":[],"jnews_social_meta":[],"footnotes":""},"categories":[1],"tags":[],"class_list":["post-17909","post","type-post","status-publish","format-standard","has-post-thumbnail","hentry","category-mix"],"_links":{"self":[{"href":"https:\/\/correiodoestado.audiencelabs.com.br\/wp-json\/wp\/v2\/posts\/17909","targetHints":{"allow":["GET"]}}],"collection":[{"href":"https:\/\/correiodoestado.audiencelabs.com.br\/wp-json\/wp\/v2\/posts"}],"about":[{"href":"https:\/\/correiodoestado.audiencelabs.com.br\/wp-json\/wp\/v2\/types\/post"}],"author":[{"embeddable":true,"href":"https:\/\/correiodoestado.audiencelabs.com.br\/wp-json\/wp\/v2\/users\/12"}],"replies":[{"embeddable":true,"href":"https:\/\/correiodoestado.audiencelabs.com.br\/wp-json\/wp\/v2\/comments?post=17909"}],"version-history":[{"count":1,"href":"https:\/\/correiodoestado.audiencelabs.com.br\/wp-json\/wp\/v2\/posts\/17909\/revisions"}],"predecessor-version":[{"id":17912,"href":"https:\/\/correiodoestado.audiencelabs.com.br\/wp-json\/wp\/v2\/posts\/17909\/revisions\/17912"}],"wp:featuredmedia":[{"embeddable":true,"href":"https:\/\/correiodoestado.audiencelabs.com.br\/wp-json\/wp\/v2\/media\/17911"}],"wp:attachment":[{"href":"https:\/\/correiodoestado.audiencelabs.com.br\/wp-json\/wp\/v2\/media?parent=17909"}],"wp:term":[{"taxonomy":"category","embeddable":true,"href":"https:\/\/correiodoestado.audiencelabs.com.br\/wp-json\/wp\/v2\/categories?post=17909"},{"taxonomy":"post_tag","embeddable":true,"href":"https:\/\/correiodoestado.audiencelabs.com.br\/wp-json\/wp\/v2\/tags?post=17909"}],"curies":[{"name":"wp","href":"https:\/\/api.w.org\/{rel}","templated":true}]}}