{"id":17969,"date":"2025-11-06T16:57:00","date_gmt":"2025-11-06T19:57:00","guid":{"rendered":"https:\/\/correiodoestado.audiencelabs.com.br\/?p=17969"},"modified":"2025-11-06T11:04:18","modified_gmt":"2025-11-06T14:04:18","slug":"real-madrid-decide-liberar-endrick-e-vinicius-junior-de-uma-vez-so","status":"publish","type":"post","link":"https:\/\/correiodoestado.audiencelabs.com.br\/real-madrid-decide-liberar-endrick-e-vinicius-junior-de-uma-vez-so\/","title":{"rendered":"Real Madrid decide liberar Endrick e Vinicius J\u00fanior de uma vez s\u00f3"},"content":{"rendered":"\n<p>De acordo com o jornal alem\u00e3o <em>Sport Bild<\/em>, a diretoria do <a href=\"https:\/\/correiodoestado.com.br\/mix\/por-r-10-milhoes-mensais-vinicius-junior-vai-embora-do-real-madrid\/\" target=\"_blank\" rel=\"noopener\">Real Madrid <\/a>teria ficado irritada com a postura indisciplinar de Vin\u00edcius J\u00fanior ap\u00f3s ser substitu\u00eddo pelo t\u00e9cnico Xabi Alonso no &#8216;El Cl\u00e1ssico&#8217;. Como resultado do entrave, o clube espanhol estaria disposto a negociar o atacante na pr\u00f3xima janela de transfer\u00eancia, assim como deve ocorrer com Endrick.<\/p>\n\n\n\n<p>Embora seja considerado um dos jogadores mais importantes do elenco, Vini Jr. causou desconforto aos representantes do Real Madrid por postura desrespeitosa. O camisa 7, ao ser substitu\u00eddo por Rodrygo, saiu de campo disparando xingamentos em dire\u00e7\u00e3o \u00e0 comiss\u00e3o t\u00e9cnica. No entendimento da c\u00fapula merengue, \u00e9 necess\u00e1rio alertar os jogadores de que ningu\u00e9m \u00e9 maior que a pr\u00f3pria institui\u00e7\u00e3o.<\/p>\n\n\n\n<figure class=\"wp-block-image size-large\"><img decoding=\"async\" src=\"https:\/\/correiodoestado.audiencelabs.com.br\/wp-content\/uploads\/2025\/10\/GloG82bXgAA1-HZ-1-1024x633.jpg\" alt=\"\" class=\"wp-image-13549\" \/><figcaption class=\"wp-element-caption\">Cr\u00e9ditos: Reprodu\u00e7\u00e3o\/Vini Jr<\/figcaption><\/figure>\n\n\n\n<p>O detalhe curioso \u00e9 que o peri\u00f3dico alem\u00e3o evidenciou a insatisfa\u00e7\u00e3o de alguns atletas com o estilo disciplinador de Alonso. No entanto, o <em>Sport Bild<\/em> teria confirmado que o vazamento da informa\u00e7\u00e3o partiu de pessoas pr\u00f3ximas ao brasileiro. Em outras palavras, Vin\u00edcius seria o grande mentor por detr\u00e1s dos embates com o treinador. <\/p>\n\n\n\n<p>Apesar da decis\u00e3o de vend\u00ea-lo, o Real Madrid ainda tenta renovar o contrato do atacante, v\u00e1lido at\u00e9 2027, para preservar seu valor de mercado, estimado em \u20ac150 milh\u00f5es (R$ 923,6 milh\u00f5es na cota\u00e7\u00e3o atual). Por sua vez, o clube n\u00e3o confirmou ou negou qualquer informa\u00e7\u00e3o que d\u00ea conta de uma poss\u00edvel transfer\u00eancia do camisa 7 no meio da temporada 2025\/26.<\/p>\n\n\n\n<h2 class=\"wp-block-heading\">Real Madrid libera Endrik<\/h2>\n\n\n\n<p>Sem espa\u00e7o no elenco comandado por Xabi Alonso, Endrick foi avisado sobre n\u00e3o fazer parte do planejamento do Real Madrid. Com o aval da c\u00fapula merengue, os representantes do centroavante iniciaram o mapeamento para encontrar um novo destino para o cria do Palmeiras. A princ\u00edpio, a ideia \u00e9 assinar um empr\u00e9stimo, visando fazer com que o atleta adquira rodagem por outras ligas.<\/p>\n\n\n\n<p>Ainda que n\u00e3o tenha batido o martelo, a imprensa francesa relata a exist\u00eancia de conversas avan\u00e7adas para que Endrick assine com o Lyon. Por se encaixar perfeitamente no esquema t\u00e1tico da equipe, o brasileiro ainda seria titular absoluto. No mais, as propostas est\u00e3o sendo avaliadas com cautela, tendo em vista o desejo do atacante em cravar vaga na Copa do Mundo de 2026.<\/p>\n","protected":false},"excerpt":{"rendered":"<p>Ap\u00f3s entrave criado publicamente, diretoria do Real Madrid decide negociar Vini Jr. e Endrick na pr\u00f3xima janela de transfer\u00eancia. Entenda o motivo;<\/p>\n","protected":false},"author":8,"featured_media":0,"comment_status":"open","ping_status":"open","sticky":false,"template":"","format":"standard","meta":{"jnews-multi-image_gallery":[],"jnews_single_post":{"format":"standard"},"jnews_primary_category":[],"jnews_social_meta":[],"footnotes":""},"categories":[1],"tags":[],"class_list":["post-17969","post","type-post","status-publish","format-standard","hentry","category-mix"],"_links":{"self":[{"href":"https:\/\/correiodoestado.audiencelabs.com.br\/wp-json\/wp\/v2\/posts\/17969","targetHints":{"allow":["GET"]}}],"collection":[{"href":"https:\/\/correiodoestado.audiencelabs.com.br\/wp-json\/wp\/v2\/posts"}],"about":[{"href":"https:\/\/correiodoestado.audiencelabs.com.br\/wp-json\/wp\/v2\/types\/post"}],"author":[{"embeddable":true,"href":"https:\/\/correiodoestado.audiencelabs.com.br\/wp-json\/wp\/v2\/users\/8"}],"replies":[{"embeddable":true,"href":"https:\/\/correiodoestado.audiencelabs.com.br\/wp-json\/wp\/v2\/comments?post=17969"}],"version-history":[{"count":1,"href":"https:\/\/correiodoestado.audiencelabs.com.br\/wp-json\/wp\/v2\/posts\/17969\/revisions"}],"predecessor-version":[{"id":17982,"href":"https:\/\/correiodoestado.audiencelabs.com.br\/wp-json\/wp\/v2\/posts\/17969\/revisions\/17982"}],"wp:attachment":[{"href":"https:\/\/correiodoestado.audiencelabs.com.br\/wp-json\/wp\/v2\/media?parent=17969"}],"wp:term":[{"taxonomy":"category","embeddable":true,"href":"https:\/\/correiodoestado.audiencelabs.com.br\/wp-json\/wp\/v2\/categories?post=17969"},{"taxonomy":"post_tag","embeddable":true,"href":"https:\/\/correiodoestado.audiencelabs.com.br\/wp-json\/wp\/v2\/tags?post=17969"}],"curies":[{"name":"wp","href":"https:\/\/api.w.org\/{rel}","templated":true}]}}