{"id":18933,"date":"2025-11-20T08:48:00","date_gmt":"2025-11-20T11:48:00","guid":{"rendered":"https:\/\/correiodoestado.audiencelabs.com.br\/?p=18933"},"modified":"2025-11-19T22:00:48","modified_gmt":"2025-11-20T01:00:48","slug":"rede-de-supermercados-que-chegou-a-ter-47-lojas-no-brasil-anunciou-fechamentos-em-massa-e-fim-das-atividades","status":"publish","type":"post","link":"https:\/\/correiodoestado.audiencelabs.com.br\/rede-de-supermercados-que-chegou-a-ter-47-lojas-no-brasil-anunciou-fechamentos-em-massa-e-fim-das-atividades\/","title":{"rendered":"Rede de supermercados que chegou a ter 47 lojas no Brasil anunciou fechamentos em massa e fim das atividades"},"content":{"rendered":"\n<p>Ao final de setembro deste ano, todas as unidades dos <a href=\"https:\/\/correiodoestado.com.br\/mix\/famosa-rede-de-supermercados-muda-o-foco-e-vai-construir-shopping-no-brasil-saiba-onde\/\" target=\"_blank\" rel=\"noopener\">supermercados <\/a>Nacional, localizadas no Rio Grande do Sul, tiveram suas atividades encerradas definitivamente. A princ\u00edpio, a Carrefour, acionista da rede desde 2022, planejava colocar um fim nas opera\u00e7\u00f5es at\u00e9 junho deste ano. Por\u00e9m, o adeus aos 47 estabelecimentos precisou ser adiado.<\/p>\n\n\n\n<p>Por interm\u00e9dio de um comunicado oficial, o Grupo Carrefour\u00a0Brasil esclareceu a motiva\u00e7\u00e3o por detr\u00e1s do encerramento das opera\u00e7\u00f5es. Em resumo, a empresa italiana entendeu a necessidade de redirecionar seu foco em unidades que lideram o segmento. Portanto, a din\u00e2mica rotativa ser\u00e1 importada a bandeiras maiores, como Atacad\u00e3o e Sam\u2019s Club.<\/p>\n\n\n\n<figure class=\"wp-block-image\"><img decoding=\"async\" src=\"https:\/\/correiodoestado.com.br\/mix\/wp-content\/uploads\/2025\/09\/supermercado-nacional.jpeg\" alt=\"\" class=\"wp-image-10488\" \/><figcaption class=\"wp-element-caption\">Cr\u00e9ditos: Rafael Maia \/ Tribuna do Paran\u00e1<\/figcaption><\/figure>\n\n\n\n<p>O impacto inicial do fechamento dos supermercados foi sentido pelos funcion\u00e1rios, que precisaram ter suas baixas na Carteira de Trabalho assinadas. Por sua vez, conforme informa\u00e7\u00e3o do sindicato, as redes que assumir\u00e3o os pontos afirmaram, em comunica\u00e7\u00f5es setoriais, que pretendem preencher vagas nas novas opera\u00e7\u00f5es, a depender de cada projeto e cronograma de reforma.<\/p>\n\n\n\n<p>A t\u00edtulo de curiosidade, a rede de supermercados Nacional foi fundada em 1969 em Esteio, no Rio Grande do Sul. Depois de ter se consolidado em algumas cidades brasileiras por meio dos esfor\u00e7os dos empres\u00e1rios Teodoro Pedrotti e dos irm\u00e3os Zagonel, foi vendida para o Carrefour. Diante do t\u00e9rmino das opera\u00e7\u00f5es, o legado se desmanchar\u00e1 com o tempo para a chegada de outros empreendimentos.<\/p>\n\n\n\n<h2 class=\"wp-block-heading\">Supermercados brasileiros esperam redu\u00e7\u00e3o de custos<\/h2>\n\n\n\n<p>O Governo Federal reformulou o Programa de Alimenta\u00e7\u00e3o do Trabalhador (PAT), que deve trazer al\u00edvio financeiro aos supermercados e pequenos varejistas, conforme a an\u00e1lise do presidente da Associa\u00e7\u00e3o Brasileira de Supermercados (Abras), Jo\u00e3o Galassi. O novo decreto atualiza as normas atuais e imp\u00f5e limites \u00e0s tarifas cobradas por operadoras de benef\u00edcios como o vale-refei\u00e7\u00e3o.<\/p>\n\n\n\n<p>De acordo com Galassi, a a\u00e7\u00e3o do presidente Luiz In\u00e1cio Lula da Silva atende a parte das reivindica\u00e7\u00f5es do setor varejista e deve facilitar o uso dos vales em estabelecimentos menores. As altera\u00e7\u00f5es d\u00e3o conta do estabelecimento de um teto para as taxas cobradas nas transa\u00e7\u00f5es, o que tende a reduzir significativamente os custos operacionais.<\/p>\n","protected":false},"excerpt":{"rendered":"<p>Ao final de setembro deste ano, todas as unidades dos supermercados Nacional, localizadas no Rio Grande do Sul, tiveram suas atividades encerradas definitivamente<\/p>\n","protected":false},"author":8,"featured_media":14691,"comment_status":"open","ping_status":"open","sticky":false,"template":"","format":"standard","meta":{"jnews-multi-image_gallery":[],"jnews_single_post":{"format":"standard"},"jnews_primary_category":[],"jnews_social_meta":[],"footnotes":""},"categories":[1],"tags":[],"class_list":["post-18933","post","type-post","status-publish","format-standard","has-post-thumbnail","hentry","category-mix"],"_links":{"self":[{"href":"https:\/\/correiodoestado.audiencelabs.com.br\/wp-json\/wp\/v2\/posts\/18933","targetHints":{"allow":["GET"]}}],"collection":[{"href":"https:\/\/correiodoestado.audiencelabs.com.br\/wp-json\/wp\/v2\/posts"}],"about":[{"href":"https:\/\/correiodoestado.audiencelabs.com.br\/wp-json\/wp\/v2\/types\/post"}],"author":[{"embeddable":true,"href":"https:\/\/correiodoestado.audiencelabs.com.br\/wp-json\/wp\/v2\/users\/8"}],"replies":[{"embeddable":true,"href":"https:\/\/correiodoestado.audiencelabs.com.br\/wp-json\/wp\/v2\/comments?post=18933"}],"version-history":[{"count":1,"href":"https:\/\/correiodoestado.audiencelabs.com.br\/wp-json\/wp\/v2\/posts\/18933\/revisions"}],"predecessor-version":[{"id":18934,"href":"https:\/\/correiodoestado.audiencelabs.com.br\/wp-json\/wp\/v2\/posts\/18933\/revisions\/18934"}],"wp:featuredmedia":[{"embeddable":true,"href":"https:\/\/correiodoestado.audiencelabs.com.br\/wp-json\/wp\/v2\/media\/14691"}],"wp:attachment":[{"href":"https:\/\/correiodoestado.audiencelabs.com.br\/wp-json\/wp\/v2\/media?parent=18933"}],"wp:term":[{"taxonomy":"category","embeddable":true,"href":"https:\/\/correiodoestado.audiencelabs.com.br\/wp-json\/wp\/v2\/categories?post=18933"},{"taxonomy":"post_tag","embeddable":true,"href":"https:\/\/correiodoestado.audiencelabs.com.br\/wp-json\/wp\/v2\/tags?post=18933"}],"curies":[{"name":"wp","href":"https:\/\/api.w.org\/{rel}","templated":true}]}}