{"id":19700,"date":"2025-11-19T04:47:00","date_gmt":"2025-11-19T07:47:00","guid":{"rendered":"https:\/\/correiodoestado.audiencelabs.com.br\/?p=19700"},"modified":"2025-11-19T12:06:48","modified_gmt":"2025-11-19T15:06:48","slug":"melhor-cidade-para-viver-na-america-latina-atrai-turistas-do-mundo-todo-e-fica-a-3-horas-de-sp","status":"publish","type":"post","link":"https:\/\/correiodoestado.audiencelabs.com.br\/melhor-cidade-para-viver-na-america-latina-atrai-turistas-do-mundo-todo-e-fica-a-3-horas-de-sp\/","title":{"rendered":"Melhor cidade para viver na Am\u00e9rica Latina atrai turistas do mundo todo e fica a 3 horas de SP"},"content":{"rendered":"\n<p>Embora o Brasil apresente diversos munic\u00edpios de destaque em termos de qualidade de vida, a melhor <a href=\"https:\/\/correiodoestado.com.br\/mix\/cidade-brasileira-vive-grande-momento-no-turismo-e-inaugura-o-2o-maior-aquario-da-america-latina\/\" target=\"_blank\" rel=\"noopener\">cidade <\/a>para se viver na Am\u00e9rica Latina n\u00e3o faz parte de seu territ\u00f3rio. De acordo com o estudo anual da Economist Intelligence Unit (EIU), uma organiza\u00e7\u00e3o filiada \u00e0 revista&nbsp;<em>The Economist<\/em>, Buenos Aires, na Argentina, apresenta os melhores \u00edndices para quem deseja estabelecer a fam\u00edlia.<\/p>\n\n\n\n<p>Para dar embasamento \u00e0 escolha, o levantamento foi assinado ap\u00f3s a verifica\u00e7\u00e3o dos indicadores de 173 cidades espalhadas por todo o mundo. Soberana em efici\u00eancia no sistema de sa\u00fade, infraestrutura, educa\u00e7\u00e3o e qualidade de vida, a capital argentina assumiu a lideran\u00e7a da Am\u00e9rica Latina. Para entender o prest\u00edgio alcan\u00e7ado, superou ainda S\u00e3o Paulo e Rio de Janeiro.<\/p>\n\n\n\n<figure class=\"wp-block-image size-full\"><img loading=\"lazy\" decoding=\"async\" width=\"1024\" height=\"683\" src=\"https:\/\/correiodoestado.audiencelabs.com.br\/wp-content\/uploads\/2025\/11\/Obelisco-Buenos-Aires-Divulgacao-Turismo-de-la-Ciudad-de-Buenos-Aires.webp\" alt=\"\" class=\"wp-image-19705\" srcset=\"https:\/\/correiodoestado.audiencelabs.com.br\/wp-content\/uploads\/2025\/11\/Obelisco-Buenos-Aires-Divulgacao-Turismo-de-la-Ciudad-de-Buenos-Aires.webp 1024w, https:\/\/correiodoestado.audiencelabs.com.br\/wp-content\/uploads\/2025\/11\/Obelisco-Buenos-Aires-Divulgacao-Turismo-de-la-Ciudad-de-Buenos-Aires-300x200.webp 300w, https:\/\/correiodoestado.audiencelabs.com.br\/wp-content\/uploads\/2025\/11\/Obelisco-Buenos-Aires-Divulgacao-Turismo-de-la-Ciudad-de-Buenos-Aires-768x512.webp 768w, https:\/\/correiodoestado.audiencelabs.com.br\/wp-content\/uploads\/2025\/11\/Obelisco-Buenos-Aires-Divulgacao-Turismo-de-la-Ciudad-de-Buenos-Aires-750x500.webp 750w\" sizes=\"auto, (max-width: 1024px) 100vw, 1024px\" \/><figcaption class=\"wp-element-caption\">Cr\u00e9ditos: Divulga\u00e7\u00e3o\/Turismo de la Ciudad de Buenos Aires<\/figcaption><\/figure>\n\n\n\n<p>Abrigando aproximadamente 3,1 milh\u00f5es de habitantes, a cidade atravessou as flutua\u00e7\u00f5es econ\u00f4micas, servindo de exemplo para as demais concorrentes. Na avalia\u00e7\u00e3o da Economist Intelligence Unit, Buenos Aires recebeu nota 82,8. Em termos comparativos, Montevid\u00e9u, no Uruguai, ocupou a segunda coloca\u00e7\u00e3o, mas teve \u00edndice taxado em 81,2.<\/p>\n\n\n<style>@media (min-width: 992px) {\n    .recomendadorV2Area1 {\n        width: 280px;\n    }\n    .recomendadorV2Area2 {\n        padding: 0px 20px;\n        width: calc(100% - 280px);\n    }\n}\n\n@media (max-width: 992px) {\n    .recomendadorV2Button {\n        margin: 0 auto;\n    }\n    .recomendadorV2Area {\n        flex-direction: column;\n        text-align: center;\n    }\n    .recomendadorV2Area2 {\n        padding: 0px 20px;\n    }\n}\n\n.recomendadorV2Area {\n    background: #eeeeee3d;\n    border-radius: 10px;\n    padding: 15px;\n    display: flex;\n    margin: 15px auto;\n    border: 1px solid #00000014;\n    max-width: 800px;\n}\n\n.recomendadorV2Area1 img {\n    width: 280px;\n    height: auto;\n    border-radius: 8px;\n}\n\n.linkrecomendadorv2 {\n    text-decoration: none !important;\n}\n\n.recomendadorV2Area2 .recomendadorV2Type {\n    text-transform: uppercase;\n    font-weight: 500;\n    font-size: 11px;\n    letter-spacing: 2px;\n    color: #666;\n    margin: 12px 0;\n    display: block;\n}\n\n.recomendadorV2Title h2 {\n    padding-top: 0px !important;\n    margin: 0px !important;\n    border-left: none !important;\n    padding-left: 0px !important;\n    line-height: 1.3;\n    color: #000 !important;\n    font-size: 24px;\n    margin-bottom: 12px !important;\n}\n\n.recomendadorV2Desc {\n    color: #333;\n    margin: 12px 0px !important;\n    font-size: 15px;\n    line-height: 1.5;\n}\n\n.recomendadorV2Button {\n    width: auto;\n    max-width: 200px;\n    margin: 0;\n    display: inline-flex;\n    align-items: center;\n    background: #1D3557;\n    border-radius: 8px;\n    color: #fff;\n    height: 36px;\n    justify-content: center;\n    text-align: center;\n    font-size: 14px;\n    padding: 0 20px;\n    transition: background-color 0.2s ease;\n}\n\n.recomendadorV2Button:hover {\n    background: #2a4d7a;\n}\n\n.recomendadorV2Button:after {\n    margin-top: -2px;\n    content: \"\u2192\";\n    padding: 0px 0px 0px 8px;\n}\n\n.recomendadorV2Alert {\n    text-align: left;\n    font-size: 11px;\n    margin-top: 8px;\n    color: #666;\n}\n\n.recomendadorFixedArea {\n    width: 100%;\n    display: flex;\n    justify-content: center;\n    align-items: center;\n}\n\n@media (min-width: 992px) {\n    #recomendadorFixed {\n        width: 32% !important;\n        left: 5%;\n    }\n    .recomendadorCloseFixed{\n        right: inherit !important;\n        left: 378px !important;\n    }\n}\n\n#recomendadorFixed {\n    width: 90%;\n    box-shadow: 0 10px 20px 0px #00000057;\n    display: none;\n    height: 90px;\n    background: #F6F6F6;\n    position: fixed;\n    flex-direction: row;\n    bottom: 10px;\n    z-index: 9999;\n    border-radius: 16px;\n    padding: 7px 10px;\n}\n\n.recomendadorLeftArea {\n    width: 160px;\n}\n\n.recomendadorRightArea h2 {\n    padding-top: 0px;\n    margin: 2px 0px 4px 0px !important;\n    font-weight: 400;\n    text-align: center;\n    padding-left: 0px !important;\n    color: #000 !important;\n    border-left: none !important;\n    line-height: 20px;\n    font-size: 12px !important;\n}\n\n.recomendadorImgFixed {\n    overflow: hidden;\n    padding: 8px 6px;\n    height: 100%;\n}\n\n.recomendadorImgFixed img {\n    height: 100% !important;\n    border-radius: 16px;\n}\n\n.recomendadorRightArea {\n    padding-top: 6px;\n    display: flex;\n    width: calc(100% - 130px);\n    justify-content: space-between;\n    align-items: center;\n    flex-direction: column;\n}\n\n.recomendadorButtonFixed {\n    margin: 0 auto;\n    background: #1D3557;\n    width: 80%;\n    text-align: center;\n    font-size: 10px;\n    color: #FFF;\n    padding: 2px 10px;\n    border-radius: 3px;\n}\n\n.recomendadorButtonFixed:after {\n    margin-top: -3px;\n    content: \"\u2192\";\n    padding: 0px 0px 0px 10px;\n}\n\n.recomendadorAlertFixed {\n    font-weight: 400;\n    text-align: center;\n    color: #484848;\n    font-size: 8px;\n}\n\n.recomendadorCloseFixed {\n    z-index: 99999;\n    display: none;\n    right: 0px;\n    left: inherit;\n    bottom: 99px;\n    position: fixed;\n    justify-content: center;\n    background: #F6F6F6;\n    width: 25px;\n    align-items: center;\n    height: 25px;\n    font-weight: 800;\n    border-radius: 50%;\n    border: 1px solid #EBEBEB;\n}\n\n.recomendadorV2Desc{\n    color: #000000;\n    margin: 20px 0px;\n}\n\n@media (max-width: 576px) {\n    .recomendadorV2Area {\n      padding: 10px;\n      max-width: 100%;\n    }\n  \n    .recomendadorV2Area1 img {\n      width: 100%;\n      border-radius: 6px;\n    }\n  \n    .recomendadorV2Area2 .recomendadorV2Type {\n      font-size: 9px;\n      letter-spacing: 1px;\n      margin: 8px 0;\n    }\n  \n    .recomendadorV2Title h2 {\n      font-size: 18px !important;\n      margin-bottom: 8px !important;\n      line-height: 1.2;\n    }\n  \n    .recomendadorV2Desc {\n      font-size: 14px;\n      margin: 8px 0 !important;\n      line-height: 1.4;\n    }\n  \n    .recomendadorV2Button {\n      font-size: 12px;\n      height: 30px;\n      padding: 0 12px;\n      max-width: 160px;\n    }\n  \n    .recomendadorV2Button:after {\n      padding-left: 6px;\n    }\n  }\n  <\/style>\n        <div class=\"lazyblock-recomendador-v2-2jDGz wp-block-lazyblock-recomendador-v2\">\n        <a class=\"linkrecomendadorv2\" href=\"https:\/\/correiodoestado.com.br\/mix\/cidade-mais-viciada-em-coca-cola-no-mundo-tem-pessoas-bebendo-2-litros-por-dia\/?utm_source=lazy\" target=\"_blank\" rel=\"noopener\">\n            <div class=\"recomendadorV2Area\">\n            <div class=\"recomendadorV2Area1\">\n                <div class=\"recomendadorV2Img\">\n                <img class=\"lazyloaded\" decoding=\"async\" src=\"https:\/\/correiodoestado.com.br\/mix\/wp-content\/uploads\/2025\/11\/shutterstock_1436246510.jpg\" data-src=\"https:\/\/correiodoestado.com.br\/mix\/wp-content\/uploads\/2025\/11\/shutterstock_1436246510.jpg\" alt=\"\">\n                <\/div>\n            <\/div>\n            <div class=\"recomendadorV2Area2\">\n                <div class=\"recomendadorV2Type\">\n                    <span>Bebida Alerta<\/span>\n                <\/div>\n                <div class=\"recomendadorV2Title\">\n                <h2><span>V\u00edcio em Coca-Cola \ud83e\udd64<\/span><\/h2>\n                <\/div>\n                <div class=\"recomendadorV2Desc\">\n                <span>Habitantes consomem 2 litros por dia<\/span>\n                <\/div>\n                <div class=\"recomendadorV2Button\">Ver mais<\/div>\n                <div class=\"recomendadorV2Alert\"><\/div>\n            <\/div>\n            <\/div>\n        <\/a>\n        <div>\n            <div style=\"z-index:99999;\" id=\"buttonClose\" onclick=\"closeRecomendadorFixed()\">\n            <div class=\"recomendadorCloseFixed\">X<\/div>\n            <\/div>\n            <a href=\"https:\/\/correiodoestado.com.br\/mix\/cidade-mais-viciada-em-coca-cola-no-mundo-tem-pessoas-bebendo-2-litros-por-dia\/?utm_source=lazy\" target=\"_blank\" rel=\"noopener\">\n            <div class=\"recomendadorFixedArea\">\n                <div id=\"recomendadorFixed\">\n                <div class=\"recomendadorLeftArea\">\n                    <div class=\"recomendadorImgFixed\">\n                    <img class=\"lazyload\" decoding=\"async\" src=\"https:\/\/correiodoestado.com.br\/mix\/wp-content\/uploads\/2025\/11\/shutterstock_1436246510.jpg\" alt=\"\">\n                    <\/div>\n                <\/div>\n                <div class=\"recomendadorRightArea\">\n                    <div class=\"recomendadorTitleFixed\">\n                    <h2><span>V\u00edcio em Coca-Cola \ud83e\udd64<\/span><\/h2>\n                    <\/div>\n                    <div class=\"recomendadorButtonFixed\">Ver mais<\/div>\n                    <div class=\"recomendadorAlertFixed\"><\/div>\n                <\/div>\n                <\/div>\n            <\/div>\n            <\/a>\n        <\/div>\n        <\/div>\n\n\n\n<p><strong>Confira quais foram os detalhes da Am\u00e9rica Latina:<\/strong><\/p>\n\n\n\n<ul class=\"wp-block-list\">\n<li>1\u00ba lugar: Buenos Aires (Argentina) &#8211; 82,2 pontos;<\/li>\n\n\n\n<li>2\u00ba lugar: Montevid\u00e9u (Uruguai) &#8211; 81,2 pontos;<\/li>\n\n\n\n<li>3\u00ba lugar: Santiago (Chile) &#8211; 80,8 pontos;<\/li>\n\n\n\n<li>4\u00ba lugar: San Juan (Porto Rico) &#8211; 78,8 pontos;<\/li>\n\n\n\n<li>5\u00ba lugar: Lima (Peru) &#8211; 74,2 pontos;<\/li>\n\n\n\n<li>6\u00ba lugar: S\u00e3o Jos\u00e9 (Costa Rica) &#8211; 73,6 pontos;<\/li>\n\n\n\n<li>7\u00ba lugar: Rio de Janeiro (Brasil) &#8211; 70,2 pontos;<\/li>\n\n\n\n<li>8\u00ba lugar: S\u00e3o Paulo (Brasil) &#8211; 69,3 pontos;<\/li>\n\n\n\n<li>9\u00ba lugar: Assun\u00e7\u00e3o (Paraguai) &#8211; 66,4 pontos;<\/li>\n\n\n\n<li>10\u00ba lugar: Quito (Equador) &#8211; 63,6 pontos.<\/li>\n<\/ul>\n\n\n\n<p>Apesar de o prest\u00edgio ter sido demarcado, a capital da Argentina n\u00e3o \u00e9 a cidade com a melhor qualidade de vida em todo o planeta. Esse status de renome \u00e9 preenchido por Viena, na \u00c1ustria, que acumulou 98,4 pontos na avalia\u00e7\u00e3o. Em contrapartida, surgem ainda Copenhague (98), Zurique (97,1), Melbourne (97) e Calgary (96,8).<\/p>\n\n\n\n<h2 class=\"wp-block-heading\">Mas, afinal, quais s\u00e3o os piores lugares para se morar?<\/h2>\n\n\n\n<ul class=\"wp-block-list\">\n<li>1\u00ba lugar: Damasco (S\u00edria);<\/li>\n\n\n\n<li>2\u00ba lugar: Tr\u00edpoli (L\u00edbia);<\/li>\n\n\n\n<li>3\u00ba lugar: Argel (Arg\u00e9lia);<\/li>\n\n\n\n<li>4\u00ba lugar: Lagos (Nig\u00e9ria);<\/li>\n\n\n\n<li>5\u00ba lugar: Carachi (Paquist\u00e3o);<\/li>\n\n\n\n<li>6\u00ba lugar: Dhaka (Bangladesh);<\/li>\n\n\n\n<li>7\u00ba lugar: Harare (Zimb\u00e1bue);<\/li>\n\n\n\n<li>8\u00ba lugar: Porto Moresby (Papua-Nova Guin\u00e9);<\/li>\n\n\n\n<li>9\u00ba lugar: Kiev (Ucr\u00e2nia);<\/li>\n\n\n\n<li>10\u00ba lugar: Caracas (Venezuela).<\/li>\n<\/ul>\n","protected":false},"excerpt":{"rendered":"<p>De acordo com o estudo anual da Economist Intelligence Unit (EIU), uma organiza\u00e7\u00e3o filiada \u00e0 revista\u00a0The Economist, a melhor cidade para se morar na Am\u00e9rica Latina n\u00e3o fica no Brasil<\/p>\n","protected":false},"author":8,"featured_media":19706,"comment_status":"open","ping_status":"open","sticky":false,"template":"","format":"standard","meta":{"jnews-multi-image_gallery":[],"jnews_single_post":{"format":"standard","jnews_video_option_group":[[]],"override":[{"template":"1","parallax":"1","fullscreen":"1","layout":"right-sidebar","sidebar":"default-sidebar","second_sidebar":"default-sidebar","share_position":"hide","share_float_style":"share-monocrhome","show_share_counter":"1","show_view_counter":"1","show_featured":"1","show_post_meta":"1","show_post_author":"1","show_post_date":"1","post_date_format":"default","post_date_format_custom":"Y\/m\/d","show_post_reading_time":"0","post_reading_time_wpm":"300","post_calculate_word_method":"str_word_count","show_zoom_button":"0","zoom_button_out_step":"2","zoom_button_in_step":"3","number_popup_post":"1","show_author_box":"1","show_post_related":"0","show_inline_post_related":"0"}],"image_override":[{"single_post_thumbnail_size":"crop-500","single_post_gallery_size":"crop-500"}],"trending_post_position":"meta","trending_post_label":"Trending","sponsored_post_label":"Sponsored by","disable_ad":"0"},"jnews_primary_category":[],"jnews_social_meta":[],"footnotes":""},"categories":[1],"tags":[],"class_list":["post-19700","post","type-post","status-publish","format-standard","has-post-thumbnail","hentry","category-mix"],"_links":{"self":[{"href":"https:\/\/correiodoestado.audiencelabs.com.br\/wp-json\/wp\/v2\/posts\/19700","targetHints":{"allow":["GET"]}}],"collection":[{"href":"https:\/\/correiodoestado.audiencelabs.com.br\/wp-json\/wp\/v2\/posts"}],"about":[{"href":"https:\/\/correiodoestado.audiencelabs.com.br\/wp-json\/wp\/v2\/types\/post"}],"author":[{"embeddable":true,"href":"https:\/\/correiodoestado.audiencelabs.com.br\/wp-json\/wp\/v2\/users\/8"}],"replies":[{"embeddable":true,"href":"https:\/\/correiodoestado.audiencelabs.com.br\/wp-json\/wp\/v2\/comments?post=19700"}],"version-history":[{"count":2,"href":"https:\/\/correiodoestado.audiencelabs.com.br\/wp-json\/wp\/v2\/posts\/19700\/revisions"}],"predecessor-version":[{"id":19935,"href":"https:\/\/correiodoestado.audiencelabs.com.br\/wp-json\/wp\/v2\/posts\/19700\/revisions\/19935"}],"wp:featuredmedia":[{"embeddable":true,"href":"https:\/\/correiodoestado.audiencelabs.com.br\/wp-json\/wp\/v2\/media\/19706"}],"wp:attachment":[{"href":"https:\/\/correiodoestado.audiencelabs.com.br\/wp-json\/wp\/v2\/media?parent=19700"}],"wp:term":[{"taxonomy":"category","embeddable":true,"href":"https:\/\/correiodoestado.audiencelabs.com.br\/wp-json\/wp\/v2\/categories?post=19700"},{"taxonomy":"post_tag","embeddable":true,"href":"https:\/\/correiodoestado.audiencelabs.com.br\/wp-json\/wp\/v2\/tags?post=19700"}],"curies":[{"name":"wp","href":"https:\/\/api.w.org\/{rel}","templated":true}]}}