{"id":19715,"date":"2025-11-19T03:24:00","date_gmt":"2025-11-19T06:24:00","guid":{"rendered":"https:\/\/correiodoestado.audiencelabs.com.br\/?p=19715"},"modified":"2025-11-19T11:52:50","modified_gmt":"2025-11-19T14:52:50","slug":"o-truque-caseiro-que-mantem-bananas-maduras-por-ate-16-dias","status":"publish","type":"post","link":"https:\/\/correiodoestado.audiencelabs.com.br\/o-truque-caseiro-que-mantem-bananas-maduras-por-ate-16-dias\/","title":{"rendered":"O truque caseiro que mant\u00e9m bananas maduras por at\u00e9 16 dias"},"content":{"rendered":"\n<p>As bananas est\u00e3o entre as frutas mais consumidas no pa\u00eds, mas seu amadurecimento acelerado faz com que grande parte seja perdida antes do consumo. Isso ocorre por causa do etileno, g\u00e1s liberado naturalmente pela fruta e respons\u00e1vel por desencadear rea\u00e7\u00f5es qu\u00edmicas que escurecem a casca e deixam a polpa mole em poucos dias.<\/p>\n\n\n\n<p>Diante desse problema, um truque simples ganhou destaque por manter as bananas firmes e amarelas por at\u00e9 16 dias, per\u00edodo muito maior do que o obtido com m\u00e9todos comuns. Esse truque viral chamou aten\u00e7\u00e3o por apresentar uma solu\u00e7\u00e3o pr\u00e1tica baseada no controle de elementos que influenciam o amadurecimento.<\/p>\n\n\n\n<p>Temperatura, luz e exposi\u00e7\u00e3o ao etileno s\u00e3o fatores determinantes. Ambientes quentes aceleram rea\u00e7\u00f5es qu\u00edmicas, a luz estimula a produ\u00e7\u00e3o do g\u00e1s e o pr\u00f3prio etileno age como sinal para que as frutas pr\u00f3ximas tamb\u00e9m amadure\u00e7am.<\/p>\n\n\n\n<figure class=\"wp-block-gallery has-nested-images columns-default is-cropped wp-block-gallery-1 is-layout-flex wp-block-gallery-is-layout-flex\">\n<figure class=\"wp-block-image size-large\"><img loading=\"lazy\" decoding=\"async\" width=\"900\" height=\"600\" data-id=\"19716\" src=\"https:\/\/correiodoestado.audiencelabs.com.br\/wp-content\/uploads\/2025\/11\/shutterstock_244685272.jpg\" alt=\"\" class=\"wp-image-19716\" srcset=\"https:\/\/correiodoestado.audiencelabs.com.br\/wp-content\/uploads\/2025\/11\/shutterstock_244685272.jpg 900w, https:\/\/correiodoestado.audiencelabs.com.br\/wp-content\/uploads\/2025\/11\/shutterstock_244685272-300x200.jpg 300w, https:\/\/correiodoestado.audiencelabs.com.br\/wp-content\/uploads\/2025\/11\/shutterstock_244685272-768x512.jpg 768w, https:\/\/correiodoestado.audiencelabs.com.br\/wp-content\/uploads\/2025\/11\/shutterstock_244685272-750x500.jpg 750w\" sizes=\"auto, (max-width: 900px) 100vw, 900px\" \/><figcaption class=\"wp-element-caption\">Cr\u00e9ditos: Shutterstock<\/figcaption><\/figure>\n<\/figure>\n\n\n\n<h2 class=\"wp-block-heading\">Por que o pote de vidro funciona<\/h2>\n\n\n<style>@media (min-width: 992px) {\n    .recomendadorV2Area1 {\n        width: 280px;\n    }\n    .recomendadorV2Area2 {\n        padding: 0px 20px;\n        width: calc(100% - 280px);\n    }\n}\n\n@media (max-width: 992px) {\n    .recomendadorV2Button {\n        margin: 0 auto;\n    }\n    .recomendadorV2Area {\n        flex-direction: column;\n        text-align: center;\n    }\n    .recomendadorV2Area2 {\n        padding: 0px 20px;\n    }\n}\n\n.recomendadorV2Area {\n    background: #eeeeee3d;\n    border-radius: 10px;\n    padding: 15px;\n    display: flex;\n    margin: 15px auto;\n    border: 1px solid #00000014;\n    max-width: 800px;\n}\n\n.recomendadorV2Area1 img {\n    width: 280px;\n    height: auto;\n    border-radius: 8px;\n}\n\n.linkrecomendadorv2 {\n    text-decoration: none !important;\n}\n\n.recomendadorV2Area2 .recomendadorV2Type {\n    text-transform: uppercase;\n    font-weight: 500;\n    font-size: 11px;\n    letter-spacing: 2px;\n    color: #666;\n    margin: 12px 0;\n    display: block;\n}\n\n.recomendadorV2Title h2 {\n    padding-top: 0px !important;\n    margin: 0px !important;\n    border-left: none !important;\n    padding-left: 0px !important;\n    line-height: 1.3;\n    color: #000 !important;\n    font-size: 24px;\n    margin-bottom: 12px !important;\n}\n\n.recomendadorV2Desc {\n    color: #333;\n    margin: 12px 0px !important;\n    font-size: 15px;\n    line-height: 1.5;\n}\n\n.recomendadorV2Button {\n    width: auto;\n    max-width: 200px;\n    margin: 0;\n    display: inline-flex;\n    align-items: center;\n    background: #1D3557;\n    border-radius: 8px;\n    color: #fff;\n    height: 36px;\n    justify-content: center;\n    text-align: center;\n    font-size: 14px;\n    padding: 0 20px;\n    transition: background-color 0.2s ease;\n}\n\n.recomendadorV2Button:hover {\n    background: #2a4d7a;\n}\n\n.recomendadorV2Button:after {\n    margin-top: -2px;\n    content: \"\u2192\";\n    padding: 0px 0px 0px 8px;\n}\n\n.recomendadorV2Alert {\n    text-align: left;\n    font-size: 11px;\n    margin-top: 8px;\n    color: #666;\n}\n\n.recomendadorFixedArea {\n    width: 100%;\n    display: flex;\n    justify-content: center;\n    align-items: center;\n}\n\n@media (min-width: 992px) {\n    #recomendadorFixed {\n        width: 32% !important;\n        left: 5%;\n    }\n    .recomendadorCloseFixed{\n        right: inherit !important;\n        left: 378px !important;\n    }\n}\n\n#recomendadorFixed {\n    width: 90%;\n    box-shadow: 0 10px 20px 0px #00000057;\n    display: none;\n    height: 90px;\n    background: #F6F6F6;\n    position: fixed;\n    flex-direction: row;\n    bottom: 10px;\n    z-index: 9999;\n    border-radius: 16px;\n    padding: 7px 10px;\n}\n\n.recomendadorLeftArea {\n    width: 160px;\n}\n\n.recomendadorRightArea h2 {\n    padding-top: 0px;\n    margin: 2px 0px 4px 0px !important;\n    font-weight: 400;\n    text-align: center;\n    padding-left: 0px !important;\n    color: #000 !important;\n    border-left: none !important;\n    line-height: 20px;\n    font-size: 12px !important;\n}\n\n.recomendadorImgFixed {\n    overflow: hidden;\n    padding: 8px 6px;\n    height: 100%;\n}\n\n.recomendadorImgFixed img {\n    height: 100% !important;\n    border-radius: 16px;\n}\n\n.recomendadorRightArea {\n    padding-top: 6px;\n    display: flex;\n    width: calc(100% - 130px);\n    justify-content: space-between;\n    align-items: center;\n    flex-direction: column;\n}\n\n.recomendadorButtonFixed {\n    margin: 0 auto;\n    background: #1D3557;\n    width: 80%;\n    text-align: center;\n    font-size: 10px;\n    color: #FFF;\n    padding: 2px 10px;\n    border-radius: 3px;\n}\n\n.recomendadorButtonFixed:after {\n    margin-top: -3px;\n    content: \"\u2192\";\n    padding: 0px 0px 0px 10px;\n}\n\n.recomendadorAlertFixed {\n    font-weight: 400;\n    text-align: center;\n    color: #484848;\n    font-size: 8px;\n}\n\n.recomendadorCloseFixed {\n    z-index: 99999;\n    display: none;\n    right: 0px;\n    left: inherit;\n    bottom: 99px;\n    position: fixed;\n    justify-content: center;\n    background: #F6F6F6;\n    width: 25px;\n    align-items: center;\n    height: 25px;\n    font-weight: 800;\n    border-radius: 50%;\n    border: 1px solid #EBEBEB;\n}\n\n.recomendadorV2Desc{\n    color: #000000;\n    margin: 20px 0px;\n}\n\n@media (max-width: 576px) {\n    .recomendadorV2Area {\n      padding: 10px;\n      max-width: 100%;\n    }\n  \n    .recomendadorV2Area1 img {\n      width: 100%;\n      border-radius: 6px;\n    }\n  \n    .recomendadorV2Area2 .recomendadorV2Type {\n      font-size: 9px;\n      letter-spacing: 1px;\n      margin: 8px 0;\n    }\n  \n    .recomendadorV2Title h2 {\n      font-size: 18px !important;\n      margin-bottom: 8px !important;\n      line-height: 1.2;\n    }\n  \n    .recomendadorV2Desc {\n      font-size: 14px;\n      margin: 8px 0 !important;\n      line-height: 1.4;\n    }\n  \n    .recomendadorV2Button {\n      font-size: 12px;\n      height: 30px;\n      padding: 0 12px;\n      max-width: 160px;\n    }\n  \n    .recomendadorV2Button:after {\n      padding-left: 6px;\n    }\n  }\n  <\/style>\n        <div class=\"lazyblock-recomendador-v2-2jDGz wp-block-lazyblock-recomendador-v2\">\n        <a class=\"linkrecomendadorv2\" href=\"https:\/\/correiodoestado.com.br\/mix\/noticia-sobre-a-proibicao-da-tilapia-no-brasil-pega-pescadores-desprevenidos\/?utm_source=lazy\" target=\"_blank\" rel=\"noopener\">\n            <div class=\"recomendadorV2Area\">\n            <div class=\"recomendadorV2Area1\">\n                <div class=\"recomendadorV2Img\">\n                <img class=\"lazyloaded\" decoding=\"async\" src=\"https:\/\/correiodoestado.com.br\/mix\/wp-content\/uploads\/2025\/11\/transferir-1-750x375.jpg\" data-src=\"https:\/\/correiodoestado.com.br\/mix\/wp-content\/uploads\/2025\/11\/transferir-1-750x375.jpg\" alt=\"\">\n                <\/div>\n            <\/div>\n            <div class=\"recomendadorV2Area2\">\n                <div class=\"recomendadorV2Type\">\n                    <span>Alerta Pesca<\/span>\n                <\/div>\n                <div class=\"recomendadorV2Title\">\n                <h2><span>Til\u00e1pia proibida \ud83d\udc1f<\/span><\/h2>\n                <\/div>\n                <div class=\"recomendadorV2Desc\">\n                <span>Nova regra surpreende pescadores no pa\u00eds<\/span>\n                <\/div>\n                <div class=\"recomendadorV2Button\">Ver detalhes<\/div>\n                <div class=\"recomendadorV2Alert\"><\/div>\n            <\/div>\n            <\/div>\n        <\/a>\n        <div>\n            <div style=\"z-index:99999;\" id=\"buttonClose\" onclick=\"closeRecomendadorFixed()\">\n            <div class=\"recomendadorCloseFixed\">X<\/div>\n            <\/div>\n            <a href=\"https:\/\/correiodoestado.com.br\/mix\/noticia-sobre-a-proibicao-da-tilapia-no-brasil-pega-pescadores-desprevenidos\/?utm_source=lazy\" target=\"_blank\" rel=\"noopener\">\n            <div class=\"recomendadorFixedArea\">\n                <div id=\"recomendadorFixed\">\n                <div class=\"recomendadorLeftArea\">\n                    <div class=\"recomendadorImgFixed\">\n                    <img class=\"lazyload\" decoding=\"async\" src=\"https:\/\/correiodoestado.com.br\/mix\/wp-content\/uploads\/2025\/11\/transferir-1-750x375.jpg\" alt=\"\">\n                    <\/div>\n                <\/div>\n                <div class=\"recomendadorRightArea\">\n                    <div class=\"recomendadorTitleFixed\">\n                    <h2><span>Til\u00e1pia proibida \ud83d\udc1f<\/span><\/h2>\n                    <\/div>\n                    <div class=\"recomendadorButtonFixed\">Ver detalhes<\/div>\n                    <div class=\"recomendadorAlertFixed\"><\/div>\n                <\/div>\n                <\/div>\n            <\/div>\n            <\/a>\n        <\/div>\n        <\/div>\n\n\n\n<p>O m\u00e9todo consiste em armazenar as bananas cortadas em um pote de vidro herm\u00e9tico, mantido em local escuro e com temperatura est\u00e1vel pr\u00f3xima de 12 \u00b0C. O vidro \u00e9 essencial porque reduz trocas gasosas, mant\u00e9m a temperatura interna mais constante e n\u00e3o interfere qu\u00edmicamente nos alimentos.<\/p>\n\n\n\n<p>Ao vedar o pote, diminui-se o contato da fruta com o ar e limita-se a circula\u00e7\u00e3o do etileno, retardando o processo natural de amadurecimento. A t\u00e9cnica se diferencia de alternativas populares como envolver o cabo da banana com pl\u00e1stico ou guard\u00e1-la na geladeira.&nbsp;<\/p>\n\n\n\n<p>Esses m\u00e9todos at\u00e9 retardam pequenas etapas, mas n\u00e3o controlam simultaneamente luz, ar e temperatura, os tr\u00eas pontos que, juntos, definem a velocidade de deteriora\u00e7\u00e3o da fruta. Armazenar bananas na cozinha \u00e9 um erro comum, j\u00e1 que fog\u00e3o, forno e ilumina\u00e7\u00e3o provocam varia\u00e7\u00f5es t\u00e9rmicas constantes. Ambientes mais est\u00e1veis, como despensas ou \u00e1reas de servi\u00e7o, favorecem melhor a conserva\u00e7\u00e3o.&nbsp;<\/p>\n","protected":false},"excerpt":{"rendered":"<p>As bananas est\u00e3o entre as frutas mais consumidas no pa\u00eds, mas seu amadurecimento acelerado faz com que grande parte seja perdida antes do consumo. Isso ocorre por causa do etileno, g\u00e1s liberado naturalmente pela fruta e respons\u00e1vel por desencadear rea\u00e7\u00f5es qu\u00edmicas que escurecem a casca e deixam a polpa mole em poucos dias. Diante desse [&hellip;]<\/p>\n","protected":false},"author":12,"featured_media":19717,"comment_status":"open","ping_status":"open","sticky":false,"template":"","format":"standard","meta":{"jnews-multi-image_gallery":[],"jnews_single_post":{"format":"standard"},"jnews_primary_category":[],"jnews_social_meta":[],"footnotes":""},"categories":[1],"tags":[],"class_list":["post-19715","post","type-post","status-publish","format-standard","has-post-thumbnail","hentry","category-mix"],"_links":{"self":[{"href":"https:\/\/correiodoestado.audiencelabs.com.br\/wp-json\/wp\/v2\/posts\/19715","targetHints":{"allow":["GET"]}}],"collection":[{"href":"https:\/\/correiodoestado.audiencelabs.com.br\/wp-json\/wp\/v2\/posts"}],"about":[{"href":"https:\/\/correiodoestado.audiencelabs.com.br\/wp-json\/wp\/v2\/types\/post"}],"author":[{"embeddable":true,"href":"https:\/\/correiodoestado.audiencelabs.com.br\/wp-json\/wp\/v2\/users\/12"}],"replies":[{"embeddable":true,"href":"https:\/\/correiodoestado.audiencelabs.com.br\/wp-json\/wp\/v2\/comments?post=19715"}],"version-history":[{"count":2,"href":"https:\/\/correiodoestado.audiencelabs.com.br\/wp-json\/wp\/v2\/posts\/19715\/revisions"}],"predecessor-version":[{"id":19920,"href":"https:\/\/correiodoestado.audiencelabs.com.br\/wp-json\/wp\/v2\/posts\/19715\/revisions\/19920"}],"wp:featuredmedia":[{"embeddable":true,"href":"https:\/\/correiodoestado.audiencelabs.com.br\/wp-json\/wp\/v2\/media\/19717"}],"wp:attachment":[{"href":"https:\/\/correiodoestado.audiencelabs.com.br\/wp-json\/wp\/v2\/media?parent=19715"}],"wp:term":[{"taxonomy":"category","embeddable":true,"href":"https:\/\/correiodoestado.audiencelabs.com.br\/wp-json\/wp\/v2\/categories?post=19715"},{"taxonomy":"post_tag","embeddable":true,"href":"https:\/\/correiodoestado.audiencelabs.com.br\/wp-json\/wp\/v2\/tags?post=19715"}],"curies":[{"name":"wp","href":"https:\/\/api.w.org\/{rel}","templated":true}]}}