{"id":19743,"date":"2025-11-19T06:05:00","date_gmt":"2025-11-19T09:05:00","guid":{"rendered":"https:\/\/correiodoestado.audiencelabs.com.br\/?p=19743"},"modified":"2025-11-18T16:07:26","modified_gmt":"2025-11-18T19:07:26","slug":"13o-do-bolsa-familia-vai-comecar-a-ser-pago-em-dezembro-informacao-confirmada","status":"publish","type":"post","link":"https:\/\/correiodoestado.audiencelabs.com.br\/13o-do-bolsa-familia-vai-comecar-a-ser-pago-em-dezembro-informacao-confirmada\/","title":{"rendered":"13\u00ba do Bolsa Fam\u00edlia vai come\u00e7ar a ser pago em dezembro? Informa\u00e7\u00e3o confirmada"},"content":{"rendered":"\n<p>Embora seja o carro-chefe do Governo Lula, o <a href=\"https:\/\/correiodoestado.com.br\/mix\/governo-vai-dar-presentao-para-brasileiros-que-recebem-bolsa-familia\/\" target=\"_blank\" rel=\"noopener\">Bolsa Fam\u00edlia<\/a> segue gerando d\u00favidas sobre os valores desembolsados e quais segrega\u00e7\u00f5es possuem direito. Nos \u00faltimos meses, muitos benefici\u00e1rios passaram a questionar o dep\u00f3sito do que seria uma esp\u00e9cie de 13\u00ba sal\u00e1rio. No entanto, a funcionalidade foi descredibilizada pelas autoridades competentes.<\/p>\n\n\n\n<p>A motiva\u00e7\u00e3o por detr\u00e1s da d\u00favida foi potencializada por uma medida adotada pelo ex-presidente Jair Messias Bolsonaro. No ano de 2019, o representante do Partido Liberal (PL) autorizou, por meio de uma a\u00e7\u00e3o provis\u00f3ria, o dep\u00f3sito adicional. No entanto, a pr\u00e1tica caiu em desuso no ano seguinte, perdurando at\u00e9 os dias atuais.<\/p>\n\n\n\n<figure class=\"wp-block-image size-large\"><img loading=\"lazy\" decoding=\"async\" width=\"1024\" height=\"613\" src=\"https:\/\/correiodoestado.audiencelabs.com.br\/wp-content\/uploads\/2025\/09\/53628072030_5dffa3859b_o-1-1024x613.webp\" alt=\"\" class=\"wp-image-10977\" srcset=\"https:\/\/correiodoestado.audiencelabs.com.br\/wp-content\/uploads\/2025\/09\/53628072030_5dffa3859b_o-1-1024x613.webp 1024w, https:\/\/correiodoestado.audiencelabs.com.br\/wp-content\/uploads\/2025\/09\/53628072030_5dffa3859b_o-1-300x179.webp 300w, https:\/\/correiodoestado.audiencelabs.com.br\/wp-content\/uploads\/2025\/09\/53628072030_5dffa3859b_o-1-768x459.webp 768w, https:\/\/correiodoestado.audiencelabs.com.br\/wp-content\/uploads\/2025\/09\/53628072030_5dffa3859b_o-1-750x449.webp 750w, https:\/\/correiodoestado.audiencelabs.com.br\/wp-content\/uploads\/2025\/09\/53628072030_5dffa3859b_o-1-1140x682.webp 1140w, https:\/\/correiodoestado.audiencelabs.com.br\/wp-content\/uploads\/2025\/09\/53628072030_5dffa3859b_o-1.webp 1170w\" sizes=\"auto, (max-width: 1024px) 100vw, 1024px\" \/><figcaption class=\"wp-element-caption\">Cr\u00e9ditos: Lyon Santos\/MDS<\/figcaption><\/figure>\n\n\n\n<p>No entendimento do Governo Federal, n\u00e3o h\u00e1 espa\u00e7os para que a parcela adicional volte a fazer parte do programa, tendo em vista que as reformula\u00e7\u00f5es recentes do benef\u00edcio complementam a renda dos indiv\u00edduos que vivem em situa\u00e7\u00e3o de vulnerabilidade social. Em resumo, al\u00e9m dos R$ 600 estabelecidos pelo Bolsa Fam\u00edlia, parcelas complementares s\u00e3o depositadas. Confira:<\/p>\n\n\n\n<ul class=\"wp-block-list\">\n<li><strong>Benef\u00edcio Primeira Inf\u00e2ncia:\u00a0<\/strong>oferece R$ 150 a mais para fam\u00edlias com crian\u00e7as at\u00e9 6 anos;<\/li>\n\n\n\n<li><strong>Benef\u00edcio Vari\u00e1vel Familiar:\u00a0<\/strong>acrescenta R$ 50 por membro da fam\u00edlia entre 7 e 18 anos incompletos ou gestantes e nutrizes;<\/li>\n\n\n\n<li><strong>Benef\u00edcio Vari\u00e1vel Familiar Nutriz:\u00a0<\/strong>adiciona R$ 50 para fam\u00edlias com beb\u00eas de at\u00e9 6 meses de vida;<\/li>\n\n\n\n<li><strong>Benef\u00edcio Vari\u00e1vel Gestante:<\/strong>\u00a0concede um adicional de R$ 50 por m\u00eas para gestantes durante todo o per\u00edodo da gravidez.<\/li>\n<\/ul>\n\n\n\n<h2 class=\"wp-block-heading\">Confira como ser\u00e1 o pagamento do Bolsa Fam\u00edlia referente ao m\u00eas de dezembro:<\/h2>\n\n\n\n<p>A Caixa Econ\u00f4mica Federal\u00a0libera mensalmente os dep\u00f3sitos aos assistidos mediante a ordem do \u00faltimo d\u00edgito do N\u00famero de Identifica\u00e7\u00e3o Social (NIS). Portanto, os valores referentes ao m\u00eas de dezembro de 2025 ser\u00e3o entregues \u00e0s fam\u00edlias nas seguintes datas:<\/p>\n\n\n\n<ul class=\"wp-block-list\">\n<li>Final do NIS 1: 10\/12;<\/li>\n\n\n\n<li>Final do NIS 2: 11\/12;<\/li>\n\n\n\n<li>Final do NIS 3: 12\/12;<\/li>\n\n\n\n<li>Final do NIS 4: 15\/12;<\/li>\n\n\n\n<li>Final do NIS 5: 16\/12;<\/li>\n\n\n\n<li>Final do NIS 6: 17\/12;<\/li>\n\n\n\n<li>Final do NIS 7: 18\/12;<\/li>\n\n\n\n<li>Final do NIS 8: 19\/12;<\/li>\n\n\n\n<li>Final do NIS 9: 22\/12;<\/li>\n\n\n\n<li>Final do NIS 0: 23\/12.<\/li>\n<\/ul>\n","protected":false},"excerpt":{"rendered":"<p>Embora seja o carro-chefe do Governo Lula, o Bolsa Fam\u00edlia segue gerando d\u00favidas sobre os valores desembolsados e quais segrega\u00e7\u00f5es possuem direito. Entenda;<\/p>\n","protected":false},"author":8,"featured_media":8109,"comment_status":"open","ping_status":"open","sticky":false,"template":"","format":"standard","meta":{"jnews-multi-image_gallery":[],"jnews_single_post":{"format":"standard"},"jnews_primary_category":[],"jnews_social_meta":[],"footnotes":""},"categories":[1],"tags":[],"class_list":["post-19743","post","type-post","status-publish","format-standard","has-post-thumbnail","hentry","category-mix"],"_links":{"self":[{"href":"https:\/\/correiodoestado.audiencelabs.com.br\/wp-json\/wp\/v2\/posts\/19743","targetHints":{"allow":["GET"]}}],"collection":[{"href":"https:\/\/correiodoestado.audiencelabs.com.br\/wp-json\/wp\/v2\/posts"}],"about":[{"href":"https:\/\/correiodoestado.audiencelabs.com.br\/wp-json\/wp\/v2\/types\/post"}],"author":[{"embeddable":true,"href":"https:\/\/correiodoestado.audiencelabs.com.br\/wp-json\/wp\/v2\/users\/8"}],"replies":[{"embeddable":true,"href":"https:\/\/correiodoestado.audiencelabs.com.br\/wp-json\/wp\/v2\/comments?post=19743"}],"version-history":[{"count":1,"href":"https:\/\/correiodoestado.audiencelabs.com.br\/wp-json\/wp\/v2\/posts\/19743\/revisions"}],"predecessor-version":[{"id":19752,"href":"https:\/\/correiodoestado.audiencelabs.com.br\/wp-json\/wp\/v2\/posts\/19743\/revisions\/19752"}],"wp:featuredmedia":[{"embeddable":true,"href":"https:\/\/correiodoestado.audiencelabs.com.br\/wp-json\/wp\/v2\/media\/8109"}],"wp:attachment":[{"href":"https:\/\/correiodoestado.audiencelabs.com.br\/wp-json\/wp\/v2\/media?parent=19743"}],"wp:term":[{"taxonomy":"category","embeddable":true,"href":"https:\/\/correiodoestado.audiencelabs.com.br\/wp-json\/wp\/v2\/categories?post=19743"},{"taxonomy":"post_tag","embeddable":true,"href":"https:\/\/correiodoestado.audiencelabs.com.br\/wp-json\/wp\/v2\/tags?post=19743"}],"curies":[{"name":"wp","href":"https:\/\/api.w.org\/{rel}","templated":true}]}}