{"id":19767,"date":"2025-12-30T19:35:50","date_gmt":"2025-12-30T22:35:50","guid":{"rendered":"https:\/\/correiodoestado.audiencelabs.com.br\/?p=19767"},"modified":"2025-11-25T14:44:51","modified_gmt":"2025-11-25T17:44:51","slug":"xuxa-revelou-unico-arrependimento-envolvendo-senna","status":"publish","type":"post","link":"https:\/\/correiodoestado.audiencelabs.com.br\/xuxa-revelou-unico-arrependimento-envolvendo-senna\/","title":{"rendered":"Xuxa revelou \u00fanico arrependimento envolvendo Senna"},"content":{"rendered":"\n<p>Xuxa voltou a comentar sua rela\u00e7\u00e3o com Ayrton Senna e revelou o \u00fanico arrependimento que carrega em rela\u00e7\u00e3o ao piloto. Considerado um dos maiores nomes da F\u00f3rmula 1, Senna morreu em 1994, e sua perda levou a apresentadora a reavaliar escolhas pessoais feitas durante o per\u00edodo em que estiveram juntos.<\/p>\n\n\n\n<p>Xuxa afirmou que terminou o relacionamento por priorizar o trabalho e admitiu que n\u00e3o se permitiu viver aquele envolvimento de forma mais plena. Segundo ela, Senna a fazia perceber aspectos pessoais que deixava de lado ao colocar a carreira como centro da vida.<\/p>\n\n\n\n<p>Em entrevistas, a apresentadora disse que s\u00f3 reconheceu essa postura depois da morte do piloto, quando entendeu que havia perdido a chance de permanecer ao lado de algu\u00e9m por quem nutria um sentimento verdadeiro. Xuxa relatou que gostava da conviv\u00eancia e da afinidade com Ayrton, mas n\u00e3o se sentia madura o suficiente para equilibrar a vida profissional e afetiva.<\/p>\n\n\n\n<figure class=\"wp-block-gallery has-nested-images columns-default is-cropped wp-block-gallery-1 is-layout-flex wp-block-gallery-is-layout-flex\">\n<figure class=\"wp-block-image size-large\"><img decoding=\"async\" data-id=\"19768\" src=\"https:\/\/correiodoestado.audiencelabs.com.br\/wp-content\/uploads\/2025\/11\/Captura-de-tela-2025-11-18-170802.png\" alt=\"\" class=\"wp-image-19768\" \/><figcaption class=\"wp-element-caption\">Cr\u00e9ditos: Reprodu\u00e7\u00e3o<\/figcaption><\/figure>\n<\/figure>\n\n\n\n<h2 class=\"wp-block-heading\">Um relacionamento marcado por dist\u00e2ncia e escolhas diferentes<\/h2>\n\n\n\n<p>Xuxa destacou que, apesar do carinho e da admira\u00e7\u00e3o, o casal enfrentava agendas incompat\u00edveis, o que dificultava encontros e reduzia o tempo que passavam juntos. Essa rotina contribuiu para o desgaste natural da rela\u00e7\u00e3o, levando \u00e0 separa\u00e7\u00e3o mesmo com a torcida dos f\u00e3s. Ela afirmou que acreditava que Senna era a pessoa certa, mas que n\u00e3o estava pronta para priorizar a vida pessoal naquele momento.<\/p>\n\n\n\n<p>A apresentadora tamb\u00e9m comentou que a morte do piloto foi um momento decisivo para repensar suas escolhas e compreender a necessidade de construir rela\u00e7\u00f5es mais s\u00f3lidas. Anos depois, j\u00e1 com outra perspectiva, Xuxa formou sua fam\u00edlia e seguiu novos caminhos, mas reconhece que a rela\u00e7\u00e3o com Senna marcou sua trajet\u00f3ria.<\/p>\n","protected":false},"excerpt":{"rendered":"<p>Xuxa voltou a comentar sua rela\u00e7\u00e3o com Ayrton Senna e revelou o \u00fanico arrependimento que carrega em rela\u00e7\u00e3o ao piloto. Considerado um dos maiores nomes da F\u00f3rmula 1, Senna morreu em 1994, e sua perda levou a apresentadora a reavaliar escolhas pessoais feitas durante o per\u00edodo em que estiveram juntos. Xuxa afirmou que terminou o [&hellip;]<\/p>\n","protected":false},"author":12,"featured_media":0,"comment_status":"open","ping_status":"open","sticky":false,"template":"","format":"standard","meta":{"jnews-multi-image_gallery":[],"jnews_single_post":{"format":"standard"},"jnews_primary_category":[],"jnews_social_meta":[],"footnotes":""},"categories":[1],"tags":[],"class_list":["post-19767","post","type-post","status-publish","format-standard","hentry","category-mix"],"_links":{"self":[{"href":"https:\/\/correiodoestado.audiencelabs.com.br\/wp-json\/wp\/v2\/posts\/19767","targetHints":{"allow":["GET"]}}],"collection":[{"href":"https:\/\/correiodoestado.audiencelabs.com.br\/wp-json\/wp\/v2\/posts"}],"about":[{"href":"https:\/\/correiodoestado.audiencelabs.com.br\/wp-json\/wp\/v2\/types\/post"}],"author":[{"embeddable":true,"href":"https:\/\/correiodoestado.audiencelabs.com.br\/wp-json\/wp\/v2\/users\/12"}],"replies":[{"embeddable":true,"href":"https:\/\/correiodoestado.audiencelabs.com.br\/wp-json\/wp\/v2\/comments?post=19767"}],"version-history":[{"count":2,"href":"https:\/\/correiodoestado.audiencelabs.com.br\/wp-json\/wp\/v2\/posts\/19767\/revisions"}],"predecessor-version":[{"id":25912,"href":"https:\/\/correiodoestado.audiencelabs.com.br\/wp-json\/wp\/v2\/posts\/19767\/revisions\/25912"}],"wp:attachment":[{"href":"https:\/\/correiodoestado.audiencelabs.com.br\/wp-json\/wp\/v2\/media?parent=19767"}],"wp:term":[{"taxonomy":"category","embeddable":true,"href":"https:\/\/correiodoestado.audiencelabs.com.br\/wp-json\/wp\/v2\/categories?post=19767"},{"taxonomy":"post_tag","embeddable":true,"href":"https:\/\/correiodoestado.audiencelabs.com.br\/wp-json\/wp\/v2\/tags?post=19767"}],"curies":[{"name":"wp","href":"https:\/\/api.w.org\/{rel}","templated":true}]}}