{"id":20062,"date":"2025-11-20T12:45:00","date_gmt":"2025-11-20T15:45:00","guid":{"rendered":"https:\/\/correiodoestado.audiencelabs.com.br\/?p=20062"},"modified":"2025-11-19T19:21:36","modified_gmt":"2025-11-19T22:21:36","slug":"cientista-faz-comunicado-sobre-pandemia-sendo-gerada-na-amazonia","status":"publish","type":"post","link":"https:\/\/correiodoestado.audiencelabs.com.br\/cientista-faz-comunicado-sobre-pandemia-sendo-gerada-na-amazonia\/","title":{"rendered":"Cientista faz comunicado sobre pandemia sendo gerada na Amaz\u00f4nia"},"content":{"rendered":"\n<p>Na \u00faltima ter\u00e7a-feira (18), foi concedida uma coletiva de imprensa na 30\u00aa Confer\u00eancia das Na\u00e7\u00f5es Unidas sobre Mudan\u00e7a do Clima (COP30), em Bel\u00e9m (PA), que chamou a aten\u00e7\u00e3o mundial. De acordo com o climatologista Carlos Nobre, a <a href=\"https:\/\/correiodoestado.com.br\/mix\/cidade-de-35-mil-anos-que-conectava-o-pacifico-com-a-amazonia-e-descoberta\/\" target=\"_blank\" rel=\"noopener\">Amaz\u00f4nia <\/a>pode perder at\u00e9 70% de sua cobertura florestal nas pr\u00f3ximas d\u00e9cadas caso o aquecimento global ultrapasse 2\u00b0C.<\/p>\n\n\n\n<p>A informa\u00e7\u00e3o ligou o sinal de alerta da popula\u00e7\u00e3o e especialistas, que temem o estabelecimento de um cen\u00e1rio irrevers\u00edvel. Para uma melhor compreens\u00e3o da problem\u00e1tica, a degrada\u00e7\u00e3o da floresta tende a contribuir significativamente para o risco de novos surtos pand\u00eamicos em escala global. Sob a presen\u00e7a do presidente Luiz In\u00e1cio Lula da Silva (PT), novas propostas foram discutidas. <\/p>\n\n\n\n<figure class=\"wp-block-image size-large\"><img loading=\"lazy\" decoding=\"async\" width=\"1024\" height=\"466\" src=\"https:\/\/correiodoestado.audiencelabs.com.br\/wp-content\/uploads\/2025\/11\/whatsapp-image-2025-11-18-at-180418-1600x728-1-1024x466.jpeg\" alt=\"\" class=\"wp-image-20063\" srcset=\"https:\/\/correiodoestado.audiencelabs.com.br\/wp-content\/uploads\/2025\/11\/whatsapp-image-2025-11-18-at-180418-1600x728-1-1024x466.jpeg 1024w, https:\/\/correiodoestado.audiencelabs.com.br\/wp-content\/uploads\/2025\/11\/whatsapp-image-2025-11-18-at-180418-1600x728-1-300x137.jpeg 300w, https:\/\/correiodoestado.audiencelabs.com.br\/wp-content\/uploads\/2025\/11\/whatsapp-image-2025-11-18-at-180418-1600x728-1-768x349.jpeg 768w, https:\/\/correiodoestado.audiencelabs.com.br\/wp-content\/uploads\/2025\/11\/whatsapp-image-2025-11-18-at-180418-1600x728-1-1536x699.jpeg 1536w, https:\/\/correiodoestado.audiencelabs.com.br\/wp-content\/uploads\/2025\/11\/whatsapp-image-2025-11-18-at-180418-1600x728-1-750x341.jpeg 750w, https:\/\/correiodoestado.audiencelabs.com.br\/wp-content\/uploads\/2025\/11\/whatsapp-image-2025-11-18-at-180418-1600x728-1-1140x519.jpeg 1140w, https:\/\/correiodoestado.audiencelabs.com.br\/wp-content\/uploads\/2025\/11\/whatsapp-image-2025-11-18-at-180418-1600x728-1.jpeg 1600w\" sizes=\"auto, (max-width: 1024px) 100vw, 1024px\" \/><figcaption class=\"wp-element-caption\">Cr\u00e9ditos: Fred Santana\/CENARIUM<\/figcaption><\/figure>\n\n\n\n<p>Com os fundamentos cient\u00edficos apresentados, um roteiro foi montado a fim de conter o desmatamento e reverter a devasta\u00e7\u00e3o da Amaz\u00f4nia pelos pr\u00f3ximos quatro anos. No entendimento dos especialistas, \u00e9 imprescind\u00edvel insistir na amplia\u00e7\u00e3o dos compromissos assumidos na COP28, em Dubai, incrementando novas metodologias.<\/p>\n\n\n\n<p>&#8220;Se ultrapassarmos entre 26% e 25% de desmatamento, perderemos a floresta. J\u00e1 estamos em 18%. A degrada\u00e7\u00e3o florestal pode liberar mais de 250 bilh\u00f5es de toneladas de carbono e criar condi\u00e7\u00f5es prop\u00edcias para epidemias e pandemias em larga escala. Precisamos zerar o desmatamento de todos os biomas e reduzir 75% das emiss\u00f5es de combust\u00edveis f\u00f3sseis\u201d, explicou Carlos Nobre.<\/p>\n\n\n\n<h2 class=\"wp-block-heading\">Cobran\u00e7a em meio ao desmatamento da Amaz\u00f4nia ganha for\u00e7as<\/h2>\n\n\n\n<p>Conforme dados regulamentados, a temperatura global est\u00e1 pr\u00f3xima de superar 1,5\u00baC. Dessa forma, caso os term\u00f4metros marquem 2\u00baC, o temor \u00e9 que nenhum plano de conting\u00eancia sirva para salvar a floresta mais importante do planeta. Enfrentando dificuldades de encontrar aliados na luta, a diretora-geral do WWF Internacional,\u00a0Kirsten Schuijt, exigiu uma mudan\u00e7a de postura.<\/p>\n\n\n\n<p>&#8220;N\u00e3o estamos apenas perdendo florestas e biodiversidade, mas arriscando perder completamente os servi\u00e7os ecossist\u00eamicos que elas prestam ao planeta. A ci\u00eancia \u00e9 clara: a maior parte do desmatamento profundo ocorre nas florestas tropicais, essenciais para mitigar e adaptar o clima. Esta \u00e9 a maior participa\u00e7\u00e3o ind\u00edgena que j\u00e1 vi. Eles est\u00e3o pedindo o fim do desmatamento e exigindo restaura\u00e7\u00e3o&#8221;, ressaltou.<\/p>\n","protected":false},"excerpt":{"rendered":"<p>Climatologista abre o jogo sobre a situa\u00e7\u00e3o atual da Amaz\u00f4nia e coloca em evid\u00eancia possibilidade de pandemia iminente. Entenda o caso;<\/p>\n","protected":false},"author":8,"featured_media":20064,"comment_status":"open","ping_status":"open","sticky":false,"template":"","format":"standard","meta":{"jnews-multi-image_gallery":[],"jnews_single_post":{"format":"standard"},"jnews_primary_category":[],"jnews_social_meta":[],"footnotes":""},"categories":[1],"tags":[],"class_list":["post-20062","post","type-post","status-publish","format-standard","has-post-thumbnail","hentry","category-mix"],"_links":{"self":[{"href":"https:\/\/correiodoestado.audiencelabs.com.br\/wp-json\/wp\/v2\/posts\/20062","targetHints":{"allow":["GET"]}}],"collection":[{"href":"https:\/\/correiodoestado.audiencelabs.com.br\/wp-json\/wp\/v2\/posts"}],"about":[{"href":"https:\/\/correiodoestado.audiencelabs.com.br\/wp-json\/wp\/v2\/types\/post"}],"author":[{"embeddable":true,"href":"https:\/\/correiodoestado.audiencelabs.com.br\/wp-json\/wp\/v2\/users\/8"}],"replies":[{"embeddable":true,"href":"https:\/\/correiodoestado.audiencelabs.com.br\/wp-json\/wp\/v2\/comments?post=20062"}],"version-history":[{"count":2,"href":"https:\/\/correiodoestado.audiencelabs.com.br\/wp-json\/wp\/v2\/posts\/20062\/revisions"}],"predecessor-version":[{"id":20112,"href":"https:\/\/correiodoestado.audiencelabs.com.br\/wp-json\/wp\/v2\/posts\/20062\/revisions\/20112"}],"wp:featuredmedia":[{"embeddable":true,"href":"https:\/\/correiodoestado.audiencelabs.com.br\/wp-json\/wp\/v2\/media\/20064"}],"wp:attachment":[{"href":"https:\/\/correiodoestado.audiencelabs.com.br\/wp-json\/wp\/v2\/media?parent=20062"}],"wp:term":[{"taxonomy":"category","embeddable":true,"href":"https:\/\/correiodoestado.audiencelabs.com.br\/wp-json\/wp\/v2\/categories?post=20062"},{"taxonomy":"post_tag","embeddable":true,"href":"https:\/\/correiodoestado.audiencelabs.com.br\/wp-json\/wp\/v2\/tags?post=20062"}],"curies":[{"name":"wp","href":"https:\/\/api.w.org\/{rel}","templated":true}]}}