{"id":20145,"date":"2025-11-21T16:26:00","date_gmt":"2025-11-21T19:26:00","guid":{"rendered":"https:\/\/correiodoestado.audiencelabs.com.br\/?p=20145"},"modified":"2025-11-21T16:26:35","modified_gmt":"2025-11-21T19:26:35","slug":"redes-sociais-serao-proibidas-para-menores-de-idade","status":"publish","type":"post","link":"https:\/\/correiodoestado.audiencelabs.com.br\/redes-sociais-serao-proibidas-para-menores-de-idade\/","title":{"rendered":"Redes sociais ser\u00e3o proibidas para menores de idade"},"content":{"rendered":"\n<p>A Dinamarca deu um passo decisivo na cria\u00e7\u00e3o de novas regras para o ambiente digital ao propor a proibi\u00e7\u00e3o do acesso de menores de 15 anos \u00e0s redes sociais. A iniciativa, apresentada pela primeira-ministra Mette Frederiksen, surgiu como resposta ao aumento de preocupa\u00e7\u00f5es envolvendo a sa\u00fade mental de crian\u00e7as e adolescentes e recebeu apoio da maior parte do parlamento.<\/p>\n\n\n\n<p>O governo dinamarqu\u00eas defende que limitar o uso de plataformas digitais pode ajudar a reduzir impactos negativos associados ao tempo excessivo de tela e ao consumo de conte\u00fados inadequados.<\/p>\n\n\n\n<figure class=\"wp-block-gallery has-nested-images columns-default is-cropped wp-block-gallery-1 is-layout-flex wp-block-gallery-is-layout-flex\">\n<figure class=\"wp-block-image size-large\"><img loading=\"lazy\" decoding=\"async\" width=\"900\" height=\"600\" data-id=\"20146\" src=\"https:\/\/correiodoestado.audiencelabs.com.br\/wp-content\/uploads\/2025\/11\/1_menino_mexendo_celular-50480277.jpg\" alt=\"\" class=\"wp-image-20146\" srcset=\"https:\/\/correiodoestado.audiencelabs.com.br\/wp-content\/uploads\/2025\/11\/1_menino_mexendo_celular-50480277.jpg 900w, https:\/\/correiodoestado.audiencelabs.com.br\/wp-content\/uploads\/2025\/11\/1_menino_mexendo_celular-50480277-300x200.jpg 300w, https:\/\/correiodoestado.audiencelabs.com.br\/wp-content\/uploads\/2025\/11\/1_menino_mexendo_celular-50480277-768x512.jpg 768w, https:\/\/correiodoestado.audiencelabs.com.br\/wp-content\/uploads\/2025\/11\/1_menino_mexendo_celular-50480277-750x500.jpg 750w\" sizes=\"auto, (max-width: 900px) 100vw, 900px\" \/><figcaption class=\"wp-element-caption\">Cr\u00e9ditos: Shutterstock<\/figcaption><\/figure>\n<\/figure>\n\n\n\n<h2 class=\"wp-block-heading\">Regras, exce\u00e7\u00f5es e refor\u00e7o da prote\u00e7\u00e3o digital<\/h2>\n\n\n\n<p>O Minist\u00e9rio da Digitaliza\u00e7\u00e3o informou que adolescentes acima de 13 anos poder\u00e3o acessar as plataformas caso tenham autoriza\u00e7\u00e3o formal dos pais ou respons\u00e1veis. Ainda n\u00e3o h\u00e1 defini\u00e7\u00e3o sobre quais redes ser\u00e3o afetadas ou quais m\u00e9todos ser\u00e3o usados para verificar a idade dos usu\u00e1rios, mas o governo afirma que menores n\u00e3o devem ter contato com ambientes que exponham conte\u00fados sens\u00edveis ou funcionalidades comerciais.<\/p>\n\n\n\n<p>Para viabilizar as a\u00e7\u00f5es, o acordo inclui o investimento de 160 milh\u00f5es de coroas dinamarquesas, o equivalente a R$ 132 milh\u00f5es, destinados a programas voltados \u00e0 prote\u00e7\u00e3o online de jovens.<\/p>\n\n\n\n<p>Entre as iniciativas planejadas est\u00e3o o fortalecimento da supervis\u00e3o da Lei de Servi\u00e7os Digitais da Uni\u00e3o Europeia e apoio ao desenvolvimento de plataformas mais seguras. O governo tamb\u00e9m pretende intensificar o combate \u00e0 publicidade ilegal produzida por influenciadores, que tem atingido crian\u00e7as e adolescentes com frequ\u00eancia crescente.<\/p>\n\n\n\n<p>A justificativa para a medida est\u00e1 ligada ao aumento de crimes virtuais envolvendo menores e ao impacto do uso cont\u00ednuo de telas sobre a rotina dos jovens. Autoridades dinamarquesas apontam que o excesso de tempo online prejudica o sono, reduz a concentra\u00e7\u00e3o e amplia a exposi\u00e7\u00e3o a riscos que n\u00e3o s\u00e3o facilmente identificados por usu\u00e1rios mais novos.&nbsp;<\/p>\n","protected":false},"excerpt":{"rendered":"<p>A Dinamarca deu um passo decisivo na cria\u00e7\u00e3o de novas regras para o ambiente digital ao propor a proibi\u00e7\u00e3o do acesso de menores de 15 anos \u00e0s redes sociais. A iniciativa, apresentada pela primeira-ministra Mette Frederiksen, surgiu como resposta ao aumento de preocupa\u00e7\u00f5es envolvendo a sa\u00fade mental de crian\u00e7as e adolescentes e recebeu apoio da [&hellip;]<\/p>\n","protected":false},"author":12,"featured_media":20147,"comment_status":"open","ping_status":"open","sticky":false,"template":"","format":"standard","meta":{"jnews-multi-image_gallery":[],"jnews_single_post":{"format":"standard"},"jnews_primary_category":[],"jnews_social_meta":[],"footnotes":""},"categories":[1],"tags":[],"class_list":["post-20145","post","type-post","status-publish","format-standard","has-post-thumbnail","hentry","category-mix"],"_links":{"self":[{"href":"https:\/\/correiodoestado.audiencelabs.com.br\/wp-json\/wp\/v2\/posts\/20145","targetHints":{"allow":["GET"]}}],"collection":[{"href":"https:\/\/correiodoestado.audiencelabs.com.br\/wp-json\/wp\/v2\/posts"}],"about":[{"href":"https:\/\/correiodoestado.audiencelabs.com.br\/wp-json\/wp\/v2\/types\/post"}],"author":[{"embeddable":true,"href":"https:\/\/correiodoestado.audiencelabs.com.br\/wp-json\/wp\/v2\/users\/12"}],"replies":[{"embeddable":true,"href":"https:\/\/correiodoestado.audiencelabs.com.br\/wp-json\/wp\/v2\/comments?post=20145"}],"version-history":[{"count":1,"href":"https:\/\/correiodoestado.audiencelabs.com.br\/wp-json\/wp\/v2\/posts\/20145\/revisions"}],"predecessor-version":[{"id":20148,"href":"https:\/\/correiodoestado.audiencelabs.com.br\/wp-json\/wp\/v2\/posts\/20145\/revisions\/20148"}],"wp:featuredmedia":[{"embeddable":true,"href":"https:\/\/correiodoestado.audiencelabs.com.br\/wp-json\/wp\/v2\/media\/20147"}],"wp:attachment":[{"href":"https:\/\/correiodoestado.audiencelabs.com.br\/wp-json\/wp\/v2\/media?parent=20145"}],"wp:term":[{"taxonomy":"category","embeddable":true,"href":"https:\/\/correiodoestado.audiencelabs.com.br\/wp-json\/wp\/v2\/categories?post=20145"},{"taxonomy":"post_tag","embeddable":true,"href":"https:\/\/correiodoestado.audiencelabs.com.br\/wp-json\/wp\/v2\/tags?post=20145"}],"curies":[{"name":"wp","href":"https:\/\/api.w.org\/{rel}","templated":true}]}}