{"id":21147,"date":"2025-11-30T15:42:00","date_gmt":"2025-11-30T18:42:00","guid":{"rendered":"https:\/\/correiodoestado.audiencelabs.com.br\/?p=21147"},"modified":"2025-12-01T16:32:42","modified_gmt":"2025-12-01T19:32:42","slug":"selecao-italiana-recebe-pessima-noticia-e-encontro-com-carlo-ancelotti-e-previsto-na-copa-do-mundo","status":"publish","type":"post","link":"https:\/\/correiodoestado.audiencelabs.com.br\/selecao-italiana-recebe-pessima-noticia-e-encontro-com-carlo-ancelotti-e-previsto-na-copa-do-mundo\/","title":{"rendered":"Sele\u00e7\u00e3o Italiana recebe p\u00e9ssima not\u00edcia e encontro com Carlo Ancelotti \u00e9 previsto na Copa do Mundo"},"content":{"rendered":"\n<p>Diante do t\u00e9rmino das eliminat\u00f3rias continentais, a FIFA revelou a divis\u00e3o dos quatro potes do sorteio para a <a href=\"https:\/\/correiodoestado.com.br\/mix\/carlo-ancelotti-se-antecipa-e-define-antigo-titular-do-brasil-que-ficara-fora-da-copa-do-mundo\/\" target=\"_blank\" rel=\"noopener\">Copa do Mundo de 2026<\/a>. Por consequ\u00eancia de sua posi\u00e7\u00e3o no ranking das delega\u00e7\u00f5es, a Sele\u00e7\u00e3o Brasileira ser\u00e1 cabe\u00e7a de chave. Como resultado do chaveamento, Carlo Ancelotti pode enfrentar a It\u00e1lia na fase de grupos.<\/p>\n\n\n\n<p>Todos os integrantes da fase de grupos ser\u00e3o revelados no dia 5 de dezembro, \u00e0s 14h (hor\u00e1rio de Bras\u00edlia). De acordo com as regras da federa\u00e7\u00e3o, as 48 equipes ser\u00e3o repartidas em 12 agrupamentos, com quatro equipes cada. Por sua vez, o Brasil n\u00e3o corre o risco de enfrentar, antes do mata-mata, Canad\u00e1, M\u00e9xico, Estados Unidos, Espanha, Argentina, Fran\u00e7a, Inglaterra, Portugal, Holanda, B\u00e9lgica e Alemanha.<\/p>\n\n\n\n<figure class=\"wp-block-image size-large\"><img loading=\"lazy\" decoding=\"async\" width=\"1024\" height=\"704\" src=\"https:\/\/correiodoestado.audiencelabs.com.br\/wp-content\/uploads\/2025\/10\/adidas-TRIONDA-2-1024x704.jpg\" alt=\"\" class=\"wp-image-13297\" srcset=\"https:\/\/correiodoestado.audiencelabs.com.br\/wp-content\/uploads\/2025\/10\/adidas-TRIONDA-2-1024x704.jpg 1024w, https:\/\/correiodoestado.audiencelabs.com.br\/wp-content\/uploads\/2025\/10\/adidas-TRIONDA-2-300x206.jpg 300w, https:\/\/correiodoestado.audiencelabs.com.br\/wp-content\/uploads\/2025\/10\/adidas-TRIONDA-2-768x528.jpg 768w, https:\/\/correiodoestado.audiencelabs.com.br\/wp-content\/uploads\/2025\/10\/adidas-TRIONDA-2-750x516.jpg 750w, https:\/\/correiodoestado.audiencelabs.com.br\/wp-content\/uploads\/2025\/10\/adidas-TRIONDA-2-1140x784.jpg 1140w, https:\/\/correiodoestado.audiencelabs.com.br\/wp-content\/uploads\/2025\/10\/adidas-TRIONDA-2.jpg 1280w\" sizes=\"auto, (max-width: 1024px) 100vw, 1024px\" \/><figcaption class=\"wp-element-caption\">Foto: Divulga\u00e7\u00e3o\/Adidas<\/figcaption><\/figure>\n\n\n\n<p>Em contrapartida, por ter oscilado durante os \u00faltimos anos, a Sele\u00e7\u00e3o Italiana pode aparecer no caminho da \u00fanica delega\u00e7\u00e3o pentacampe\u00e3 mundial. Por n\u00e3o ter conseguido se classificar diretamente por meio das eliminat\u00f3rias da UEFA, a Azurra disputar\u00e1 a repescagem. No mais, tem maiores probabilidades de cair em um grupo da morte na Copa do Mundo.<\/p>\n\n\n<style>@media (min-width: 992px) {\n    .recomendadorV2Area1 {\n        width: 280px;\n    }\n    .recomendadorV2Area2 {\n        padding: 0px 20px;\n        width: calc(100% - 280px);\n    }\n}\n\n@media (max-width: 992px) {\n    .recomendadorV2Button {\n        margin: 0 auto;\n    }\n    .recomendadorV2Area {\n        flex-direction: column;\n        text-align: center;\n    }\n    .recomendadorV2Area2 {\n        padding: 0px 20px;\n    }\n}\n\n.recomendadorV2Area {\n    background: #eeeeee3d;\n    border-radius: 10px;\n    padding: 15px;\n    display: flex;\n    margin: 15px auto;\n    border: 1px solid #00000014;\n    max-width: 800px;\n}\n\n.recomendadorV2Area1 img {\n    width: 280px;\n    height: auto;\n    border-radius: 8px;\n}\n\n.linkrecomendadorv2 {\n    text-decoration: none !important;\n}\n\n.recomendadorV2Area2 .recomendadorV2Type {\n    text-transform: uppercase;\n    font-weight: 500;\n    font-size: 11px;\n    letter-spacing: 2px;\n    color: #666;\n    margin: 12px 0;\n    display: block;\n}\n\n.recomendadorV2Title h2 {\n    padding-top: 0px !important;\n    margin: 0px !important;\n    border-left: none !important;\n    padding-left: 0px !important;\n    line-height: 1.3;\n    color: #000 !important;\n    font-size: 24px;\n    margin-bottom: 12px !important;\n}\n\n.recomendadorV2Desc {\n    color: #333;\n    margin: 12px 0px !important;\n    font-size: 15px;\n    line-height: 1.5;\n}\n\n.recomendadorV2Button {\n    width: auto;\n    max-width: 200px;\n    margin: 0;\n    display: inline-flex;\n    align-items: center;\n    background: #1D3557;\n    border-radius: 8px;\n    color: #fff;\n    height: 36px;\n    justify-content: center;\n    text-align: center;\n    font-size: 14px;\n    padding: 0 20px;\n    transition: background-color 0.2s ease;\n}\n\n.recomendadorV2Button:hover {\n    background: #2a4d7a;\n}\n\n.recomendadorV2Button:after {\n    margin-top: -2px;\n    content: \"\u2192\";\n    padding: 0px 0px 0px 8px;\n}\n\n.recomendadorV2Alert {\n    text-align: left;\n    font-size: 11px;\n    margin-top: 8px;\n    color: #666;\n}\n\n.recomendadorFixedArea {\n    width: 100%;\n    display: flex;\n    justify-content: center;\n    align-items: center;\n}\n\n@media (min-width: 992px) {\n    #recomendadorFixed {\n        width: 32% !important;\n        left: 5%;\n    }\n    .recomendadorCloseFixed{\n        right: inherit !important;\n        left: 378px !important;\n    }\n}\n\n#recomendadorFixed {\n    width: 90%;\n    box-shadow: 0 10px 20px 0px #00000057;\n    display: none;\n    height: 90px;\n    background: #F6F6F6;\n    position: fixed;\n    flex-direction: row;\n    bottom: 10px;\n    z-index: 9999;\n    border-radius: 16px;\n    padding: 7px 10px;\n}\n\n.recomendadorLeftArea {\n    width: 160px;\n}\n\n.recomendadorRightArea h2 {\n    padding-top: 0px;\n    margin: 2px 0px 4px 0px !important;\n    font-weight: 400;\n    text-align: center;\n    padding-left: 0px !important;\n    color: #000 !important;\n    border-left: none !important;\n    line-height: 20px;\n    font-size: 12px !important;\n}\n\n.recomendadorImgFixed {\n    overflow: hidden;\n    padding: 8px 6px;\n    height: 100%;\n}\n\n.recomendadorImgFixed img {\n    height: 100% !important;\n    border-radius: 16px;\n}\n\n.recomendadorRightArea {\n    padding-top: 6px;\n    display: flex;\n    width: calc(100% - 130px);\n    justify-content: space-between;\n    align-items: center;\n    flex-direction: column;\n}\n\n.recomendadorButtonFixed {\n    margin: 0 auto;\n    background: #1D3557;\n    width: 80%;\n    text-align: center;\n    font-size: 10px;\n    color: #FFF;\n    padding: 2px 10px;\n    border-radius: 3px;\n}\n\n.recomendadorButtonFixed:after {\n    margin-top: -3px;\n    content: \"\u2192\";\n    padding: 0px 0px 0px 10px;\n}\n\n.recomendadorAlertFixed {\n    font-weight: 400;\n    text-align: center;\n    color: #484848;\n    font-size: 8px;\n}\n\n.recomendadorCloseFixed {\n    z-index: 99999;\n    display: none;\n    right: 0px;\n    left: inherit;\n    bottom: 99px;\n    position: fixed;\n    justify-content: center;\n    background: #F6F6F6;\n    width: 25px;\n    align-items: center;\n    height: 25px;\n    font-weight: 800;\n    border-radius: 50%;\n    border: 1px solid #EBEBEB;\n}\n\n.recomendadorV2Desc{\n    color: #000000;\n    margin: 20px 0px;\n}\n\n@media (max-width: 576px) {\n    .recomendadorV2Area {\n      padding: 10px;\n      max-width: 100%;\n    }\n  \n    .recomendadorV2Area1 img {\n      width: 100%;\n      border-radius: 6px;\n    }\n  \n    .recomendadorV2Area2 .recomendadorV2Type {\n      font-size: 9px;\n      letter-spacing: 1px;\n      margin: 8px 0;\n    }\n  \n    .recomendadorV2Title h2 {\n      font-size: 18px !important;\n      margin-bottom: 8px !important;\n      line-height: 1.2;\n    }\n  \n    .recomendadorV2Desc {\n      font-size: 14px;\n      margin: 8px 0 !important;\n      line-height: 1.4;\n    }\n  \n    .recomendadorV2Button {\n      font-size: 12px;\n      height: 30px;\n      padding: 0 12px;\n      max-width: 160px;\n    }\n  \n    .recomendadorV2Button:after {\n      padding-left: 6px;\n    }\n  }\n  <\/style>\n        <div class=\"lazyblock-recomendador-v2-2jDGz wp-block-lazyblock-recomendador-v2\">\n        <a class=\"linkrecomendadorv2\" href=\"https:\/\/correiodoestado.com.br\/mix\/leila-pereira-nao-perde-tempo-e-define-primeiro-reforco-do-palmeiras-para-2026\/?utm_source=lazy\" target=\"_blank\" rel=\"noopener\">\n            <div class=\"recomendadorV2Area\">\n            <div class=\"recomendadorV2Area1\">\n                <div class=\"recomendadorV2Img\">\n                <img class=\"lazyloaded\" decoding=\"async\" src=\"https:\/\/correiodoestado.com.br\/mix\/wp-content\/uploads\/2025\/12\/leila-pereira-no-palmeiras-2-1140x570.jpg\" data-src=\"https:\/\/correiodoestado.com.br\/mix\/wp-content\/uploads\/2025\/12\/leila-pereira-no-palmeiras-2-1140x570.jpg\" alt=\"\">\n                <\/div>\n            <\/div>\n            <div class=\"recomendadorV2Area2\">\n                <div class=\"recomendadorV2Type\">\n                    <span>Refor\u00e7o verde<\/span>\n                <\/div>\n                <div class=\"recomendadorV2Title\">\n                <h2><span>Primeira contrata\u00e7\u00e3o 2026 \u26bd<\/span><\/h2>\n                <\/div>\n                <div class=\"recomendadorV2Desc\">\n                <span>Leila Pereira j\u00e1 definiu o novo refor\u00e7o<\/span>\n                <\/div>\n                <div class=\"recomendadorV2Button\">Ler mat\u00e9ria<\/div>\n                <div class=\"recomendadorV2Alert\"><\/div>\n            <\/div>\n            <\/div>\n        <\/a>\n        <div>\n            <div style=\"z-index:99999;\" id=\"buttonClose\" onclick=\"closeRecomendadorFixed()\">\n            <div class=\"recomendadorCloseFixed\">X<\/div>\n            <\/div>\n            <a href=\"https:\/\/correiodoestado.com.br\/mix\/leila-pereira-nao-perde-tempo-e-define-primeiro-reforco-do-palmeiras-para-2026\/?utm_source=lazy\" target=\"_blank\" rel=\"noopener\">\n            <div class=\"recomendadorFixedArea\">\n                <div id=\"recomendadorFixed\">\n                <div class=\"recomendadorLeftArea\">\n                    <div class=\"recomendadorImgFixed\">\n                    <img class=\"lazyload\" decoding=\"async\" src=\"https:\/\/correiodoestado.com.br\/mix\/wp-content\/uploads\/2025\/12\/leila-pereira-no-palmeiras-2-1140x570.jpg\" alt=\"\">\n                    <\/div>\n                <\/div>\n                <div class=\"recomendadorRightArea\">\n                    <div class=\"recomendadorTitleFixed\">\n                    <h2><span>Primeira contrata\u00e7\u00e3o 2026 \u26bd<\/span><\/h2>\n                    <\/div>\n                    <div class=\"recomendadorButtonFixed\">Ler mat\u00e9ria<\/div>\n                    <div class=\"recomendadorAlertFixed\"><\/div>\n                <\/div>\n                <\/div>\n            <\/div>\n            <\/a>\n        <\/div>\n        <\/div>\n\n\n\n<p><strong>Confira como ficaram todos os potes:<\/strong><\/p>\n\n\n\n<ul class=\"wp-block-list\">\n<li><strong>Pote 1: <\/strong>Canad\u00e1 | M\u00e9xico | EUA | Espanha | Argentina | Fran\u00e7a | Inglaterra | Brasil | Portugal |Holanda | B\u00e9lgica | Alemanha;<\/li>\n\n\n\n<li><strong>Pote 2: <\/strong>Cro\u00e1cia | Marrocos | Col\u00f4mbia | Uruguai | Su\u00ed\u00e7a | Jap\u00e3o | Senegal | Ir\u00e3 | Rep\u00fablica da Coreia | Equador | \u00c1ustria | Austr\u00e1lia;<\/li>\n\n\n\n<li><strong>Pote 3: <\/strong>Noruega | Panam\u00e1 | Egito | Arg\u00e9lia | Esc\u00f3cia | Paraguai | Tun\u00edsia | Costa do Marfim | Uzbequist\u00e3o | Catar | Ar\u00e1bia Saudita | \u00c1frica do Sul;<\/li>\n\n\n\n<li><strong>Pote 4: <\/strong>Jord\u00e2nia | Cabo Verde | Gana | Cura\u00e7au | Haiti | Nova Zel\u00e2ndia | Vagas A, B, C e D da repescagem europeia | Vagas 1 e 2 do Torneio Classificat\u00f3rio da FIFA.<\/li>\n<\/ul>\n\n\n\n<p>\u00c9 v\u00e1lido destacar que cada grupo ter\u00e1 apenas uma sele\u00e7\u00e3o de cada confedera\u00e7\u00e3o, com exce\u00e7\u00e3o da UEFA. Isso porque o continente em quest\u00e3o contar\u00e1 com 16 representantes, o que possibilita que algumas reparti\u00e7\u00f5es tenham at\u00e9 duas equipes. Por fim, a FIFA definiu que os quatro times de maior ranking (Espanha, Argentina, Fran\u00e7a e Inglaterra) ficar\u00e3o em chaves opostas no sorteio.<\/p>\n\n\n\n<h2 class=\"wp-block-heading\">It\u00e1lia pode ficar novamente fora da Copa do Mundo<\/h2>\n\n\n\n<p>Apesar de ter acumulado quatro t\u00edtulos mundiais em sua estante, a Sele\u00e7\u00e3o Italiana n\u00e3o sabe o que \u00e9 disputar uma Copa do Mundo desde 2014, quando o Brasil recebeu o torneio. De l\u00e1 para c\u00e1, a Azzurra oscilou sob o comando de v\u00e1rios treinadores. Agora, ter\u00e1 a oportunidade de empatar com os brasileiros no n\u00famero de ta\u00e7as, mas para isso acontecer \u00e9 necess\u00e1rio vencer na repescagem.<\/p>\n\n\n\n<p><strong>Confira as equipes que ainda brigam por uma vaga:<\/strong><a href=\"https:\/\/globoplay.globo.com\/categorias\/lollapalooza\/\" target=\"_blank\" rel=\"noopener\"><\/a><\/p>\n\n\n\n<ul class=\"wp-block-list\">\n<li><strong>Europa A:<\/strong>&nbsp;It\u00e1lia, Irlanda do Norte, Pa\u00eds de Gales&nbsp;e&nbsp;B\u00f3snia;<\/li>\n\n\n\n<li><strong>Europa B<\/strong>: Ucr\u00e2nia, Su\u00e9cia, Pol\u00f4nia e&nbsp;Alb\u00e2nia;<\/li>\n\n\n\n<li><strong>Europa C:<\/strong>&nbsp;Turquia, Rom\u00eania, Eslov\u00e1quia&nbsp;e&nbsp;Kosovo;<\/li>\n\n\n\n<li><strong>Europa D:&nbsp;<\/strong>Rep\u00fablica Tcheca, Irlanda, Dinamarca e Maced\u00f4nia&nbsp;do&nbsp;Norte.<\/li>\n\n\n\n<li><strong>Intercontinental 1:<\/strong>&nbsp;RD Congo, Jamaica e Nova Caled\u00f4nia;<\/li>\n\n\n\n<li><strong>Intercontinental 2<\/strong>: Bol\u00edvia, Suriname&nbsp;e&nbsp;Iraque.<\/li>\n<\/ul>\n","protected":false},"excerpt":{"rendered":"<p>Por consequ\u00eancia de sua posi\u00e7\u00e3o no ranking das delega\u00e7\u00f5es, a Sele\u00e7\u00e3o Brasileira ser\u00e1 cabe\u00e7a de chave, podendo encontrar a It\u00e1lia na fase de grupos<\/p>\n","protected":false},"author":8,"featured_media":0,"comment_status":"open","ping_status":"open","sticky":false,"template":"","format":"standard","meta":{"jnews-multi-image_gallery":[],"jnews_single_post":{"format":"standard"},"jnews_primary_category":[],"jnews_social_meta":[],"footnotes":""},"categories":[1],"tags":[],"class_list":["post-21147","post","type-post","status-publish","format-standard","hentry","category-mix"],"_links":{"self":[{"href":"https:\/\/correiodoestado.audiencelabs.com.br\/wp-json\/wp\/v2\/posts\/21147","targetHints":{"allow":["GET"]}}],"collection":[{"href":"https:\/\/correiodoestado.audiencelabs.com.br\/wp-json\/wp\/v2\/posts"}],"about":[{"href":"https:\/\/correiodoestado.audiencelabs.com.br\/wp-json\/wp\/v2\/types\/post"}],"author":[{"embeddable":true,"href":"https:\/\/correiodoestado.audiencelabs.com.br\/wp-json\/wp\/v2\/users\/8"}],"replies":[{"embeddable":true,"href":"https:\/\/correiodoestado.audiencelabs.com.br\/wp-json\/wp\/v2\/comments?post=21147"}],"version-history":[{"count":2,"href":"https:\/\/correiodoestado.audiencelabs.com.br\/wp-json\/wp\/v2\/posts\/21147\/revisions"}],"predecessor-version":[{"id":21676,"href":"https:\/\/correiodoestado.audiencelabs.com.br\/wp-json\/wp\/v2\/posts\/21147\/revisions\/21676"}],"wp:attachment":[{"href":"https:\/\/correiodoestado.audiencelabs.com.br\/wp-json\/wp\/v2\/media?parent=21147"}],"wp:term":[{"taxonomy":"category","embeddable":true,"href":"https:\/\/correiodoestado.audiencelabs.com.br\/wp-json\/wp\/v2\/categories?post=21147"},{"taxonomy":"post_tag","embeddable":true,"href":"https:\/\/correiodoestado.audiencelabs.com.br\/wp-json\/wp\/v2\/tags?post=21147"}],"curies":[{"name":"wp","href":"https:\/\/api.w.org\/{rel}","templated":true}]}}