{"id":21350,"date":"2025-12-01T08:51:00","date_gmt":"2025-12-01T11:51:00","guid":{"rendered":"https:\/\/correiodoestado.audiencelabs.com.br\/?p=21350"},"modified":"2025-12-01T16:33:03","modified_gmt":"2025-12-01T19:33:03","slug":"leila-pereira-nao-perde-tempo-e-define-primeiro-reforco-do-palmeiras-para-2026","status":"publish","type":"post","link":"https:\/\/correiodoestado.audiencelabs.com.br\/leila-pereira-nao-perde-tempo-e-define-primeiro-reforco-do-palmeiras-para-2026\/","title":{"rendered":"Leila Pereira n\u00e3o perde tempo e define primeiro refor\u00e7o do Palmeiras para 2026"},"content":{"rendered":"\n<p>Reconhecendo as car\u00eancias encontradas na atual temporada, o departamento de futebol do <a href=\"https:\/\/correiodoestado.com.br\/mix\/jogador-do-flamengo-revela-tratativas-com-o-palmeiras-logo-antes-da-final-da-libertadores\/\" target=\"_blank\" rel=\"noopener\">Palmeiras <\/a>iniciou o mapeamento em fun\u00e7\u00e3o da contrata\u00e7\u00e3o de um novo jogador. Para o in\u00edcio de 2025, o alviverde paulista deseja anunciar o desembarque de um primeiro volante. Isso porque An\u00edbal Moreno e Emiliano Mart\u00ednez n\u00e3o corresponderam \u00e0s expectativas da dire\u00e7\u00e3o. <\/p>\n\n\n\n<p>A princ\u00edpio, a dupla mostrou as credenciais no in\u00edcio da temporada, mas declinou conforme os meses foram passando. Atualmente, a quest\u00e3o f\u00edsica do argentino \u00e9 uma das maiores preocupa\u00e7\u00f5es do Palmeiras, principalmente por ocupar a titularidade. Por sua vez, Mart\u00ednez n\u00e3o agrada Abel Ferreira, sendo preterido at\u00e9 mesmo por Bruno Fuchs, que deixou de ser zagueiro, em algumas oportunidades, para ser volante.<\/p>\n\n\n\n<figure class=\"wp-block-image size-full\"><img loading=\"lazy\" decoding=\"async\" width=\"1000\" height=\"563\" src=\"https:\/\/correiodoestado.audiencelabs.com.br\/wp-content\/uploads\/2025\/11\/transferir-4.webp\" alt=\"\" class=\"wp-image-21373\" srcset=\"https:\/\/correiodoestado.audiencelabs.com.br\/wp-content\/uploads\/2025\/11\/transferir-4.webp 1000w, https:\/\/correiodoestado.audiencelabs.com.br\/wp-content\/uploads\/2025\/11\/transferir-4-300x169.webp 300w, https:\/\/correiodoestado.audiencelabs.com.br\/wp-content\/uploads\/2025\/11\/transferir-4-768x432.webp 768w, https:\/\/correiodoestado.audiencelabs.com.br\/wp-content\/uploads\/2025\/11\/transferir-4-750x422.webp 750w\" sizes=\"auto, (max-width: 1000px) 100vw, 1000px\" \/><figcaption class=\"wp-element-caption\">Cr\u00e9ditos: Cesar Grego\/SEP<\/figcaption><\/figure>\n\n\n\n<p>O detalhe crucial \u00e9 que o Verd\u00e3o perdeu explos\u00e3o instantaneamente com a sa\u00edda de Richard R\u00edos. Em resumo, o colombiano foi vendido ao Benfica por 30 milh\u00f5es de euros fixos (R$ 194 milh\u00f5es na cota\u00e7\u00e3o da \u00e9poca). Agora, com o Campeonato Brasileiro 2026 come\u00e7ando no final de janeiro, a tend\u00eancia \u00e9 que novas pe\u00e7as sejam apresentadas aos torcedores.<\/p>\n\n\n\n<p>A ideal da presidente Leila Pereira \u00e9 n\u00e3o cometer o mesmo erro da atual temporada, quando investiu mais de R$ 700 milh\u00f5es em jogadores que n\u00e3o renderam o esperado. Dos oito refor\u00e7os anunciados, Vitor Roque foi o que mais correspondeu \u00e0 altura. Comprado junto ao Barcelona por 25,5 milh\u00f5es de euros (R$ 157,8 milh\u00f5es), o atacante \u00e9 o artilheiro da S\u00e9rie A.<\/p>\n\n\n\n<h2 class=\"wp-block-heading\">Abel Ferreira define o futuro no Palmeiras<\/h2>\n\n\n\n<p>Embora tenha evitado falar sobre seu futuro por diversas vezes, Abel Ferreira finalmente bateu o martelo e decidiu ficar no Palmeiras. Mesmo n\u00e3o tendo renovado seu contrato at\u00e9 o final de 2027, o portugu\u00eas fez quest\u00e3o de tranquilizar os torcedores. Segundo ele, n\u00e3o h\u00e1 outro lugar em que gostaria de estar sen\u00e3o no maior campe\u00e3o da hist\u00f3ria do Brasileir\u00e3o.<\/p>\n\n\n\n<p>&#8220;A presidente queria que eu ficasse, n\u00e3o tenho problema de dizer que vou continuar no\u00a0Palmeiras, ponto. N\u00e3o preciso de papel assinado. Ela sabe quem eu sou, eu sei quem ela \u00e9. Pelos cinco anos de rela\u00e7\u00f5es que temos, n\u00e3o preciso de contrato para dizer que continuo ou n\u00e3o continuo no\u00a0Palmeiras. Sou claro no que estou a dizer. Nos adaptamos, minha fam\u00edlia gosta de estar aqui, gosto das pessoas, da equipe que constru\u00ed&#8221;, cravou.<\/p>\n","protected":false},"excerpt":{"rendered":"<p>Reconhecendo as car\u00eancias encontradas na atual temporada, o departamento de futebol do Palmeiras iniciou o mapeamento em fun\u00e7\u00e3o da contrata\u00e7\u00e3o de um novo jogador<\/p>\n","protected":false},"author":8,"featured_media":21587,"comment_status":"open","ping_status":"open","sticky":false,"template":"","format":"standard","meta":{"jnews-multi-image_gallery":[],"jnews_single_post":{"format":"standard"},"jnews_primary_category":[],"jnews_social_meta":[],"footnotes":""},"categories":[1],"tags":[],"class_list":["post-21350","post","type-post","status-publish","format-standard","has-post-thumbnail","hentry","category-mix"],"_links":{"self":[{"href":"https:\/\/correiodoestado.audiencelabs.com.br\/wp-json\/wp\/v2\/posts\/21350","targetHints":{"allow":["GET"]}}],"collection":[{"href":"https:\/\/correiodoestado.audiencelabs.com.br\/wp-json\/wp\/v2\/posts"}],"about":[{"href":"https:\/\/correiodoestado.audiencelabs.com.br\/wp-json\/wp\/v2\/types\/post"}],"author":[{"embeddable":true,"href":"https:\/\/correiodoestado.audiencelabs.com.br\/wp-json\/wp\/v2\/users\/8"}],"replies":[{"embeddable":true,"href":"https:\/\/correiodoestado.audiencelabs.com.br\/wp-json\/wp\/v2\/comments?post=21350"}],"version-history":[{"count":1,"href":"https:\/\/correiodoestado.audiencelabs.com.br\/wp-json\/wp\/v2\/posts\/21350\/revisions"}],"predecessor-version":[{"id":21375,"href":"https:\/\/correiodoestado.audiencelabs.com.br\/wp-json\/wp\/v2\/posts\/21350\/revisions\/21375"}],"wp:featuredmedia":[{"embeddable":true,"href":"https:\/\/correiodoestado.audiencelabs.com.br\/wp-json\/wp\/v2\/media\/21587"}],"wp:attachment":[{"href":"https:\/\/correiodoestado.audiencelabs.com.br\/wp-json\/wp\/v2\/media?parent=21350"}],"wp:term":[{"taxonomy":"category","embeddable":true,"href":"https:\/\/correiodoestado.audiencelabs.com.br\/wp-json\/wp\/v2\/categories?post=21350"},{"taxonomy":"post_tag","embeddable":true,"href":"https:\/\/correiodoestado.audiencelabs.com.br\/wp-json\/wp\/v2\/tags?post=21350"}],"curies":[{"name":"wp","href":"https:\/\/api.w.org\/{rel}","templated":true}]}}