{"id":21610,"date":"2025-12-06T15:57:00","date_gmt":"2025-12-06T18:57:00","guid":{"rendered":"https:\/\/correiodoestado.audiencelabs.com.br\/?p=21610"},"modified":"2025-12-06T07:37:19","modified_gmt":"2025-12-06T10:37:19","slug":"novo-fenomeno-climatico-promete-deixar-o-proximo-verao-bem-diferente-do-que-estavamos-acostumados","status":"publish","type":"post","link":"https:\/\/correiodoestado.audiencelabs.com.br\/novo-fenomeno-climatico-promete-deixar-o-proximo-verao-bem-diferente-do-que-estavamos-acostumados\/","title":{"rendered":"Novo fen\u00f4meno clim\u00e1tico promete deixar o pr\u00f3ximo ver\u00e3o bem diferente do que est\u00e1vamos acostumados"},"content":{"rendered":"\n<p>Segundo o Instituto Nacional de Meteorologia (Inmet), no dia 21 de dezembro, \u00e0s 12h03 (hor\u00e1rio de Bras\u00edlia), o <a href=\"https:\/\/correiodoestado.com.br\/mix\/revelado-porque-escurece-mais-tarde-durante-o-verao\/\" target=\"_blank\" rel=\"noopener\">ver\u00e3o <\/a>entrar\u00e1 em vig\u00eancia no pa\u00eds. Por ser uma das esta\u00e7\u00f5es mais prestigiadas, tende a sempre atrair turistas em dire\u00e7\u00e3o a lugares paradis\u00edacos, como praias. No entanto, a La Ni\u00f1a, fen\u00f4meno clim\u00e1tico, promete impactar o clima no per\u00edodo em quest\u00e3o.<\/p>\n\n\n\n<p>Cientistas confirmaram o in\u00edcio do solst\u00edcio de ver\u00e3o, que consiste na presen\u00e7a do sol atingindo seu ponto mais alto no c\u00e9u. Como resposta ao movimento natural, o dia ser\u00e1 o mais longo do ano, potencializado pelo resfriamento das \u00e1guas do Oceano Pac\u00edfico. Assim, o fen\u00f4meno trabalha alterando o regime de chuvas e de temperaturas.<\/p>\n\n\n\n<figure class=\"wp-block-image size-large\"><img loading=\"lazy\" decoding=\"async\" width=\"1024\" height=\"613\" src=\"https:\/\/correiodoestado.audiencelabs.com.br\/wp-content\/uploads\/2025\/12\/praia_calor_160120_mg_12065661-1024x613.webp\" alt=\"\" class=\"wp-image-21611\" srcset=\"https:\/\/correiodoestado.audiencelabs.com.br\/wp-content\/uploads\/2025\/12\/praia_calor_160120_mg_12065661-1024x613.webp 1024w, https:\/\/correiodoestado.audiencelabs.com.br\/wp-content\/uploads\/2025\/12\/praia_calor_160120_mg_12065661-300x179.webp 300w, https:\/\/correiodoestado.audiencelabs.com.br\/wp-content\/uploads\/2025\/12\/praia_calor_160120_mg_12065661-768x459.webp 768w, https:\/\/correiodoestado.audiencelabs.com.br\/wp-content\/uploads\/2025\/12\/praia_calor_160120_mg_12065661-750x449.webp 750w, https:\/\/correiodoestado.audiencelabs.com.br\/wp-content\/uploads\/2025\/12\/praia_calor_160120_mg_12065661-1140x682.webp 1140w, https:\/\/correiodoestado.audiencelabs.com.br\/wp-content\/uploads\/2025\/12\/praia_calor_160120_mg_12065661.webp 1170w\" sizes=\"auto, (max-width: 1024px) 100vw, 1024px\" \/><figcaption class=\"wp-element-caption\">Cr\u00e9ditos: Reprodu\u00e7\u00e3o\/Freepik<\/figcaption><\/figure>\n\n\n\n<p>Em outras palavras, a La Ni\u00f1a deve trazer um ver\u00e3o mais chuvoso para grande parte do Brasil, especialmente no Centro-Oeste, Sudeste, Norte e Nordeste. Por outro lado, a Regi\u00e3o Sul, Mato Grosso do Sul e o Sert\u00e3o Nordestino ter\u00e3o per\u00edodos mais secos e temperaturas acima da m\u00e9dia. Toda a fa\u00e7anha pode comprometer os planejamentos de grande parcela de turistas.<\/p>\n\n\n\n<h2 class=\"wp-block-heading\">O que esperar do pr\u00f3ximo ver\u00e3o?<\/h2>\n\n\n\n<p>Conforme dados divulgados pela Administra\u00e7\u00e3o Nacional Oce\u00e2nica e Atmosf\u00e9rica dos Estados Unidos (NOAA), a La Ni\u00f1a de 2025 apresentar\u00e1 intensidade fraca, com 70% de probabilidade de se manter at\u00e9 fevereiro de 2026. Portanto, a esta\u00e7\u00e3o mais aguardada da temporada pode ser at\u00edpica, com a presen\u00e7a de frio e chuvas acima da m\u00e9dia.<\/p>\n\n\n\n<p>A tend\u00eancia \u00e9 que a interfer\u00eancia do fen\u00f4meno natural perca gradualmente sua for\u00e7a a partir do primeiro trimestre do pr\u00f3ximo ano. Dessa forma, estima-se que os meses de dezembro e janeiro ir\u00e3o registrar dias mais nublados, chuvas cont\u00ednuas e a presen\u00e7a de massas de ar polar tardias. No mais, a expectativa \u00e9 que as temperaturas fiquem abaixo da m\u00e9dia em v\u00e1rias regi\u00f5es do Brasil.<\/p>\n\n\n\n<h2 class=\"wp-block-heading\">Quais regi\u00f5es ser\u00e3o mais quentes?<\/h2>\n\n\n\n<p>Para aquelas pessoas que n\u00e3o abrem m\u00e3o de aproveitar o calor do ver\u00e3o, pesquisas recentes comprovaram que algumas partes do Brasil n\u00e3o ser\u00e3o prejudicadas pelo fen\u00f4meno clim\u00e1tico. Conforme os dados preliminares do Instituto Nacional de Meteorologia, as regi\u00f5es mais propensas ao calor\u00e3o s\u00e3o: regi\u00e3o Sul, Mato Grosso do Sul e o sert\u00e3o nordestino.<\/p>\n\n\n\n<p>Para uma melhor compreens\u00e3o, as chuvas ser\u00e3o menos frequentes, garantindo um c\u00e9u mais aberto, que favorece o aumento expressivo das temperaturas. Por sua vez, entre janeiro  fevereiro, os dias seguidos de calor intenso ser\u00e3o destaques na \u00e1reas de clima tropical. Por fim, \u00e9 v\u00e1lido destacar que a intensidade do clima depender\u00e1 da evolu\u00e7\u00e3o da esta\u00e7\u00e3o chuvosa e da frequ\u00eancia desses per\u00edodos secos ao longo do ver\u00e3o.<\/p>\n","protected":false},"excerpt":{"rendered":"<p>Segundo o Instituto Nacional de Meteorologia (Inmet), no dia 21 de dezembro, \u00e0s 12h03 (hor\u00e1rio de Bras\u00edlia), o ver\u00e3o entrar\u00e1 em vig\u00eancia no pa\u00eds<\/p>\n","protected":false},"author":8,"featured_media":21612,"comment_status":"open","ping_status":"open","sticky":false,"template":"","format":"standard","meta":{"jnews-multi-image_gallery":[],"jnews_single_post":{"format":"standard"},"jnews_primary_category":[],"jnews_social_meta":[],"footnotes":""},"categories":[1],"tags":[],"class_list":["post-21610","post","type-post","status-publish","format-standard","has-post-thumbnail","hentry","category-mix"],"_links":{"self":[{"href":"https:\/\/correiodoestado.audiencelabs.com.br\/wp-json\/wp\/v2\/posts\/21610","targetHints":{"allow":["GET"]}}],"collection":[{"href":"https:\/\/correiodoestado.audiencelabs.com.br\/wp-json\/wp\/v2\/posts"}],"about":[{"href":"https:\/\/correiodoestado.audiencelabs.com.br\/wp-json\/wp\/v2\/types\/post"}],"author":[{"embeddable":true,"href":"https:\/\/correiodoestado.audiencelabs.com.br\/wp-json\/wp\/v2\/users\/8"}],"replies":[{"embeddable":true,"href":"https:\/\/correiodoestado.audiencelabs.com.br\/wp-json\/wp\/v2\/comments?post=21610"}],"version-history":[{"count":2,"href":"https:\/\/correiodoestado.audiencelabs.com.br\/wp-json\/wp\/v2\/posts\/21610\/revisions"}],"predecessor-version":[{"id":22652,"href":"https:\/\/correiodoestado.audiencelabs.com.br\/wp-json\/wp\/v2\/posts\/21610\/revisions\/22652"}],"wp:featuredmedia":[{"embeddable":true,"href":"https:\/\/correiodoestado.audiencelabs.com.br\/wp-json\/wp\/v2\/media\/21612"}],"wp:attachment":[{"href":"https:\/\/correiodoestado.audiencelabs.com.br\/wp-json\/wp\/v2\/media?parent=21610"}],"wp:term":[{"taxonomy":"category","embeddable":true,"href":"https:\/\/correiodoestado.audiencelabs.com.br\/wp-json\/wp\/v2\/categories?post=21610"},{"taxonomy":"post_tag","embeddable":true,"href":"https:\/\/correiodoestado.audiencelabs.com.br\/wp-json\/wp\/v2\/tags?post=21610"}],"curies":[{"name":"wp","href":"https:\/\/api.w.org\/{rel}","templated":true}]}}