{"id":21760,"date":"2025-12-02T13:50:00","date_gmt":"2025-12-02T16:50:00","guid":{"rendered":"https:\/\/correiodoestado.audiencelabs.com.br\/?p=21760"},"modified":"2025-12-02T09:02:06","modified_gmt":"2025-12-02T12:02:06","slug":"ancelotti-revela-para-todo-o-brasil-quais-sao-os-2-jogadores-confirmados-na-copa-do-mundo","status":"publish","type":"post","link":"https:\/\/correiodoestado.audiencelabs.com.br\/ancelotti-revela-para-todo-o-brasil-quais-sao-os-2-jogadores-confirmados-na-copa-do-mundo\/","title":{"rendered":"Ancelotti revela para todo o Brasil quais s\u00e3o os 2 jogadores confirmados na Copa do Mundo"},"content":{"rendered":"\n<p>Restando seis meses para o in\u00edcio da <a href=\"https:\/\/correiodoestado.com.br\/mix\/selecao-italiana-recebe-pessima-noticia-e-encontro-com-carlo-ancelotti-e-previsto-na-copa-do-mundo\/\" target=\"_blank\" rel=\"noopener\">Copa do Mundo de 2026<\/a>, Carlo Ancelotti ainda n\u00e3o decretou qual ser\u00e1 a base da Sele\u00e7\u00e3o Brasileira em fun\u00e7\u00e3o do torneio organizado pela FIFA. Contrariando as expectativas, em entrevista cedida ao programa &#8220;Esporte Record&#8221;, o italiano abriu o jogo sobre dois atletas que estar\u00e3o no pr\u00f3ximo ciclo. <\/p>\n\n\n\n<p>Analisando toda a sua trajet\u00f3ria \u00e0 frente da \u00fanica delega\u00e7\u00e3o pentacampe\u00e3 mundial, Carletto n\u00e3o escondeu a admira\u00e7\u00e3o por Est\u00eav\u00e3o e Vin\u00edcius J\u00fanior. O primeiro consolidou-se como o artilheiro da era Ancelotti, enquanto o cria do Flamengo trabalhou com o treinador no Real Madrid. Para o comandante, a dupla \u00e9 a \u00fanica certeza para o mundial do pr\u00f3ximo ano.<\/p>\n\n\n\n<figure class=\"wp-block-image size-full\"><img loading=\"lazy\" decoding=\"async\" width=\"799\" height=\"527\" src=\"https:\/\/correiodoestado.audiencelabs.com.br\/wp-content\/uploads\/2025\/12\/54925886130_26e32478f9_c.jpg\" alt=\"\" class=\"wp-image-21762\" srcset=\"https:\/\/correiodoestado.audiencelabs.com.br\/wp-content\/uploads\/2025\/12\/54925886130_26e32478f9_c.jpg 799w, https:\/\/correiodoestado.audiencelabs.com.br\/wp-content\/uploads\/2025\/12\/54925886130_26e32478f9_c-300x198.jpg 300w, https:\/\/correiodoestado.audiencelabs.com.br\/wp-content\/uploads\/2025\/12\/54925886130_26e32478f9_c-768x507.jpg 768w, https:\/\/correiodoestado.audiencelabs.com.br\/wp-content\/uploads\/2025\/12\/54925886130_26e32478f9_c-750x495.jpg 750w\" sizes=\"auto, (max-width: 799px) 100vw, 799px\" \/><figcaption class=\"wp-element-caption\">Cr\u00e9ditos: Rafael Ribeiro\/CBF<\/figcaption><\/figure>\n\n\n\n<p>&#8220;O Est\u00eav\u00e3o vai estar na Copa do Mundo. \u00c9 um jogador muito especial, muito diferente. Ele est\u00e1 progredindo muito bem no Chelsea. E o Vinicius J\u00fanior, com certeza, vai fazer uma grande temporada, como as \u00faltimas que j\u00e1 fez no Real Madrid. Ele chegar\u00e1 muito bem na Copa do Mundo. O Vinicius vai para a Copa&#8221;, revelou o comandante da Sele\u00e7\u00e3o.<\/p>\n\n\n\n<p>Conforme a Confedera\u00e7\u00e3o Brasileira de Futebol (CBF), alguns amistosos ser\u00e3o marcados na pr\u00f3xima temporada, fa\u00e7anha que ir\u00e1 auxiliar a comiss\u00e3o t\u00e9cnica a fechar o elenco. A princ\u00edpio, a ideia \u00e9 colocar a delega\u00e7\u00e3o de Carlo Ancelotti para encarar duas equipes europeias em mar\u00e7o de 2026. Posteriormente, a \u00faltima Data FIFA definir\u00e1 os escolhidos pelo italiano.<\/p>\n\n\n\n<h2 class=\"wp-block-heading\">Sorteio da Copa do Mundo<\/h2>\n\n\n\n<p>Na pr\u00f3xima sexta-feira (5), \u00e0s 14h (hor\u00e1rio de Bras\u00edlia), o sorteio da fase de grupos do mundial ser\u00e1 realizado nos Estados Unidos. De acordo com as regras da FIFA, as 48 equipes ser\u00e3o repartidas em 12 agrupamentos, com quatro sele\u00e7\u00e3o cada. Por sua vez, o Brasil n\u00e3o corre o risco de enfrentar, antes do mata-mata, os melhores ranqueados, nem tampouco os pa\u00edses-sede.<\/p>\n\n\n\n<p><strong>Confira a defini\u00e7\u00e3o dos potes:<\/strong><\/p>\n\n\n\n<ul class=\"wp-block-list\">\n<li><strong>Pote 1:\u00a0<\/strong>Canad\u00e1, M\u00e9xico, Estados Unidos, Espanha, Argentina, Fran\u00e7a, Inglaterra, Brasil, Portugal, Holanda, B\u00e9lgica e Alemanha;<\/li>\n\n\n\n<li><strong>Pote 2:\u00a0<\/strong>Cro\u00e1cia, Marrocos, Col\u00f4mbia, Uruguai, Su\u00ed\u00e7a, Jap\u00e3o, Senegal, Ir\u00e3, Coreia do Sul, Equador, \u00c1ustria e Austr\u00e1lia;<\/li>\n\n\n\n<li><strong>Pote 3:\u00a0<\/strong>Noruega, Panam\u00e1, Egito, Arg\u00e9lia, Esc\u00f3cia, Paraguai, Tun\u00edsia, Costa do Marfim, Uzbequist\u00e3o, Catar, Ar\u00e1bia Saudita e \u00c1frica do Sul;<\/li>\n\n\n\n<li><strong>Pote 4:\u00a0<\/strong>Jord\u00e2nia, Cabo Verde, Gana, Cura\u00e7ao, Haiti, Nova Zel\u00e2ndia, Repescagem Europa A, Repescagem Europa B, Repescagem Europa C, Repescagem Europa D, Repescagem Intercontinental 1, Repescagem Intercontinental 2.<\/li>\n<\/ul>\n","protected":false},"excerpt":{"rendered":"<p>Restando seis meses para o in\u00edcio da Copa do Mundo de 2026, Carlo Ancelotti abriu o jogo sobre duas pe\u00e7as que est\u00e3o com passaporte carimbado para o torneio da FIFA<\/p>\n","protected":false},"author":8,"featured_media":21763,"comment_status":"open","ping_status":"open","sticky":false,"template":"","format":"standard","meta":{"jnews-multi-image_gallery":[],"jnews_single_post":{"format":"standard"},"jnews_primary_category":[],"jnews_social_meta":[],"footnotes":""},"categories":[1],"tags":[],"class_list":["post-21760","post","type-post","status-publish","format-standard","has-post-thumbnail","hentry","category-mix"],"_links":{"self":[{"href":"https:\/\/correiodoestado.audiencelabs.com.br\/wp-json\/wp\/v2\/posts\/21760","targetHints":{"allow":["GET"]}}],"collection":[{"href":"https:\/\/correiodoestado.audiencelabs.com.br\/wp-json\/wp\/v2\/posts"}],"about":[{"href":"https:\/\/correiodoestado.audiencelabs.com.br\/wp-json\/wp\/v2\/types\/post"}],"author":[{"embeddable":true,"href":"https:\/\/correiodoestado.audiencelabs.com.br\/wp-json\/wp\/v2\/users\/8"}],"replies":[{"embeddable":true,"href":"https:\/\/correiodoestado.audiencelabs.com.br\/wp-json\/wp\/v2\/comments?post=21760"}],"version-history":[{"count":1,"href":"https:\/\/correiodoestado.audiencelabs.com.br\/wp-json\/wp\/v2\/posts\/21760\/revisions"}],"predecessor-version":[{"id":21764,"href":"https:\/\/correiodoestado.audiencelabs.com.br\/wp-json\/wp\/v2\/posts\/21760\/revisions\/21764"}],"wp:featuredmedia":[{"embeddable":true,"href":"https:\/\/correiodoestado.audiencelabs.com.br\/wp-json\/wp\/v2\/media\/21763"}],"wp:attachment":[{"href":"https:\/\/correiodoestado.audiencelabs.com.br\/wp-json\/wp\/v2\/media?parent=21760"}],"wp:term":[{"taxonomy":"category","embeddable":true,"href":"https:\/\/correiodoestado.audiencelabs.com.br\/wp-json\/wp\/v2\/categories?post=21760"},{"taxonomy":"post_tag","embeddable":true,"href":"https:\/\/correiodoestado.audiencelabs.com.br\/wp-json\/wp\/v2\/tags?post=21760"}],"curies":[{"name":"wp","href":"https:\/\/api.w.org\/{rel}","templated":true}]}}