{"id":21966,"date":"2025-12-03T13:48:00","date_gmt":"2025-12-03T16:48:00","guid":{"rendered":"https:\/\/correiodoestado.audiencelabs.com.br\/?p=21966"},"modified":"2025-12-04T17:38:31","modified_gmt":"2025-12-04T20:38:31","slug":"atleta-6-vezes-melhor-do-mundo-negocia-com-a-globo-para-ser-comentarista-na-copa-do-mundo","status":"publish","type":"post","link":"https:\/\/correiodoestado.audiencelabs.com.br\/atleta-6-vezes-melhor-do-mundo-negocia-com-a-globo-para-ser-comentarista-na-copa-do-mundo\/","title":{"rendered":"Atleta 6 vezes melhor do mundo negocia com a Globo para ser comentarista na Copa do Mundo"},"content":{"rendered":"\n<p>Ap\u00f3s adquirir os direitos de transmiss\u00e3o da <a href=\"https:\/\/correiodoestado.com.br\/mix\/ancelotti-revela-para-todo-o-brasil-quais-sao-os-2-jogadores-confirmados-na-copa-do-mundo\/\" target=\"_blank\" rel=\"noopener\">Copa do Mundo de 2026<\/a>, o Grupo Globo iniciou o planejamento em fun\u00e7\u00e3o da montagem do quadro de comentaristas. Para atrair novos telespectadores, a dire\u00e7\u00e3o deseja contar com a presen\u00e7a de Marta. A jogadora do Orlando Pride e da Sele\u00e7\u00e3o Brasileira \u00e9 a maior vencedora do France Football Ballon D&#8217;Or, que elege os melhores jogadores do planeta.<\/p>\n\n\n\n<p>Por determina\u00e7\u00e3o da FIFA, todas as competi\u00e7\u00f5es ser\u00e3o paralisadas durante a Copa do Mundo, o que n\u00e3o implicar\u00e1 preju\u00edzos ao calend\u00e1rio de atividades de Marta. A princ\u00edpio, nenhum martelo foi batido, mas as conversas com a Globo est\u00e3o avan\u00e7adas. Al\u00e9m da multicampe\u00e3, o canal est\u00e1 interessado na chegada de Cristiane Rozeira para comentar os jogos do mundial.&nbsp;<\/p>\n\n\n\n<figure class=\"wp-block-image size-full\"><img loading=\"lazy\" decoding=\"async\" width=\"675\" height=\"450\" src=\"https:\/\/correiodoestado.audiencelabs.com.br\/wp-content\/uploads\/2025\/12\/1_marta-28517475.webp\" alt=\"\" class=\"wp-image-21997\" srcset=\"https:\/\/correiodoestado.audiencelabs.com.br\/wp-content\/uploads\/2025\/12\/1_marta-28517475.webp 675w, https:\/\/correiodoestado.audiencelabs.com.br\/wp-content\/uploads\/2025\/12\/1_marta-28517475-300x200.webp 300w\" sizes=\"auto, (max-width: 675px) 100vw, 675px\" \/><figcaption class=\"wp-element-caption\">Cr\u00e9dito: Thais Magalh\u00e3es\/CBF<\/figcaption><\/figure>\n\n\n\n<p>\u00c9 v\u00e1lido destacar que essa n\u00e3o \u00e9 a primeira vez que a principal emissora do pa\u00eds tenta contratar a jogadora mais hist\u00f3rica da Sele\u00e7\u00e3o Brasileira Feminina. Em 2022, a empresa entregou uma proposta para a atacante cobrir a Copa do Mundo do Catar, mas compromissos profissionais impediram de aceitar o convite. Em contrapartida, Cristiane j\u00e1 conta com experi\u00eancia na fun\u00e7\u00e3o e j\u00e1 foi comentarista da Globo nos Jogos Ol\u00edmpicos de 2021 e de 2024.<\/p>\n\n\n\n<p>O pacote adquirido pela Globo contempla a transmiss\u00e3o de 54 partidas na TV aberta e no SporTV, seu ve\u00edculo esportivo por assinatura. Enquanto isso, a Caz\u00e9TV, no YouTube, far\u00e1 a cobertura de todos os 104 jogos da principal competi\u00e7\u00e3o organizada pela FIFA. No mais, SBT e NSports, empresa que tem Galv\u00e3o Bueno como s\u00f3cio, fecharam parceria para a exibi\u00e7\u00e3o de alguns duelos de forma conjunta.&nbsp;<\/p>\n\n\n\n<h2 class=\"wp-block-heading\">Sorteio da Copa do Mundo<\/h2>\n\n\n\n<p>Nesta sexta-feira (5), o sorteio dos grupos da Copa do Mundo de 2026 ser\u00e1 realizado em&nbsp;Washington, nos Estados Unidos, a partir das 14h (hor\u00e1rio de Bras\u00edlia). Realocado ao Pote 1, o Brasil n\u00e3o corre o risco de enfrentar as melhores sele\u00e7\u00f5es no ranking da FIFA antes do mata-mata. Por\u00e9m, \u00e9 v\u00e1lido destacar que locais e hor\u00e1rios das partidas somente ser\u00e3o revelados no s\u00e1bado (6).&nbsp;<\/p>\n\n\n\n<p>Confira todos os potes:<\/p>\n\n\n\n<ul class=\"wp-block-list\">\n<li>Pote 1: Canad\u00e1, M\u00e9xico, Estados Unidos, Espanha, Argentina, Fran\u00e7a, Inglaterra, Brasil, Portugal, Holanda, B\u00e9lgica e Alemanha;<\/li>\n\n\n\n<li>Pote 2: Cro\u00e1cia, Marrocos, Col\u00f4mbia, Uruguai, Su\u00ed\u00e7a, Jap\u00e3o, Senegal, Ir\u00e3, Coreia do Sul, Equador, \u00c1ustria e Austr\u00e1lia;<\/li>\n\n\n\n<li>Pote 3: Noruega, Panam\u00e1, Egito, Arg\u00e9lia, Esc\u00f3cia, Paraguai, Tun\u00edsia, Costa do Marfim, Uzbequist\u00e3o, Catar, Ar\u00e1bia Saudita e \u00c1frica do Sul<\/li>\n\n\n\n<li>Pote 4: Jord\u00e2nia, Cabo Verde, Gana, Cura\u00e7ao, Haiti, Nova Zel\u00e2ndia, Repescagem Europa A, Repescagem Europa B, Repescagem Europa C, Repescagem Europa D, Repescagem Intercontinental 1, Repescagem Intercontinental 2.<\/li>\n<\/ul>\n","protected":false},"excerpt":{"rendered":"<p>Ap\u00f3s adquirir os direitos de transmiss\u00e3o da Copa do Mundo de 2026, o Grupo Globo iniciou o planejamento em fun\u00e7\u00e3o da montagem do quadro de comentaristas<\/p>\n","protected":false},"author":8,"featured_media":21998,"comment_status":"open","ping_status":"open","sticky":false,"template":"","format":"standard","meta":{"jnews-multi-image_gallery":[],"jnews_single_post":{"format":"standard"},"jnews_primary_category":[],"jnews_social_meta":[],"footnotes":""},"categories":[1],"tags":[],"class_list":["post-21966","post","type-post","status-publish","format-standard","has-post-thumbnail","hentry","category-mix"],"_links":{"self":[{"href":"https:\/\/correiodoestado.audiencelabs.com.br\/wp-json\/wp\/v2\/posts\/21966","targetHints":{"allow":["GET"]}}],"collection":[{"href":"https:\/\/correiodoestado.audiencelabs.com.br\/wp-json\/wp\/v2\/posts"}],"about":[{"href":"https:\/\/correiodoestado.audiencelabs.com.br\/wp-json\/wp\/v2\/types\/post"}],"author":[{"embeddable":true,"href":"https:\/\/correiodoestado.audiencelabs.com.br\/wp-json\/wp\/v2\/users\/8"}],"replies":[{"embeddable":true,"href":"https:\/\/correiodoestado.audiencelabs.com.br\/wp-json\/wp\/v2\/comments?post=21966"}],"version-history":[{"count":3,"href":"https:\/\/correiodoestado.audiencelabs.com.br\/wp-json\/wp\/v2\/posts\/21966\/revisions"}],"predecessor-version":[{"id":22342,"href":"https:\/\/correiodoestado.audiencelabs.com.br\/wp-json\/wp\/v2\/posts\/21966\/revisions\/22342"}],"wp:featuredmedia":[{"embeddable":true,"href":"https:\/\/correiodoestado.audiencelabs.com.br\/wp-json\/wp\/v2\/media\/21998"}],"wp:attachment":[{"href":"https:\/\/correiodoestado.audiencelabs.com.br\/wp-json\/wp\/v2\/media?parent=21966"}],"wp:term":[{"taxonomy":"category","embeddable":true,"href":"https:\/\/correiodoestado.audiencelabs.com.br\/wp-json\/wp\/v2\/categories?post=21966"},{"taxonomy":"post_tag","embeddable":true,"href":"https:\/\/correiodoestado.audiencelabs.com.br\/wp-json\/wp\/v2\/tags?post=21966"}],"curies":[{"name":"wp","href":"https:\/\/api.w.org\/{rel}","templated":true}]}}